{"id":45941,"date":"2025-04-18T08:23:55","date_gmt":"2025-04-18T08:23:55","guid":{"rendered":"https:\/\/historiografija.hr\/?p=45941"},"modified":"2025-04-18T08:23:55","modified_gmt":"2025-04-18T08:23:55","slug":"filip-novosel-zivot-dalmatinskoga-grada-u-17-stoljecu-drustvo-i-svakodnevica-zadra-u-pozadini-vojnih-zbivanja-za-vrijeme-kandijskoga-rata-1645-1669","status":"publish","type":"post","link":"https:\/\/historiografija.hr\/?p=45941","title":{"rendered":"Filip Novosel, \u201e\u017divot dalmatinskoga grada u 17. stolje\u0107u. Dru\u0161tvo i svakodnevica Zadra u pozadini vojnih zbivanja za vrijeme Kandijskoga rata (1645. \u2013 1669.)\u201c"},"content":{"rendered":"\n<p>Filip Novosel<\/p>\n\n\n\n<p>\u017divot dalmatinskoga grada u 17. stolje\u0107u<\/p>\n\n\n\n<p>Dru\u0161tvo i svakodnevica Zadra u pozadini vojnih zbivanja za vrijeme Kandijskoga rata (1645. \u2013 1669.)<\/p>\n\n\n\n<p>Hrvatski institut za povijest \u2013 Dr\u017eavni arhiv u Zadru<\/p>\n\n\n\n<p>Godina izdanja: 2024.<\/p>\n\n\n\n<p>Op\u0161irnije:<\/p>\n\n\n\n<figure class=\"wp-block-embed is-type-wp-embed is-provider-hipzg wp-block-embed-hipzg\"><div class=\"wp-block-embed__wrapper\">\n<blockquote class=\"wp-embedded-content\" data-secret=\"YfybdBn367\"><a href=\"https:\/\/www.hipzg.hr\/proizvod\/zivot-dalmatinskoga-grada-u-17-stoljecu\/\">\u017dIVOT DALMATINSKOGA GRADA U 17. STOLJE\u0106U<\/a><\/blockquote><iframe loading=\"lazy\" class=\"wp-embedded-content\" sandbox=\"allow-scripts\" security=\"restricted\" style=\"position: absolute; visibility: hidden;\" title=\"&#8220;\u017dIVOT DALMATINSKOGA GRADA U 17. STOLJE\u0106U&#8221; &#8212; HIPZG\" src=\"https:\/\/www.hipzg.hr\/proizvod\/zivot-dalmatinskoga-grada-u-17-stoljecu\/embed\/#?secret=NToIBrmvrX#?secret=YfybdBn367\" data-secret=\"YfybdBn367\" width=\"600\" height=\"338\" frameborder=\"0\" marginwidth=\"0\" marginheight=\"0\" scrolling=\"no\"><\/iframe>\n<\/div><\/figure>\n\n\n\n<hr class=\"wp-block-separator has-alpha-channel-opacity\"\/>\n","protected":false},"excerpt":{"rendered":"","protected":false},"author":2,"featured_media":45942,"comment_status":"open","ping_status":"open","sticky":false,"template":"","format":"standard","meta":{"_acf_changed":false,"jetpack_post_was_ever_published":false,"_jetpack_newsletter_access":"","_jetpack_dont_email_post_to_subs":false,"_jetpack_newsletter_tier_id":0,"_jetpack_memberships_contains_paywalled_content":false,"_jetpack_memberships_contains_paid_content":false,"footnotes":"","jetpack_publicize_message":"","jetpack_publicize_feature_enabled":true,"jetpack_social_post_already_shared":true,"jetpack_social_options":{"image_generator_settings":{"template":"highway","default_image_id":0,"font":"","enabled":false},"version":2}},"categories":[8,3],"tags":[],"class_list":["post-45941","post","type-post","status-publish","format-standard","has-post-thumbnail","hentry","category-knjige","category-novosti"],"acf":{"facebook_opis":""},"jetpack_publicize_connections":[],"jetpack_featured_media_url":"https:\/\/i0.wp.com\/historiografija.hr\/wp-content\/uploads\/2025\/04\/zivot-dalm.grada_.jpg?fit=250%2C364&ssl=1","jetpack_sharing_enabled":true,"jetpack-related-posts":[],"_links":{"self":[{"href":"https:\/\/historiografija.hr\/index.php?rest_route=\/wp\/v2\/posts\/45941","targetHints":{"allow":["GET"]}}],"collection":[{"href":"https:\/\/historiografija.hr\/index.php?rest_route=\/wp\/v2\/posts"}],"about":[{"href":"https:\/\/historiografija.hr\/index.php?rest_route=\/wp\/v2\/types\/post"}],"author":[{"embeddable":true,"href":"https:\/\/historiografija.hr\/index.php?rest_route=\/wp\/v2\/users\/2"}],"replies":[{"embeddable":true,"href":"https:\/\/historiografija.hr\/index.php?rest_route=%2Fwp%2Fv2%2Fcomments&post=45941"}],"version-history":[{"count":1,"href":"https:\/\/historiografija.hr\/index.php?rest_route=\/wp\/v2\/posts\/45941\/revisions"}],"predecessor-version":[{"id":45943,"href":"https:\/\/historiografija.hr\/index.php?rest_route=\/wp\/v2\/posts\/45941\/revisions\/45943"}],"wp:featuredmedia":[{"embeddable":true,"href":"https:\/\/historiografija.hr\/index.php?rest_route=\/wp\/v2\/media\/45942"}],"wp:attachment":[{"href":"https:\/\/historiografija.hr\/index.php?rest_route=%2Fwp%2Fv2%2Fmedia&parent=45941"}],"wp:term":[{"taxonomy":"category","embeddable":true,"href":"https:\/\/historiografija.hr\/index.php?rest_route=%2Fwp%2Fv2%2Fcategories&post=45941"},{"taxonomy":"post_tag","embeddable":true,"href":"https:\/\/historiografija.hr\/index.php?rest_route=%2Fwp%2Fv2%2Ftags&post=45941"}],"curies":[{"name":"wp","href":"https:\/\/api.w.org\/{rel}","templated":true}]}}