{"id":45935,"date":"2025-04-18T08:19:41","date_gmt":"2025-04-18T08:19:41","guid":{"rendered":"https:\/\/historiografija.hr\/?p=45935"},"modified":"2025-04-18T08:19:41","modified_gmt":"2025-04-18T08:19:41","slug":"noc-knjige-u-matici-hrvatskoj-pozutjele-stranice-kralja-tomislava","status":"publish","type":"post","link":"https:\/\/historiografija.hr\/?p=45935","title":{"rendered":"No\u0107 knjige u Matici hrvatskoj: Po\u017eutjele stranice kralja Tomislava"},"content":{"rendered":"\n<p><strong>Srijeda, 23. travnja 2025., Knji\u017eara Matice hrvatske, Ulica Matice hrvatske 2, Zagreb<\/strong><\/p>\n\n\n\n<p><strong>17:00 \u2012 18:00<\/strong><strong><br><\/strong><\/p>\n\n\n\n<p>Razgovor o hrvatskom kralju Tomislavu i ranosrednjovjekovnom Hrvatskom Kraljevstvu u knji\u017eevnosti i u historiografiji u povodu obilje\u017eavanja 1100. godi\u0161njice Hrvatskoga Kraljevstva i izlo\u017eba prigodnih Mati\u010dinih izdanja iz prvih desetlje\u0107a 20. stolje\u0107a povezanih s likom kralja Tomislava i tisu\u0107itom obljetnicom Hrvatskoga Kraljevstva.<\/p>\n\n\n\n<p>U razgovoru sudjeluju:<br><strong>Bo\u017eidar Petra\u010d<\/strong>, knji\u017eevni tajnik Matice hrvatske<br><strong>prof. dr. sc. Tomislav Galovi\u0107<\/strong>, \u010dlan Glavnog odbora Matice hrvatske<br><strong>dr. sc. Mario Jareb<\/strong>, potpredsjednik Matice hrvatske<\/p>\n\n\n\n<hr class=\"wp-block-separator has-alpha-channel-opacity\"\/>\n\n\n\n<p>Izvor:<\/p>\n\n\n\n<p><a href=\"https:\/\/www.matica.hr\/zbivanja\/noc-knjige-u-matici-hrvatskoj-4726\">https:\/\/www.matica.hr\/zbivanja\/noc-knjige-u-matici-hrvatskoj-4726<\/a><\/p>\n\n\n\n<hr class=\"wp-block-separator has-alpha-channel-opacity\"\/>\n","protected":false},"excerpt":{"rendered":"","protected":false},"author":2,"featured_media":45936,"comment_status":"open","ping_status":"open","sticky":false,"template":"","format":"standard","meta":{"_acf_changed":false,"jetpack_post_was_ever_published":false,"_jetpack_newsletter_access":"","_jetpack_dont_email_post_to_subs":false,"_jetpack_newsletter_tier_id":0,"_jetpack_memberships_contains_paywalled_content":false,"_jetpack_memberships_contains_paid_content":false,"footnotes":"","jetpack_publicize_message":"","jetpack_publicize_feature_enabled":true,"jetpack_social_post_already_shared":true,"jetpack_social_options":{"image_generator_settings":{"template":"highway","default_image_id":0,"font":"","enabled":false},"version":2}},"categories":[3],"tags":[],"class_list":["post-45935","post","type-post","status-publish","format-standard","has-post-thumbnail","hentry","category-novosti"],"acf":{"facebook_opis":""},"jetpack_publicize_connections":[],"jetpack_featured_media_url":"https:\/\/i0.wp.com\/historiografija.hr\/wp-content\/uploads\/2025\/04\/noc_knjige_mh_2025.png?fit=680%2C401&ssl=1","jetpack_sharing_enabled":true,"jetpack-related-posts":[],"_links":{"self":[{"href":"https:\/\/historiografija.hr\/index.php?rest_route=\/wp\/v2\/posts\/45935","targetHints":{"allow":["GET"]}}],"collection":[{"href":"https:\/\/historiografija.hr\/index.php?rest_route=\/wp\/v2\/posts"}],"about":[{"href":"https:\/\/historiografija.hr\/index.php?rest_route=\/wp\/v2\/types\/post"}],"author":[{"embeddable":true,"href":"https:\/\/historiografija.hr\/index.php?rest_route=\/wp\/v2\/users\/2"}],"replies":[{"embeddable":true,"href":"https:\/\/historiografija.hr\/index.php?rest_route=%2Fwp%2Fv2%2Fcomments&post=45935"}],"version-history":[{"count":1,"href":"https:\/\/historiografija.hr\/index.php?rest_route=\/wp\/v2\/posts\/45935\/revisions"}],"predecessor-version":[{"id":45937,"href":"https:\/\/historiografija.hr\/index.php?rest_route=\/wp\/v2\/posts\/45935\/revisions\/45937"}],"wp:featuredmedia":[{"embeddable":true,"href":"https:\/\/historiografija.hr\/index.php?rest_route=\/wp\/v2\/media\/45936"}],"wp:attachment":[{"href":"https:\/\/historiografija.hr\/index.php?rest_route=%2Fwp%2Fv2%2Fmedia&parent=45935"}],"wp:term":[{"taxonomy":"category","embeddable":true,"href":"https:\/\/historiografija.hr\/index.php?rest_route=%2Fwp%2Fv2%2Fcategories&post=45935"},{"taxonomy":"post_tag","embeddable":true,"href":"https:\/\/historiografija.hr\/index.php?rest_route=%2Fwp%2Fv2%2Ftags&post=45935"}],"curies":[{"name":"wp","href":"https:\/\/api.w.org\/{rel}","templated":true}]}}