{"id":45923,"date":"2025-04-17T21:10:04","date_gmt":"2025-04-17T21:10:04","guid":{"rendered":"https:\/\/historiografija.hr\/?p=45923"},"modified":"2025-04-17T21:10:04","modified_gmt":"2025-04-17T21:10:04","slug":"u-osvit-vukovarskog-vlastelinstva-povijesni-izvori-1726-1731","status":"publish","type":"post","link":"https:\/\/historiografija.hr\/?p=45923","title":{"rendered":"U osvit Vukovarskog vlastelinstva. Povijesni izvori (1726. \u2013 1731.)"},"content":{"rendered":"\n<p>Sanja Lazanin, Milan Vrbanus i Ante Grubi\u0161i\u0107 (prir.)<\/p>\n\n\n\n<p>Godina izdanja: 2025.<\/p>\n\n\n\n<p>Broj stranica: 396<\/p>\n\n\n\n<p>Izdava\u010di: Dr\u017eavni arhiv u Vukovaru, Hrvatski institut za povijest \u2013 Podru\u017enica za povijest Slavonije, Srijema i Baranje, Institut za istra\u017eivanje migracija, Hrvatski dr\u017eavni arhiv, Muzej Slavonije, Gradski muzej Vukovar<\/p>\n\n\n\n<p>Sadr\u017eaj:<\/p>\n\n\n\n<figure class=\"wp-block-embed is-type-wp-embed is-provider-hrvatski-institut-za-povijest wp-block-embed-hrvatski-institut-za-povijest\"><div class=\"wp-block-embed__wrapper\">\n<blockquote class=\"wp-embedded-content\" data-secret=\"nwt5qa9tbI\"><a href=\"https:\/\/hipsb.hr\/proizvod\/u-osvit-vukovarskog-vlastelinstva-povijesni-izvori-1726-1731\/\">U osvit Vukovarskog vlastelinstva. Povijesni izvori (1726. \u2013 1731.)<\/a><\/blockquote><iframe loading=\"lazy\" class=\"wp-embedded-content\" sandbox=\"allow-scripts\" security=\"restricted\" style=\"position: absolute; visibility: hidden;\" title=\"&#8220;U osvit Vukovarskog vlastelinstva. Povijesni izvori (1726. \u2013 1731.)&#8221; &#8212; Hrvatski institut za povijest\" src=\"https:\/\/hipsb.hr\/proizvod\/u-osvit-vukovarskog-vlastelinstva-povijesni-izvori-1726-1731\/embed\/#?secret=nwt5qa9tbI\" data-secret=\"nwt5qa9tbI\" width=\"600\" height=\"338\" frameborder=\"0\" marginwidth=\"0\" marginheight=\"0\" scrolling=\"no\"><\/iframe>\n<\/div><\/figure>\n\n\n\n<hr class=\"wp-block-separator has-alpha-channel-opacity\"\/>\n","protected":false},"excerpt":{"rendered":"","protected":false},"author":2,"featured_media":45924,"comment_status":"open","ping_status":"open","sticky":false,"template":"","format":"standard","meta":{"_acf_changed":false,"jetpack_post_was_ever_published":false,"_jetpack_newsletter_access":"","_jetpack_dont_email_post_to_subs":false,"_jetpack_newsletter_tier_id":0,"_jetpack_memberships_contains_paywalled_content":false,"_jetpack_memberships_contains_paid_content":false,"footnotes":"","jetpack_publicize_message":"","jetpack_publicize_feature_enabled":true,"jetpack_social_post_already_shared":true,"jetpack_social_options":{"image_generator_settings":{"template":"highway","default_image_id":0,"font":"","enabled":false},"version":2}},"categories":[8,3],"tags":[],"class_list":["post-45923","post","type-post","status-publish","format-standard","has-post-thumbnail","hentry","category-knjige","category-novosti"],"acf":{"facebook_opis":""},"jetpack_publicize_connections":[],"jetpack_featured_media_url":"https:\/\/i0.wp.com\/historiografija.hr\/wp-content\/uploads\/2025\/04\/U_osvit.png?fit=660%2C960&ssl=1","jetpack_sharing_enabled":true,"jetpack-related-posts":[],"_links":{"self":[{"href":"https:\/\/historiografija.hr\/index.php?rest_route=\/wp\/v2\/posts\/45923","targetHints":{"allow":["GET"]}}],"collection":[{"href":"https:\/\/historiografija.hr\/index.php?rest_route=\/wp\/v2\/posts"}],"about":[{"href":"https:\/\/historiografija.hr\/index.php?rest_route=\/wp\/v2\/types\/post"}],"author":[{"embeddable":true,"href":"https:\/\/historiografija.hr\/index.php?rest_route=\/wp\/v2\/users\/2"}],"replies":[{"embeddable":true,"href":"https:\/\/historiografija.hr\/index.php?rest_route=%2Fwp%2Fv2%2Fcomments&post=45923"}],"version-history":[{"count":1,"href":"https:\/\/historiografija.hr\/index.php?rest_route=\/wp\/v2\/posts\/45923\/revisions"}],"predecessor-version":[{"id":45925,"href":"https:\/\/historiografija.hr\/index.php?rest_route=\/wp\/v2\/posts\/45923\/revisions\/45925"}],"wp:featuredmedia":[{"embeddable":true,"href":"https:\/\/historiografija.hr\/index.php?rest_route=\/wp\/v2\/media\/45924"}],"wp:attachment":[{"href":"https:\/\/historiografija.hr\/index.php?rest_route=%2Fwp%2Fv2%2Fmedia&parent=45923"}],"wp:term":[{"taxonomy":"category","embeddable":true,"href":"https:\/\/historiografija.hr\/index.php?rest_route=%2Fwp%2Fv2%2Fcategories&post=45923"},{"taxonomy":"post_tag","embeddable":true,"href":"https:\/\/historiografija.hr\/index.php?rest_route=%2Fwp%2Fv2%2Ftags&post=45923"}],"curies":[{"name":"wp","href":"https:\/\/api.w.org\/{rel}","templated":true}]}}