{"id":45912,"date":"2025-04-17T20:57:08","date_gmt":"2025-04-17T20:57:08","guid":{"rendered":"https:\/\/historiografija.hr\/?p=45912"},"modified":"2025-04-17T20:57:08","modified_gmt":"2025-04-17T20:57:08","slug":"razgovor-o-knjizi-historija-antickih-daorsa-na-istocnom-jadranu-od-2-stoljeca-prije-nove-ere-do-2-stoljeca-nove-ere-u-sarajevu","status":"publish","type":"post","link":"https:\/\/historiografija.hr\/?p=45912","title":{"rendered":"Razgovor o knjizi &#8220;Historija anti\u010dkih Daorsa na isto\u010dnom Jadranu od 2. stolje\u0107a prije nove ere do 2. stolje\u0107a nove ere&#8221; u Sarajevu"},"content":{"rendered":"\n<p>Udru\u017eenje \u201eBATHINVS\u201c iz Sarajeva u saradnji s Centrom za historijska istra\u017eivanja (CeHiS) organizira razgovor o knjizi &#8220;Historija anti\u010dkih Daorsa na isto\u010dnom Jadranu od 2. stolje\u0107a prije nove ere do 2. stolje\u0107a nove ere = The history of the ancient Daorsi in the Eastern Adriatic from the second century BCE to the second century CE&#8221; autora Djanija Behrama.<\/p>\n\n\n\n<p>Rije\u010d je o dvojezi\u010dnom izdanju proiza\u0161lom iz master teze \u201eDaorsi: Statsutvikling i Vest-Balkan fra jernalder til romersk tid (Daorsi: State development in Western Balkans from Iron Age to Roman times)\u201c koju je autor uspje\u0161no odbranio 2022. godine na&nbsp;norve\u0161kom univerzitetu Universitetet i Bergen (University of Bergen). Knjigu je 2025. godine objavilo Udru\u017eenje \u201eBATHINVS\u201c .<\/p>\n\n\n\n<p>U razgovoru u\u010destvuju:<\/p>\n\n\n\n<p>&#8211;&nbsp;&nbsp;&nbsp;&nbsp;&nbsp;&nbsp;&nbsp;Prof. dr. Adanan Kaljanac (Odsjek za arheologiju, Univerzitet u Sarajevu &#8211; Filozofski fakultet)<\/p>\n\n\n\n<p>&#8211;&nbsp;&nbsp;&nbsp;&nbsp;&nbsp;&nbsp;&nbsp;Prof. dr. Amra \u0160a\u010di\u0107 Be\u0107a (Odsjek za historiju, Univerzitet u Sarajevu &#8211; Filozofski fakultet)<\/p>\n\n\n\n<p>&#8211;&nbsp;&nbsp;&nbsp;&nbsp;&nbsp;&nbsp;&nbsp;Djani Behram, MA (autor, alumni Univerziteta u Bergenu, Norve\u0161ka)<\/p>\n\n\n\n<p>&#8211;&nbsp;&nbsp;&nbsp;&nbsp;&nbsp;&nbsp;&nbsp;Moderatorica: D\u017eenana Kurtovi\u0107, MA ( J.U. Muzej Sarajeva)<\/p>\n\n\n\n<p>Razgovor o knjizi biti \u0107e uprili\u010den u petak 18. aprila 2025. godine u \u010ditaonici Filozofskog fakulteta u Sarajevu (Franje Ra\u010dkog 1) s po\u010detkom u 12 sati.<\/p>\n\n\n\n<hr class=\"wp-block-separator has-alpha-channel-opacity\"\/>\n\n\n\n<p>Preneseno s portala <strong>Historiografija.ba<\/strong>:<\/p>\n\n\n\n<p><a href=\"https:\/\/historiografija.ba\/historija-u-javnosti\/dogadjaji\/razgovor-o-knjizi-historija-antickih-daorsa\">https:\/\/historiografija.ba\/historija-u-javnosti\/dogadjaji\/razgovor-o-knjizi-historija-antickih-daorsa<\/a><\/p>\n\n\n\n<hr class=\"wp-block-separator has-alpha-channel-opacity\"\/>\n","protected":false},"excerpt":{"rendered":"","protected":false},"author":2,"featured_media":45913,"comment_status":"open","ping_status":"open","sticky":false,"template":"","format":"standard","meta":{"_acf_changed":false,"jetpack_post_was_ever_published":false,"_jetpack_newsletter_access":"","_jetpack_dont_email_post_to_subs":false,"_jetpack_newsletter_tier_id":0,"_jetpack_memberships_contains_paywalled_content":false,"_jetpack_memberships_contains_paid_content":false,"footnotes":"","jetpack_publicize_message":"","jetpack_publicize_feature_enabled":true,"jetpack_social_post_already_shared":true,"jetpack_social_options":{"image_generator_settings":{"template":"highway","default_image_id":0,"font":"","enabled":false},"version":2}},"categories":[3],"tags":[],"class_list":["post-45912","post","type-post","status-publish","format-standard","has-post-thumbnail","hentry","category-novosti"],"acf":{"facebook_opis":""},"jetpack_publicize_connections":[],"jetpack_featured_media_url":"https:\/\/i0.wp.com\/historiografija.hr\/wp-content\/uploads\/2025\/04\/daorsi-razgovor-o-knjizi.jpg?fit=450%2C643&ssl=1","jetpack_sharing_enabled":true,"jetpack-related-posts":[],"_links":{"self":[{"href":"https:\/\/historiografija.hr\/index.php?rest_route=\/wp\/v2\/posts\/45912","targetHints":{"allow":["GET"]}}],"collection":[{"href":"https:\/\/historiografija.hr\/index.php?rest_route=\/wp\/v2\/posts"}],"about":[{"href":"https:\/\/historiografija.hr\/index.php?rest_route=\/wp\/v2\/types\/post"}],"author":[{"embeddable":true,"href":"https:\/\/historiografija.hr\/index.php?rest_route=\/wp\/v2\/users\/2"}],"replies":[{"embeddable":true,"href":"https:\/\/historiografija.hr\/index.php?rest_route=%2Fwp%2Fv2%2Fcomments&post=45912"}],"version-history":[{"count":1,"href":"https:\/\/historiografija.hr\/index.php?rest_route=\/wp\/v2\/posts\/45912\/revisions"}],"predecessor-version":[{"id":45914,"href":"https:\/\/historiografija.hr\/index.php?rest_route=\/wp\/v2\/posts\/45912\/revisions\/45914"}],"wp:featuredmedia":[{"embeddable":true,"href":"https:\/\/historiografija.hr\/index.php?rest_route=\/wp\/v2\/media\/45913"}],"wp:attachment":[{"href":"https:\/\/historiografija.hr\/index.php?rest_route=%2Fwp%2Fv2%2Fmedia&parent=45912"}],"wp:term":[{"taxonomy":"category","embeddable":true,"href":"https:\/\/historiografija.hr\/index.php?rest_route=%2Fwp%2Fv2%2Fcategories&post=45912"},{"taxonomy":"post_tag","embeddable":true,"href":"https:\/\/historiografija.hr\/index.php?rest_route=%2Fwp%2Fv2%2Ftags&post=45912"}],"curies":[{"name":"wp","href":"https:\/\/api.w.org\/{rel}","templated":true}]}}