{"id":45901,"date":"2025-04-17T20:40:36","date_gmt":"2025-04-17T20:40:36","guid":{"rendered":"https:\/\/historiografija.hr\/?p=45901"},"modified":"2025-04-17T20:42:17","modified_gmt":"2025-04-17T20:42:17","slug":"okrugli-stol-povodom-medunarodnog-dana-spomenika-i-spomenickih-cjelina-u-sarajevu","status":"publish","type":"post","link":"https:\/\/historiografija.hr\/?p=45901","title":{"rendered":"Okrugli stol povodom Me\u0111unarodnog dana spomenika i spomeni\u010dkih cjelina u Sarajevu"},"content":{"rendered":"\n<p>Kantonalni zavod za za\u0161titu kulturno-historijskog i prirodnog naslije\u0111a Sarajevo u saradnji sa JU \u201cGradski Muzeji\u201d Sarajevo i Nacionalnim komitetom ICOMOS BiH, povodom obilje\u017eavanja Me\u0111unarodnog dana spomenika i spomeni\u010dkih cjelina organiziraju okrugli sto u Olimpijskom muzeju Sarajevo.<\/p>\n\n\n\n<p>U radu okruglog stola \u0107e u\u010destvovati Senka Ibri\u0161imbegovi\u0107, Amra \u010custo, Mirza Kapetanovi\u0107, Damir Hod\u017ei\u0107, Mirha \u0160abanovi\u0107, Aida Bi\u010dak\u010di\u0107 i Alma Suba\u0161i\u0107.<\/p>\n\n\n\n<p>Okrugli sto \u0107e se odr\u017eavati u Olimpijskom muzeju (Sarajevo) u petak 18. aprila 2025. od 10.30 sati.<\/p>\n\n\n\n<hr class=\"wp-block-separator has-alpha-channel-opacity\"\/>\n\n\n\n<figure class=\"wp-block-image size-large\"><img data-recalc-dims=\"1\" loading=\"lazy\" decoding=\"async\" width=\"819\" height=\"1024\" data-attachment-id=\"45905\" data-permalink=\"https:\/\/historiografija.hr\/?attachment_id=45905\" data-orig-file=\"https:\/\/i0.wp.com\/historiografija.hr\/wp-content\/uploads\/2025\/04\/Program_Okrugli-stol.png?fit=1080%2C1350&amp;ssl=1\" data-orig-size=\"1080,1350\" data-comments-opened=\"1\" data-image-meta=\"{&quot;aperture&quot;:&quot;0&quot;,&quot;credit&quot;:&quot;&quot;,&quot;camera&quot;:&quot;&quot;,&quot;caption&quot;:&quot;&quot;,&quot;created_timestamp&quot;:&quot;0&quot;,&quot;copyright&quot;:&quot;&quot;,&quot;focal_length&quot;:&quot;0&quot;,&quot;iso&quot;:&quot;0&quot;,&quot;shutter_speed&quot;:&quot;0&quot;,&quot;title&quot;:&quot;&quot;,&quot;orientation&quot;:&quot;0&quot;}\" data-image-title=\"Program_Okrugli stol\" data-image-description=\"\" data-image-caption=\"\" data-large-file=\"https:\/\/i0.wp.com\/historiografija.hr\/wp-content\/uploads\/2025\/04\/Program_Okrugli-stol.png?fit=819%2C1024&amp;ssl=1\" src=\"https:\/\/i0.wp.com\/historiografija.hr\/wp-content\/uploads\/2025\/04\/Program_Okrugli-stol.png?resize=819%2C1024&#038;ssl=1\" alt=\"\" class=\"wp-image-45905\" srcset=\"https:\/\/i0.wp.com\/historiografija.hr\/wp-content\/uploads\/2025\/04\/Program_Okrugli-stol.png?resize=819%2C1024&amp;ssl=1 819w, https:\/\/i0.wp.com\/historiografija.hr\/wp-content\/uploads\/2025\/04\/Program_Okrugli-stol.png?resize=240%2C300&amp;ssl=1 240w, https:\/\/i0.wp.com\/historiografija.hr\/wp-content\/uploads\/2025\/04\/Program_Okrugli-stol.png?resize=768%2C960&amp;ssl=1 768w, https:\/\/i0.wp.com\/historiografija.hr\/wp-content\/uploads\/2025\/04\/Program_Okrugli-stol.png?w=1080&amp;ssl=1 1080w\" sizes=\"auto, (max-width: 819px) 100vw, 819px\" \/><\/figure>\n\n\n\n<hr class=\"wp-block-separator has-alpha-channel-opacity\"\/>\n\n\n\n<p>Preneseno s portala <strong>Historiografija.ba<\/strong>:<\/p>\n\n\n\n<p><a href=\"https:\/\/historiografija.ba\/historija-u-javnosti\/naucne-manifestacije\/medjunarodni-dan-spomenika\">https:\/\/historiografija.ba\/historija-u-javnosti\/naucne-manifestacije\/medjunarodni-dan-spomenika<\/a><\/p>\n\n\n\n<hr class=\"wp-block-separator has-alpha-channel-opacity\"\/>\n","protected":false},"excerpt":{"rendered":"","protected":false},"author":2,"featured_media":45902,"comment_status":"open","ping_status":"open","sticky":false,"template":"","format":"standard","meta":{"_acf_changed":false,"jetpack_post_was_ever_published":false,"_jetpack_newsletter_access":"","_jetpack_dont_email_post_to_subs":false,"_jetpack_newsletter_tier_id":0,"_jetpack_memberships_contains_paywalled_content":false,"_jetpack_memberships_contains_paid_content":false,"footnotes":"","jetpack_publicize_message":"","jetpack_publicize_feature_enabled":true,"jetpack_social_post_already_shared":true,"jetpack_social_options":{"image_generator_settings":{"template":"highway","default_image_id":0,"font":"","enabled":false},"version":2}},"categories":[3],"tags":[],"class_list":["post-45901","post","type-post","status-publish","format-standard","has-post-thumbnail","hentry","category-novosti"],"acf":{"facebook_opis":""},"jetpack_publicize_connections":[],"jetpack_featured_media_url":"https:\/\/i0.wp.com\/historiografija.hr\/wp-content\/uploads\/2025\/04\/medjunarodni-dan-spomenika-2025.png?fit=450%2C563&ssl=1","jetpack_sharing_enabled":true,"jetpack-related-posts":[],"_links":{"self":[{"href":"https:\/\/historiografija.hr\/index.php?rest_route=\/wp\/v2\/posts\/45901","targetHints":{"allow":["GET"]}}],"collection":[{"href":"https:\/\/historiografija.hr\/index.php?rest_route=\/wp\/v2\/posts"}],"about":[{"href":"https:\/\/historiografija.hr\/index.php?rest_route=\/wp\/v2\/types\/post"}],"author":[{"embeddable":true,"href":"https:\/\/historiografija.hr\/index.php?rest_route=\/wp\/v2\/users\/2"}],"replies":[{"embeddable":true,"href":"https:\/\/historiografija.hr\/index.php?rest_route=%2Fwp%2Fv2%2Fcomments&post=45901"}],"version-history":[{"count":5,"href":"https:\/\/historiografija.hr\/index.php?rest_route=\/wp\/v2\/posts\/45901\/revisions"}],"predecessor-version":[{"id":45908,"href":"https:\/\/historiografija.hr\/index.php?rest_route=\/wp\/v2\/posts\/45901\/revisions\/45908"}],"wp:featuredmedia":[{"embeddable":true,"href":"https:\/\/historiografija.hr\/index.php?rest_route=\/wp\/v2\/media\/45902"}],"wp:attachment":[{"href":"https:\/\/historiografija.hr\/index.php?rest_route=%2Fwp%2Fv2%2Fmedia&parent=45901"}],"wp:term":[{"taxonomy":"category","embeddable":true,"href":"https:\/\/historiografija.hr\/index.php?rest_route=%2Fwp%2Fv2%2Fcategories&post=45901"},{"taxonomy":"post_tag","embeddable":true,"href":"https:\/\/historiografija.hr\/index.php?rest_route=%2Fwp%2Fv2%2Ftags&post=45901"}],"curies":[{"name":"wp","href":"https:\/\/api.w.org\/{rel}","templated":true}]}}