{"id":45893,"date":"2025-04-16T22:16:38","date_gmt":"2025-04-16T22:16:38","guid":{"rendered":"https:\/\/historiografija.hr\/?p=45893"},"modified":"2025-04-16T22:16:38","modified_gmt":"2025-04-16T22:16:38","slug":"najava-xii-festivala-povijesti-kliofest-2025","status":"publish","type":"post","link":"https:\/\/historiografija.hr\/?p=45893","title":{"rendered":"Najava XII. Festivala povijesti \u2013 Kliofest 2025."},"content":{"rendered":"\n<p>Glavni dio programa Dvanaestog Festivala povijesti \u2013 Kliofest te sajam povijesne knjige odr\u017eat \u0107e se u Zagrebu od 13. do 16. svibnja 2025. u prostorima Nacionalne i sveu\u010dili\u0161ne knji\u017enice te Knji\u017enice i \u010ditaonice Bogdana Ogrizovi\u0107a.<\/p>\n\n\n\n<p>U petak, 16. svibnja 2025. bit \u0107e prire\u0111en Dan povijesti tijekom kojeg \u0107e se u brojnim gradovima i drugim mjestima u cijeloj zemlji odr\u017eavati popularna predavanja o povijesnim temama, predstavljati knjige, susretati njihovi autori i \u010ditatelji.<\/p>\n\n\n\n<p>Sve\u010danost otvaranja XII. Festivala povijesti u utorak, 13. svibnja 2025. uveli\u010dat \u0107e kostimirani predstavnici Renesansnog festivala iz Koprivnice, najve\u0107e hrvatske kulturno-povijesne manifestacije. Na Kliofest sti\u017eu dvorska dama, plemi\u0107, kmet, sitar, dvorski slikar i lon\u010dar.<\/p>\n\n\n\n<p><a href=\"https:\/\/www.kliofest.hr\">https:\/\/www.kliofest.hr<\/a><\/p>\n\n\n\n<p><a href=\"https:\/\/www.facebook.com\/kliofest\">https:\/\/www.facebook.com\/kliofest<\/a><\/p>\n\n\n\n<hr class=\"wp-block-separator has-alpha-channel-opacity\"\/>\n","protected":false},"excerpt":{"rendered":"","protected":false},"author":2,"featured_media":45894,"comment_status":"open","ping_status":"open","sticky":false,"template":"","format":"standard","meta":{"_acf_changed":false,"jetpack_post_was_ever_published":false,"_jetpack_newsletter_access":"","_jetpack_dont_email_post_to_subs":false,"_jetpack_newsletter_tier_id":0,"_jetpack_memberships_contains_paywalled_content":false,"_jetpack_memberships_contains_paid_content":false,"footnotes":"","jetpack_publicize_message":"","jetpack_publicize_feature_enabled":true,"jetpack_social_post_already_shared":true,"jetpack_social_options":{"image_generator_settings":{"template":"highway","default_image_id":0,"font":"","enabled":false},"version":2}},"categories":[3],"tags":[],"class_list":["post-45893","post","type-post","status-publish","format-standard","has-post-thumbnail","hentry","category-novosti"],"acf":{"facebook_opis":""},"jetpack_publicize_connections":[],"jetpack_featured_media_url":"https:\/\/i0.wp.com\/historiografija.hr\/wp-content\/uploads\/2025\/04\/Kliofest-najava.jpg?fit=2000%2C1126&ssl=1","jetpack_sharing_enabled":true,"jetpack-related-posts":[],"_links":{"self":[{"href":"https:\/\/historiografija.hr\/index.php?rest_route=\/wp\/v2\/posts\/45893","targetHints":{"allow":["GET"]}}],"collection":[{"href":"https:\/\/historiografija.hr\/index.php?rest_route=\/wp\/v2\/posts"}],"about":[{"href":"https:\/\/historiografija.hr\/index.php?rest_route=\/wp\/v2\/types\/post"}],"author":[{"embeddable":true,"href":"https:\/\/historiografija.hr\/index.php?rest_route=\/wp\/v2\/users\/2"}],"replies":[{"embeddable":true,"href":"https:\/\/historiografija.hr\/index.php?rest_route=%2Fwp%2Fv2%2Fcomments&post=45893"}],"version-history":[{"count":1,"href":"https:\/\/historiografija.hr\/index.php?rest_route=\/wp\/v2\/posts\/45893\/revisions"}],"predecessor-version":[{"id":45895,"href":"https:\/\/historiografija.hr\/index.php?rest_route=\/wp\/v2\/posts\/45893\/revisions\/45895"}],"wp:featuredmedia":[{"embeddable":true,"href":"https:\/\/historiografija.hr\/index.php?rest_route=\/wp\/v2\/media\/45894"}],"wp:attachment":[{"href":"https:\/\/historiografija.hr\/index.php?rest_route=%2Fwp%2Fv2%2Fmedia&parent=45893"}],"wp:term":[{"taxonomy":"category","embeddable":true,"href":"https:\/\/historiografija.hr\/index.php?rest_route=%2Fwp%2Fv2%2Fcategories&post=45893"},{"taxonomy":"post_tag","embeddable":true,"href":"https:\/\/historiografija.hr\/index.php?rest_route=%2Fwp%2Fv2%2Ftags&post=45893"}],"curies":[{"name":"wp","href":"https:\/\/api.w.org\/{rel}","templated":true}]}}