{"id":45882,"date":"2025-04-16T21:51:36","date_gmt":"2025-04-16T21:51:36","guid":{"rendered":"https:\/\/historiografija.hr\/?p=45882"},"modified":"2025-04-16T21:55:39","modified_gmt":"2025-04-16T21:55:39","slug":"quinn-slobodian-hayeks-bastards-race-gold-iq-and-the-capitalism-of-the-far-right","status":"publish","type":"post","link":"https:\/\/historiografija.hr\/?p=45882","title":{"rendered":"Quinn Slobodian, \u201eHayek&#8217;s Bastards: Race, Gold, IQ, and the Capitalism of the Far Right\u201c"},"content":{"rendered":"\n<p>Intelektualni povjesni\u010dar Quinn Slobodian &#8211; nakon knjiga \u201eGlobalists: The End of Empire and the Birth of Neoliberalism\u201c (2018) i \u201eCrack-Up Capitalism: Market Radicals and the Dream of a World Without Democracy\u201c (2023) &#8211; upravo je objavio knjigu \u201eHayek&#8217;s Bastards: Race, Gold, IQ, and the Capitalism of the Far Right\u201c (2025). Potonja se knjiga \u2013 kao svojevrsna intelektualna povijest suvremene (krajnje) desnice, odnosno u odre\u0111enoj mjeri i samog trumpizma \u2013 na\u0161la u sredi\u0161tu aktualnih zbivanja te mo\u017ee biti od interesa kako osporavateljima ili pristalicama tih ideja, tako i onima op\u0107enito zainteresiranima za intelektualnu povijest i povijest ideja.<\/p>\n\n\n\n<hr class=\"wp-block-separator has-alpha-channel-opacity\"\/>\n\n\n\n<p>Quinn Slobodian<\/p>\n\n\n\n<p><strong>Hayek&#8217;s Bastards: Race, Gold, IQ, and the Capitalism of the Far Right<\/strong><\/p>\n\n\n\n<p>Neoliberals should have seen the end of the Cold War as a total victory\u2014but they didn\u2019t. Instead, they saw the chameleon of communism changing colors from red to green. The poison of civil rights, feminism, and environmentalism ran through the veins of the body politic and they needed an antidote.<\/p>\n\n\n\n<p><a href=\"https:\/\/press.princeton.edu\/books\/hardcover\/9781890951917\">https:\/\/press.princeton.edu\/books\/hardcover\/9781890951917<\/a><\/p>\n\n\n\n<hr class=\"wp-block-separator has-alpha-channel-opacity\"\/>\n\n\n\n<p><strong>An interview with Quinn Slobodian<\/strong><\/p>\n\n\n\n<p><a href=\"https:\/\/jacobin.com\/2025\/04\/race-science-neoliberalism-hayek-slobodian\">https:\/\/jacobin.com\/2025\/04\/race-science-neoliberalism-hayek-slobodian<\/a><\/p>\n\n\n\n<hr class=\"wp-block-separator has-alpha-channel-opacity\"\/>\n","protected":false},"excerpt":{"rendered":"","protected":false},"author":2,"featured_media":45883,"comment_status":"open","ping_status":"open","sticky":false,"template":"","format":"standard","meta":{"_acf_changed":false,"jetpack_post_was_ever_published":false,"_jetpack_newsletter_access":"","_jetpack_dont_email_post_to_subs":false,"_jetpack_newsletter_tier_id":0,"_jetpack_memberships_contains_paywalled_content":false,"_jetpack_memberships_contains_paid_content":false,"footnotes":"","jetpack_publicize_message":"","jetpack_publicize_feature_enabled":true,"jetpack_social_post_already_shared":true,"jetpack_social_options":{"image_generator_settings":{"template":"highway","default_image_id":0,"font":"","enabled":false},"version":2}},"categories":[8,3],"tags":[],"class_list":["post-45882","post","type-post","status-publish","format-standard","has-post-thumbnail","hentry","category-knjige","category-novosti"],"acf":{"facebook_opis":""},"jetpack_publicize_connections":[],"jetpack_featured_media_url":"https:\/\/historiografija.hr\/wp-content\/uploads\/2025\/04\/Slobodian.avif","jetpack_sharing_enabled":true,"jetpack-related-posts":[],"_links":{"self":[{"href":"https:\/\/historiografija.hr\/index.php?rest_route=\/wp\/v2\/posts\/45882","targetHints":{"allow":["GET"]}}],"collection":[{"href":"https:\/\/historiografija.hr\/index.php?rest_route=\/wp\/v2\/posts"}],"about":[{"href":"https:\/\/historiografija.hr\/index.php?rest_route=\/wp\/v2\/types\/post"}],"author":[{"embeddable":true,"href":"https:\/\/historiografija.hr\/index.php?rest_route=\/wp\/v2\/users\/2"}],"replies":[{"embeddable":true,"href":"https:\/\/historiografija.hr\/index.php?rest_route=%2Fwp%2Fv2%2Fcomments&post=45882"}],"version-history":[{"count":3,"href":"https:\/\/historiografija.hr\/index.php?rest_route=\/wp\/v2\/posts\/45882\/revisions"}],"predecessor-version":[{"id":45886,"href":"https:\/\/historiografija.hr\/index.php?rest_route=\/wp\/v2\/posts\/45882\/revisions\/45886"}],"wp:featuredmedia":[{"embeddable":true,"href":"https:\/\/historiografija.hr\/index.php?rest_route=\/wp\/v2\/media\/45883"}],"wp:attachment":[{"href":"https:\/\/historiografija.hr\/index.php?rest_route=%2Fwp%2Fv2%2Fmedia&parent=45882"}],"wp:term":[{"taxonomy":"category","embeddable":true,"href":"https:\/\/historiografija.hr\/index.php?rest_route=%2Fwp%2Fv2%2Fcategories&post=45882"},{"taxonomy":"post_tag","embeddable":true,"href":"https:\/\/historiografija.hr\/index.php?rest_route=%2Fwp%2Fv2%2Ftags&post=45882"}],"curies":[{"name":"wp","href":"https:\/\/api.w.org\/{rel}","templated":true}]}}