{"id":4587,"date":"2017-05-27T11:22:00","date_gmt":"2017-05-27T11:22:00","guid":{"rendered":"http:\/\/historiografija.hr\/?p=4587"},"modified":"2017-05-27T11:24:26","modified_gmt":"2017-05-27T11:24:26","slug":"posebna-preporuka-historiografije-hr-predavanje-kalle-kallio-hrabri-muzeji-u-susret-novom-vremenu","status":"publish","type":"post","link":"https:\/\/historiografija.hr\/?p=4587","title":{"rendered":"Posebna preporuka Historiografije.hr: Predavanje Kalle Kallio \u2013 Hrabri muzeji u susret novom vremenu"},"content":{"rendered":"<p>U srijedu, 31. svibnja 2017. u 10 sati u Muzejskom dokumentacijskom centru u Zagrebu (Ilica 44\/II) predavanje \u0107e odr\u017eati jedan od vode\u0107ih finskih muzeologa Kalle Kallio, dugogodi\u0161nji direktor finskog Muzeja rada.<\/p>\n<p>&nbsp;<\/p>\n<p>&#8212;<\/p>\n<p>&nbsp;<\/p>\n<p>&#8220;Hrabri muzeji u susret novom vremenu&#8221; tema je predavanja koje \u0107e u Muzejskom dokumentacijskom centru, u Ilici 44\/II, 31. svibnja u 10 sati odr\u017eati jedan od vode\u0107ih finskih muzeologa Kalle Kallio, dugogodi\u0161nji direktor finskog Muzeja rada (Ty\u00f6v\u00e4enmuseo) u gradu Tampereu.<\/p>\n<p>&nbsp;<br \/>\nSvjedo\u010dimo da se proteklih godina muzeji dramati\u010dno mijenjaju: postaju otvoreniji, inkluzivniji, raznolikiji i aktivniji nego ikada. \u201eHrabri muzeji\u201c obra\u0111uju te\u0161ku povijest i spremni su za izazove novog doba. Kallio \u0107e na predavanju govoriti o dru\u0161tvenoj promjeni europskih muzeja i pitanju sporne povijesti na primjeru ba\u0161tine radni\u0161tva i rada.<\/p>\n<p>&nbsp;<br \/>\nFinski Muzej rada utemeljen je 1993., a ve\u0107 1996. postaje nacionalnim muzejom dru\u0161tvene povijesti i povijesti rada. Smje\u0161ten je u staroj tvornici pamuka u sredi\u0161tu Tamperea. Njegov postav nudi pregled povijesti industrijskog doba, radni\u0161tva i civilnoga dru\u0161tva iz razli\u010ditih perspektiva. Inovativne izlo\u017ebe predstavljaju najzanimljivija dru\u0161tvena pitanja, radni\u010dku kulturu, vizualne umjetnosti i politiku od 19. stolje\u0107a do danas. U sredi\u0161tu su &#8220;obi\u010dni&#8221; ljudi, a njihov svakodnevni \u017eivot i rad prikazan je kroz zanimljive pri\u010de.<\/p>\n<p>&nbsp;<br \/>\nZbirke ovog muzeja su kompleksne, osnovu \u010dini tehni\u010dka ba\u0161tina od parnih strojeva iz vremena ranih 1900-ih iz Muzeja stojeva (H\u00f6yrykonemuseo) i gra\u0111a vezana uz proizvodnju tekstila iz Muzeja tekstila (Tekstiiliteollisuusmuseo) kao i ona Finskog muzeja gluhih osoba (Kuurojen museona) i Lenjinovog muzeaja (Lenin-museonoma) koji je potpuno obnovljen u ljeto 2016. te danas prezentira sveobuhvatan i kriti\u010dan pogled ne samo na Lenjina ve\u0107 i na zajedni\u010dku povijest Finske i Rusije.<\/p>\n<p>&nbsp;<br \/>\nLenjinov muzej (Lenin-museonoma) osnovan je 1946. u Tempereu, mjestu povijesnog susreta Lenjina i Staljina. U trenutku osnivanja imao je vanjskopoliti\u010dku ulogu podsje\u0107anja na Lenjinovu odluku da se Finskoj zajam\u010di nezavisnost. Danas je postav oboga\u0107en multimedijom, koja omogu\u0107ava do\u017eivljaj ne samo najva\u017enijih doga\u0111anja, nego i svakodnevnice, pa i te\u0161kih tema poput Gulaga i brojnih ljudskih tragedija u vremenu totalitarizma i rata. Lenjinov muzej nominiran je 2017. za muzej godine.<\/p>\n<p>&nbsp;<br \/>\nDanas, ovi su muzeji prona\u0161li svoje mjesto kao ba\u0161tinske institucije s nagla\u0161enom kriti\u010dno\u0161\u0107u i sna\u017enom dru\u0161tvenom odgovorno\u0161\u0107u. Polaze s pozicije da \u201eba\u0161tinizacija\u201c nije nikada pravocrtna te da se dobra, lo\u0161a i ru\u017ena ba\u0161tina \u010desto razdvajaju ili pre\u0161u\u0107uju kroz vrlo selektivan proces. Razvoj muzeja rada usko je povezan sa \u0161irim shva\u0107anjem ba\u0161tine i novim konceptima djelovanja muzeja, pri \u010demu oni nastoje ponuditi novu interpretaciju dru\u0161tvene inkluzije i muzejskog aktivizma tako da va\u017ean dio strategije Finskog muzeja rada \u010dini i prikupljanje ba\u0161tine seksualnih \/ rodnih manjina ili prezentiranje povijesti osoba s posebnim potrebama.<\/p>\n<p>&nbsp;<br \/>\nPredavanje \u0107e zavr\u0161iti pregledom nekih korisnih alata za &#8220;hrabre muzeje&#8221;.<\/p>\n<p>&nbsp;<\/p>\n<p>&nbsp;<\/p>\n<p>O predava\u010du:<\/p>\n<p>&nbsp;<br \/>\n<strong>Kalle Kallio<\/strong>, jedan je od vode\u0107ih mladih muzeologa Finske. Od 2005.-2016. radio je kao ravnatelj muzeja Muzej rada (Ty\u00f6v\u00e4enmuseo museum, Tampere).<\/p>\n<p>&nbsp;<br \/>\nZahvaljuju\u0107i svom \u017eivom interesu za ba\u0161tinu Kallio je od 2010. predsjednik Worklaba (Me\u0111unarodna udruga muzeja rada), potpredsjednik je Finskog muzejskog dru\u0161tva, a djeluje u upravnim tijelima niza ba\u0161tinskih zaklada i odbora. On je predsjedavaju\u0107i u radnoj grupi za izradu nove muzejske politike Finske, koja je objavljena u o\u017eujku 2017. Kallio sada radi kao predava\u010d na muzejskim studijima u Tampereu gdje se bavi uz ostalo strategijom, evaluacijom i ekonomijom u muzejskoj djelatnosti. (Ton\u010dika Cukrov)<\/p>\n<p>&nbsp;<\/p>\n<p>Izvor:<a href=\"http:\/\/mdc.hr\/\"> http:\/\/mdc.hr\/<\/a><\/p>\n<p>&nbsp;<\/p>\n<p>&nbsp;<\/p>\n","protected":false},"excerpt":{"rendered":"","protected":false},"author":2,"featured_media":4588,"comment_status":"open","ping_status":"open","sticky":false,"template":"","format":"standard","meta":{"_acf_changed":false,"jetpack_post_was_ever_published":false,"_jetpack_newsletter_access":"","_jetpack_dont_email_post_to_subs":false,"_jetpack_newsletter_tier_id":0,"_jetpack_memberships_contains_paywalled_content":false,"_jetpack_memberships_contains_paid_content":false,"footnotes":"","jetpack_publicize_message":"","jetpack_publicize_feature_enabled":true,"jetpack_social_post_already_shared":true,"jetpack_social_options":{"image_generator_settings":{"template":"highway","default_image_id":0,"font":"","enabled":false},"version":2}},"categories":[3],"tags":[],"class_list":["post-4587","post","type-post","status-publish","format-standard","has-post-thumbnail","hentry","category-novosti"],"acf":{"facebook_opis":""},"jetpack_publicize_connections":[],"jetpack_featured_media_url":"https:\/\/i0.wp.com\/historiografija.hr\/wp-content\/uploads\/2017\/05\/1-muzej.jpg?fit=1200%2C675&ssl=1","jetpack_sharing_enabled":true,"jetpack-related-posts":[{"id":52496,"url":"https:\/\/historiografija.hr\/?p=52496","url_meta":{"origin":4587,"position":0},"title":"30 godina Podru\u017enice \u2013 Javno predavanje Matea \u010calu\u0161i\u0107a \u201eSlavonski Brod u Domovinskom ratu\u201c","author":"Branimir Jankovi\u0107","date":"17. travnja 2026.","format":false,"excerpt":"U 2026. navr\u0161ava se trideset godina od osnutka Podru\u017enice za povijest Slavonije, Srijema i Baranje Hrvatskoga instituta za povijest. Obilje\u017eavanje ove zna\u010dajne obljetnice zapo\u010dinje ciklusom javnih povijesnih predavanja znanstvenika Instituta. Tre\u0107e po redu je predavanje Matea \u010calu\u0161i\u0107a \u2013 \u201eSLAVONSKI BROD U DOMOVINSKOM RATU\u201c. Predavanje \u0107e se odr\u017eati 21. travnja 2026.\u2026","rel":"","context":"U &quot;Novosti&quot;","block_context":{"text":"Novosti","link":"https:\/\/historiografija.hr\/?cat=3"},"img":{"alt_text":"","src":"https:\/\/i0.wp.com\/historiografija.hr\/wp-content\/uploads\/2026\/04\/Predavanje-Calusic.png?fit=860%2C1200&ssl=1&resize=350%2C200","width":350,"height":200,"srcset":"https:\/\/i0.wp.com\/historiografija.hr\/wp-content\/uploads\/2026\/04\/Predavanje-Calusic.png?fit=860%2C1200&ssl=1&resize=350%2C200 1x, https:\/\/i0.wp.com\/historiografija.hr\/wp-content\/uploads\/2026\/04\/Predavanje-Calusic.png?fit=860%2C1200&ssl=1&resize=525%2C300 1.5x, https:\/\/i0.wp.com\/historiografija.hr\/wp-content\/uploads\/2026\/04\/Predavanje-Calusic.png?fit=860%2C1200&ssl=1&resize=700%2C400 2x"},"classes":[]},{"id":52666,"url":"https:\/\/historiografija.hr\/?p=52666","url_meta":{"origin":4587,"position":1},"title":"Najava programa Festivala povijesti Kliofest (5-8. V. 2026)","author":"Branimir Jankovi\u0107","date":"24. travnja 2026.","format":false,"excerpt":"Po trinaesti put odr\u017eava se Festival povijesti Kliofest! Do petka \u0107emo odr\u017eati osam okruglih stolova i dva kolokvija te niz predstavljanja knjiga i projekata razli\u010dite tematike, od antike do suvremenosti. Bit \u0107e predstavljeno i nekoliko izlo\u017ebi te odr\u017ean jedan povijesni kviz. Prikazat \u0107emo i jedan film \u2013 o generalu Boroevi\u0107u.\u2026","rel":"","context":"U &quot;Novosti&quot;","block_context":{"text":"Novosti","link":"https:\/\/historiografija.hr\/?cat=3"},"img":{"alt_text":"","src":"https:\/\/i0.wp.com\/historiografija.hr\/wp-content\/uploads\/2026\/04\/Kliofest-2026.jpg?fit=526%2C526&ssl=1&resize=350%2C200","width":350,"height":200,"srcset":"https:\/\/i0.wp.com\/historiografija.hr\/wp-content\/uploads\/2026\/04\/Kliofest-2026.jpg?fit=526%2C526&ssl=1&resize=350%2C200 1x, https:\/\/i0.wp.com\/historiografija.hr\/wp-content\/uploads\/2026\/04\/Kliofest-2026.jpg?fit=526%2C526&ssl=1&resize=525%2C300 1.5x"},"classes":[]},{"id":52619,"url":"https:\/\/historiografija.hr\/?p=52619","url_meta":{"origin":4587,"position":2},"title":"Predavanje \u0110ur\u0111ice Vitkovi\u0107 &#8220;Izme\u0111u pera i objektiva: Zagorka i Foto Tonka&#8221;","author":"Branimir Jankovi\u0107","date":"23. travnja 2026.","format":false,"excerpt":"Memorijalni stan Marije Juri\u0107 Zagorke poziva Vas na predavanje \u0110ur\u0111ice Vitkovi\u0107 \u201eIzme\u0111u pera i objektiva: Zagorka i Foto Tonka\u201c koje \u0107e se odr\u017eati u utorak, 28. travnja 2026. s po\u010detkom u 18 h u sklopu Ciklusa predavanja u Memorijalnom stanu Marije Juri\u0107 Zagorke. Kako su se susrele knji\u017eevnost i fotografija\u2026","rel":"","context":"U &quot;Novosti&quot;","block_context":{"text":"Novosti","link":"https:\/\/historiografija.hr\/?cat=3"},"img":{"alt_text":"","src":"https:\/\/i0.wp.com\/historiografija.hr\/wp-content\/uploads\/2024\/11\/Zagorka_ciklus.jpg?fit=1200%2C1006&ssl=1&resize=350%2C200","width":350,"height":200,"srcset":"https:\/\/i0.wp.com\/historiografija.hr\/wp-content\/uploads\/2024\/11\/Zagorka_ciklus.jpg?fit=1200%2C1006&ssl=1&resize=350%2C200 1x, https:\/\/i0.wp.com\/historiografija.hr\/wp-content\/uploads\/2024\/11\/Zagorka_ciklus.jpg?fit=1200%2C1006&ssl=1&resize=525%2C300 1.5x, https:\/\/i0.wp.com\/historiografija.hr\/wp-content\/uploads\/2024\/11\/Zagorka_ciklus.jpg?fit=1200%2C1006&ssl=1&resize=700%2C400 2x, https:\/\/i0.wp.com\/historiografija.hr\/wp-content\/uploads\/2024\/11\/Zagorka_ciklus.jpg?fit=1200%2C1006&ssl=1&resize=1050%2C600 3x"},"classes":[]},{"id":52511,"url":"https:\/\/historiografija.hr\/?p=52511","url_meta":{"origin":4587,"position":3},"title":"Izlo\u017eba &#8220;Lica Sljemena&#8221;","author":"Branimir Jankovi\u0107","date":"17. travnja 2026.","format":false,"excerpt":"Srda\u010dno vas pozivamo na otvorenje izlo\u017ebe Lica Sljemena koje \u0107e se odr\u017eati u srijedu 22. travnja 2026. u 18 h ispred Muzeja Prigorja (Trg Dragutina Domjani\u0107a 5, Sesvete). Izlo\u017eba proizlazi iz istra\u017eivanja Nevene \u0160krbi\u0107 Alempijevi\u0107, Petre Kelemen i Sanje Potkonjak te intervjua sa Sljemena\u0161icama i Sljemena\u0161ima, koji su provedeni u\u2026","rel":"","context":"U &quot;Izlo\u017ebe&quot;","block_context":{"text":"Izlo\u017ebe","link":"https:\/\/historiografija.hr\/?cat=10"},"img":{"alt_text":"","src":"https:\/\/i0.wp.com\/historiografija.hr\/wp-content\/uploads\/2026\/04\/Izlozba-Lica-Sljemena.png?fit=1080%2C686&ssl=1&resize=350%2C200","width":350,"height":200,"srcset":"https:\/\/i0.wp.com\/historiografija.hr\/wp-content\/uploads\/2026\/04\/Izlozba-Lica-Sljemena.png?fit=1080%2C686&ssl=1&resize=350%2C200 1x, https:\/\/i0.wp.com\/historiografija.hr\/wp-content\/uploads\/2026\/04\/Izlozba-Lica-Sljemena.png?fit=1080%2C686&ssl=1&resize=525%2C300 1.5x, https:\/\/i0.wp.com\/historiografija.hr\/wp-content\/uploads\/2026\/04\/Izlozba-Lica-Sljemena.png?fit=1080%2C686&ssl=1&resize=700%2C400 2x, https:\/\/i0.wp.com\/historiografija.hr\/wp-content\/uploads\/2026\/04\/Izlozba-Lica-Sljemena.png?fit=1080%2C686&ssl=1&resize=1050%2C600 3x"},"classes":[]},{"id":52547,"url":"https:\/\/historiografija.hr\/?p=52547","url_meta":{"origin":4587,"position":4},"title":"ISHA Zagreb \u2013 Filmska ve\u010der: Povratak Martina Guerrea","author":"Branimir Jankovi\u0107","date":"20. travnja 2026.","format":false,"excerpt":"Klub studenata povijesti \u2013 ISHA Zagreb poziva Vas na filmsku ve\u010der na kojoj \u0107e se prikazivati \u201ePovratak Martina Guerrea\u201c, povijesna drama iz 1982. godine s radnjom smje\u0161tenom u 16. stolje\u0107u. Radnja je utemeljena na stvarnoj povijesnoj li\u010dnosti Martina Guerrea koji se nakon mnogo godina izbivanja vra\u0107a u svoje rodno mjesto\u2026","rel":"","context":"U &quot;Filmovi i serije&quot;","block_context":{"text":"Filmovi i serije","link":"https:\/\/historiografija.hr\/?cat=13"},"img":{"alt_text":"","src":"https:\/\/i0.wp.com\/historiografija.hr\/wp-content\/uploads\/2026\/04\/M-Guerre.png?fit=702%2C1006&ssl=1&resize=350%2C200","width":350,"height":200,"srcset":"https:\/\/i0.wp.com\/historiografija.hr\/wp-content\/uploads\/2026\/04\/M-Guerre.png?fit=702%2C1006&ssl=1&resize=350%2C200 1x, https:\/\/i0.wp.com\/historiografija.hr\/wp-content\/uploads\/2026\/04\/M-Guerre.png?fit=702%2C1006&ssl=1&resize=525%2C300 1.5x, https:\/\/i0.wp.com\/historiografija.hr\/wp-content\/uploads\/2026\/04\/M-Guerre.png?fit=702%2C1006&ssl=1&resize=700%2C400 2x"},"classes":[]},{"id":52628,"url":"https:\/\/historiografija.hr\/?p=52628","url_meta":{"origin":4587,"position":5},"title":"Predavanje dopisnog \u010dlana HAZU Alaina Finkielkrauta Izrael, Europa, antisemitizam","author":"Branimir Jankovi\u0107","date":"23. travnja 2026.","format":false,"excerpt":"Francuski filozof Alain Finkielkraut, redoviti \u010dlan Francuske akademije i dopisni \u010dlan HAZU, odr\u017eat \u0107e predavanje\u00a0Izrael, Europa, antisemitizam u utorak 28. travnja 2026. u 13 sati u Knji\u017enici HAZU,\u00a0Strossmayerov trg 14 u Zagrebu. Uvodne rije\u010di odr\u017eat \u0107e\u00a0akademkinja \u017deljka \u010corak i\u00a0akademik Dra\u017een Katunari\u0107. Predavanje \u0107e se odr\u017eati na francuskom jeziku uz konsekutivno\u2026","rel":"","context":"U &quot;Novosti&quot;","block_context":{"text":"Novosti","link":"https:\/\/historiografija.hr\/?cat=3"},"img":{"alt_text":"","src":"https:\/\/i0.wp.com\/historiografija.hr\/wp-content\/uploads\/2026\/04\/Alain_Finkielkraut.jpg?fit=350%2C407&ssl=1&resize=350%2C200","width":350,"height":200},"classes":[]}],"_links":{"self":[{"href":"https:\/\/historiografija.hr\/index.php?rest_route=\/wp\/v2\/posts\/4587","targetHints":{"allow":["GET"]}}],"collection":[{"href":"https:\/\/historiografija.hr\/index.php?rest_route=\/wp\/v2\/posts"}],"about":[{"href":"https:\/\/historiografija.hr\/index.php?rest_route=\/wp\/v2\/types\/post"}],"author":[{"embeddable":true,"href":"https:\/\/historiografija.hr\/index.php?rest_route=\/wp\/v2\/users\/2"}],"replies":[{"embeddable":true,"href":"https:\/\/historiografija.hr\/index.php?rest_route=%2Fwp%2Fv2%2Fcomments&post=4587"}],"version-history":[{"count":3,"href":"https:\/\/historiografija.hr\/index.php?rest_route=\/wp\/v2\/posts\/4587\/revisions"}],"predecessor-version":[{"id":4591,"href":"https:\/\/historiografija.hr\/index.php?rest_route=\/wp\/v2\/posts\/4587\/revisions\/4591"}],"wp:featuredmedia":[{"embeddable":true,"href":"https:\/\/historiografija.hr\/index.php?rest_route=\/wp\/v2\/media\/4588"}],"wp:attachment":[{"href":"https:\/\/historiografija.hr\/index.php?rest_route=%2Fwp%2Fv2%2Fmedia&parent=4587"}],"wp:term":[{"taxonomy":"category","embeddable":true,"href":"https:\/\/historiografija.hr\/index.php?rest_route=%2Fwp%2Fv2%2Fcategories&post=4587"},{"taxonomy":"post_tag","embeddable":true,"href":"https:\/\/historiografija.hr\/index.php?rest_route=%2Fwp%2Fv2%2Ftags&post=4587"}],"curies":[{"name":"wp","href":"https:\/\/api.w.org\/{rel}","templated":true}]}}