{"id":45853,"date":"2025-04-15T22:16:13","date_gmt":"2025-04-15T22:16:13","guid":{"rendered":"https:\/\/historiografija.hr\/?p=45853"},"modified":"2025-04-15T22:16:13","modified_gmt":"2025-04-15T22:16:13","slug":"poziv-za-prijavu-na-znanstveni-skup-s-medunarodnim-sudjelovanjem-proslost-i-kultura-srba-u-republici-hrvatskoj-2025","status":"publish","type":"post","link":"https:\/\/historiografija.hr\/?p=45853","title":{"rendered":"Poziv za prijavu na znanstveni skup s me\u0111unarodnim sudjelovanjem \u201ePro\u0161lost i kultura Srba u Republici Hrvatskoj\u201c (2025.)"},"content":{"rendered":"\n<p>Zajedni\u010dko vije\u0107e op\u0107ina Vukovar, odnosno Odbor za kulturu i sport tre\u0107i put zaredom organizira znanstveni skup s me\u0111unarodnim sudjelovanjem \u201ePro\u0161lost i kultura Srba u Republici Hrvatskoj\u201c, koji \u0107e biti odr\u017ean 3. i 4. listopada 2025. godine u Vukovaru.<\/p>\n\n\n\n<p>Za prijavu na skup potrebno je poslati naslov teme, afilijaciju autora, sa\u017eetak do 250 rije\u010di i do pet klju\u010dnih rije\u010di. Rok je za prijavu sudjelovanja na skupu 1. lipnja 2025. godine. Prijave se primaju isklju\u010divo elektroni\u010dkom po\u0161tom na sljede\u0107u e-adresu: kultura@zvo.hr.<\/p>\n\n\n\n<p>Vi\u0161e o znanstvenom skupu na sljede\u0107oj poveznici:<\/p>\n\n\n\n<figure class=\"wp-block-embed is-type-wp-embed is-provider-zajedni-ko-ve-e-op-tina-vukovar wp-block-embed-zajedni-ko-ve-e-op-tina-vukovar\"><div class=\"wp-block-embed__wrapper\">\n<blockquote class=\"wp-embedded-content\" data-secret=\"DOuWdu8Vpf\"><a href=\"https:\/\/zvo.hr\/objave\/naucni-skup-s-medunarodnim-ucescem-proslost-i-kultura-srba-u-republici-hrvatskoj-2\/\">Nau\u010dni skup s me\u0111unarodnim u\u010de\u0161\u0107em \u201ePro\u0161lost i kultura Srba u Republici Hrvatskoj\u201c<\/a><\/blockquote><iframe loading=\"lazy\" class=\"wp-embedded-content\" sandbox=\"allow-scripts\" security=\"restricted\" style=\"position: absolute; visibility: hidden;\" title=\"&#8220;Nau\u010dni skup s me\u0111unarodnim u\u010de\u0161\u0107em \u201ePro\u0161lost i kultura Srba u Republici Hrvatskoj\u201c&#8221; &#8212; Zajedni\u010dko ve\u0107e op\u0161tina - VUKOVAR\" src=\"https:\/\/zvo.hr\/objave\/naucni-skup-s-medunarodnim-ucescem-proslost-i-kultura-srba-u-republici-hrvatskoj-2\/embed\/#?secret=utsNJXfLjY#?secret=DOuWdu8Vpf\" data-secret=\"DOuWdu8Vpf\" width=\"600\" height=\"338\" frameborder=\"0\" marginwidth=\"0\" marginheight=\"0\" scrolling=\"no\"><\/iframe>\n<\/div><\/figure>\n\n\n\n<hr class=\"wp-block-separator has-alpha-channel-opacity\"\/>\n","protected":false},"excerpt":{"rendered":"","protected":false},"author":2,"featured_media":40168,"comment_status":"open","ping_status":"open","sticky":false,"template":"","format":"standard","meta":{"_acf_changed":false,"jetpack_post_was_ever_published":false,"_jetpack_newsletter_access":"","_jetpack_dont_email_post_to_subs":false,"_jetpack_newsletter_tier_id":0,"_jetpack_memberships_contains_paywalled_content":false,"_jetpack_memberships_contains_paid_content":false,"footnotes":"","jetpack_publicize_message":"","jetpack_publicize_feature_enabled":true,"jetpack_social_post_already_shared":true,"jetpack_social_options":{"image_generator_settings":{"template":"highway","default_image_id":0,"font":"","enabled":false},"version":2}},"categories":[3,9],"tags":[],"class_list":["post-45853","post","type-post","status-publish","format-standard","has-post-thumbnail","hentry","category-novosti","category-skupovi"],"acf":{"facebook_opis":""},"jetpack_publicize_connections":[],"jetpack_featured_media_url":"https:\/\/i0.wp.com\/historiografija.hr\/wp-content\/uploads\/2024\/03\/logo.png?fit=890%2C432&ssl=1","jetpack_sharing_enabled":true,"jetpack-related-posts":[],"_links":{"self":[{"href":"https:\/\/historiografija.hr\/index.php?rest_route=\/wp\/v2\/posts\/45853","targetHints":{"allow":["GET"]}}],"collection":[{"href":"https:\/\/historiografija.hr\/index.php?rest_route=\/wp\/v2\/posts"}],"about":[{"href":"https:\/\/historiografija.hr\/index.php?rest_route=\/wp\/v2\/types\/post"}],"author":[{"embeddable":true,"href":"https:\/\/historiografija.hr\/index.php?rest_route=\/wp\/v2\/users\/2"}],"replies":[{"embeddable":true,"href":"https:\/\/historiografija.hr\/index.php?rest_route=%2Fwp%2Fv2%2Fcomments&post=45853"}],"version-history":[{"count":1,"href":"https:\/\/historiografija.hr\/index.php?rest_route=\/wp\/v2\/posts\/45853\/revisions"}],"predecessor-version":[{"id":45854,"href":"https:\/\/historiografija.hr\/index.php?rest_route=\/wp\/v2\/posts\/45853\/revisions\/45854"}],"wp:featuredmedia":[{"embeddable":true,"href":"https:\/\/historiografija.hr\/index.php?rest_route=\/wp\/v2\/media\/40168"}],"wp:attachment":[{"href":"https:\/\/historiografija.hr\/index.php?rest_route=%2Fwp%2Fv2%2Fmedia&parent=45853"}],"wp:term":[{"taxonomy":"category","embeddable":true,"href":"https:\/\/historiografija.hr\/index.php?rest_route=%2Fwp%2Fv2%2Fcategories&post=45853"},{"taxonomy":"post_tag","embeddable":true,"href":"https:\/\/historiografija.hr\/index.php?rest_route=%2Fwp%2Fv2%2Ftags&post=45853"}],"curies":[{"name":"wp","href":"https:\/\/api.w.org\/{rel}","templated":true}]}}