{"id":4584,"date":"2017-05-27T11:00:33","date_gmt":"2017-05-27T11:00:33","guid":{"rendered":"http:\/\/historiografija.hr\/?p=4584"},"modified":"2017-05-27T11:00:33","modified_gmt":"2017-05-27T11:00:33","slug":"predavanje-gala-kirna-100-godina-filma-izmedu-revolucije-i-sjecanja-na-revoluciju","status":"publish","type":"post","link":"https:\/\/historiografija.hr\/?p=4584","title":{"rendered":"Predavanje Gala Kirna: 100 godina filma &#8211; izme\u0111u revolucije i sje\u0107anja na revoluciju"},"content":{"rendered":"<p>U srijedu, 31. svibnja 2017. u 17 sati na Filozofskom fakultetu u Zagrebu.<\/p>\n<p>&nbsp;<\/p>\n<p>&#8212;<\/p>\n<p>&nbsp;<\/p>\n<p>&#8220;100 godina filma &#8211; izme\u0111u revolucije i sje\u0107anja na revoluciju&#8221; naslov je predavanja Gala Kirna koje \u0107e se odr\u017eati 31.5.2017. u 17.00 sati na Filozofskom fakultetu u Zagrebu u dvorani A 101. Predavanje je inicijalno doga\u0111anje programa Kvartovsko kino: Koraci grada 1957-2017.<\/p>\n<p>&nbsp;<\/p>\n<p>Predavanje Gala Kirna je osmi\u0161ljeno kao panoramski pogled na paradoksalan i intenzivan odnos filma i revolucije u perspektivi stogodi\u0161njice Oktobarske revolucije. Sovjetska rana kinematografija te\u017eila je biti konstitutivnim dijelom revolucije, kako u politi\u010dkom (u smislu participacije u izgradnji revolucije) tako i u estetskom spektru (monta\u017ea). Kirn \u0107e kratko usporediti razli\u010dite metode ubrzanja (Medvedkinovo kino-vlak, Eisensteinovu monta\u017eu atrakcija,&#8230;) kao i nove modele percepcije i osje\u0107ajnosti (Vertovljev &#8220;\u010covjek s filmskom kamerom&#8221;), te poku\u0161ati odgovoriti na sljede\u0107a pitanja: koje su bile prednosti i mane tih metoda i modela, te na koji nacin su vec ovi filmovi stvarali sjecanje o revoluciji (neki i nastaju u vrijeme 10-godisnjice revolucije). U zadnjom djelu izlaganja Kirn \u0107e propitivati na koji na\u010din su se ti modeli nastavili biti i\/ili bili izlo\u017eeni imanentnoj kritici u razdoblju 1960-ih.<\/p>\n<p>&nbsp;<\/p>\n<p>Ako \u0107e raspolo\u017eivo vrijeme dozvoliti, pokazati \u0107e za\u0161to su jugoslavenski i francuski novi val, odnosno njihova politi\u010dka esencija (\u017dilnik i Markers) u \u017ei\u017ei njegovog interesa: ako je Markers nasljednik radikalne Medvedkinove ideje kina-vlaka i prino\u0161enja kamere ljudima (Grupa Medvedkin), onda je \u017dilnik prigrlio i prakticirao narodnu perspektivu\/narativ\/memoriju u filmovima kao \u0161to je Ustanak u Jasku.<\/p>\n<p>U kojoj mjeri je sve navedeno povezano s postepenim iscrpljivanjem paradigme revolucije (Badiou, Ranciere), te ga\u0161enjem mo\u0107i kinematografije kao medija (Godard), te u kojoj mjeri mo\u017eemo, ako up\u0107e, govoriti o novoj simbiozi umjetnosti i politike danas?<\/p>\n<p>&nbsp;<\/p>\n<p>Ono \u0161to interesira Gala Kirna je napet, pa \u010dak i kontradiktoran odnos izme\u0111u sje\u0107anja i revolucije: ako je revolucija imanentno ikoniklasti\u010dka, poput postupka uni\u0161tavanja spomenika pro\u0161losti, za\u0161to je uop\u0107e potrebno ikakvo sje\u0107anje na revoluciju? Treba li revolucija, a time i revolucionarna umjetnost u tom smislu, kreirati ili konstruirati novi svijet?<\/p>\n<p>&nbsp;<\/p>\n<p>Ipak, neposredno kroz istra\u017eivanje revolucija 20.stolje\u0107a uo\u010diti \u0107emo kako su njihovi politi\u010dki nositelji u tijeku borbe ali i nakon nje, evocirali, \u0161tovi\u0161e zahtijevali, alternativno sje\u0107anje i alternativne spomeni\u010dke prakse. Tako se oblikuje i vrlo va\u017eno podpitanje: koji je smisao komemoriranja stogodi\u0161njice Oktobarske revolucije ili 170-godi\u0161njice objavljivanja Komunisti\u010dkog manifesta, bez nostalgije ili pretjerane melankolije? Na koji na\u010din djelovati protiv historijskog revizionizma koji demonizira sve revolucionarno i socijalisti\u010dko, ili, kako bi rekao Boris Buden, kulturalizira \u010ditavu suvremenu povijest Isto\u010dne Evrope u muzejima, kao proizvod koji treba zaboraviti ili komodificirati?<\/p>\n<p>&nbsp;<\/p>\n<p>Gal Kirn je predava\u010d na ICI &#8211; Institute for Cultural Inquiry u Berlinu. Iza njega je postdoktorsko istra\u017eivanje na Odjelu za slavistiku Humboldt sveu\u010dili\u0161ta u Berlinu, na Akademie Schloss Solitude te na Jan van Eyck Academie. Doktorsku dizertaciju pod naslovom &#8220;Politics and Reproduction in the work of Louis Althusser: Case of Socialist Yugoslavia&#8221; obranio je na Sveu\u010dili\u0161tu u Novoj Gorici.<\/p>\n<p>&nbsp;<\/p>\n<p>Najnovija Kirnova knjiga objavljena je na slovenskom jeziku: &#8220;Partizanski prelomi in protislovja trznega socializma v Jugoslaviji&#8221; \/ Partisan ruptures and contradictions of market socialism in Yugoslavia (Sophia, 2015).<\/p>\n<p>&nbsp;<\/p>\n<p>Urednik je i ko-urednik sljede\u0107ih izdanja: Encountering Althusser (Bloomsbury, 2012), Surfing the Black: Yugoslav Black Wave Cinema and Its Transgressive Moments (JVE Academie, 2012), Post-fordism and Its Discontents (JVE Academie; b_books, 2010) and New Public Spaces (JVE Academie; Moderna galerija, 2009).<\/p>\n<p>&nbsp;<\/p>\n<p>Tako\u0111er, Kirn je jedan od autora u sljede\u0107im izdanjima: Partisans in Yugoslavia (ur. Miranda Jaki\u0161a and Nikica Gili\u0107, Transcript, 2015), Retracing Images: Visual Culture after Yugoslavia (ur. Daniel \u0160uber and Slobodan Karamanic\u0301, Brill, 2012) te Raumschiff Yugoslawien \/ Spaceship Yugoslavia (ur. Naomi Hennig et al., Argobooks, 2011).<\/p>\n<p>&nbsp;<\/p>\n<p>Podr\u0161ka: Grad Zagreb &#8211; Ured za obrazovanje, kulturu i sport i Zaklada Kultura nova.<\/p>\n<p>&nbsp;<\/p>\n<p>Izvor: <a href=\"https:\/\/www.facebook.com\/events\/192176924616896\/\">https:\/\/www.facebook.com\/events\/192176924616896\/<\/a><\/p>\n<p>&nbsp;<\/p>\n<p>&nbsp;<\/p>\n","protected":false},"excerpt":{"rendered":"","protected":false},"author":2,"featured_media":4585,"comment_status":"open","ping_status":"open","sticky":false,"template":"","format":"standard","meta":{"_acf_changed":false,"jetpack_post_was_ever_published":false,"_jetpack_newsletter_access":"","_jetpack_dont_email_post_to_subs":false,"_jetpack_newsletter_tier_id":0,"_jetpack_memberships_contains_paywalled_content":false,"_jetpack_memberships_contains_paid_content":false,"footnotes":"","jetpack_publicize_message":"","jetpack_publicize_feature_enabled":true,"jetpack_social_post_already_shared":true,"jetpack_social_options":{"image_generator_settings":{"template":"highway","default_image_id":0,"font":"","enabled":false},"version":2}},"categories":[3],"tags":[],"class_list":["post-4584","post","type-post","status-publish","format-standard","has-post-thumbnail","hentry","category-novosti"],"acf":{"facebook_opis":""},"jetpack_publicize_connections":[],"jetpack_featured_media_url":"https:\/\/i0.wp.com\/historiografija.hr\/wp-content\/uploads\/2017\/05\/Kirn.jpg?fit=679%2C604&ssl=1","jetpack_sharing_enabled":true,"jetpack-related-posts":[{"id":52569,"url":"https:\/\/historiografija.hr\/?p=52569","url_meta":{"origin":4584,"position":0},"title":"[Predavanje] Ne \u010dekaju\u0107i inspiraciju \u2013 anga\u017eovane intelektualne, kulturalne i umetni\u010dke prakse u me\u0111uratnom periodu: teorija i praksa kriti\u010dke levice u jugoslovenskoj kulturi (YugoLab)","author":"Branimir Jankovi\u0107","date":"21. travnja 2026.","format":false,"excerpt":"U vreme agresivnog ja\u010danja globalne desnice, (pro)fa\u0161isti\u010dkih, rasisti\u010dkih i imperijalisti\u010dkih politika, dok je istovremeno globalna levica izrazito slaba, a progresivni pokreti atomizirani i fragmentisani, va\u017eno je iz savremene perspektive vratiti se revolucionarnim i emancipatorskim zbivanjima u jugoslovenskom (ali i s njima u vezi internacionalnim de\u0161avanjima), kao i dru\u0161tvenoj ulozi kulturalnih\u2026","rel":"","context":"U &quot;Novosti&quot;","block_context":{"text":"Novosti","link":"https:\/\/historiografija.hr\/?cat=3"},"img":{"alt_text":"","src":"","width":0,"height":0},"classes":[]},{"id":52496,"url":"https:\/\/historiografija.hr\/?p=52496","url_meta":{"origin":4584,"position":1},"title":"30 godina Podru\u017enice \u2013 Javno predavanje Matea \u010calu\u0161i\u0107a \u201eSlavonski Brod u Domovinskom ratu\u201c","author":"Branimir Jankovi\u0107","date":"17. travnja 2026.","format":false,"excerpt":"U 2026. navr\u0161ava se trideset godina od osnutka Podru\u017enice za povijest Slavonije, Srijema i Baranje Hrvatskoga instituta za povijest. Obilje\u017eavanje ove zna\u010dajne obljetnice zapo\u010dinje ciklusom javnih povijesnih predavanja znanstvenika Instituta. Tre\u0107e po redu je predavanje Matea \u010calu\u0161i\u0107a \u2013 \u201eSLAVONSKI BROD U DOMOVINSKOM RATU\u201c. Predavanje \u0107e se odr\u017eati 21. travnja 2026.\u2026","rel":"","context":"U &quot;Novosti&quot;","block_context":{"text":"Novosti","link":"https:\/\/historiografija.hr\/?cat=3"},"img":{"alt_text":"","src":"https:\/\/i0.wp.com\/historiografija.hr\/wp-content\/uploads\/2026\/04\/Predavanje-Calusic.png?fit=860%2C1200&ssl=1&resize=350%2C200","width":350,"height":200,"srcset":"https:\/\/i0.wp.com\/historiografija.hr\/wp-content\/uploads\/2026\/04\/Predavanje-Calusic.png?fit=860%2C1200&ssl=1&resize=350%2C200 1x, https:\/\/i0.wp.com\/historiografija.hr\/wp-content\/uploads\/2026\/04\/Predavanje-Calusic.png?fit=860%2C1200&ssl=1&resize=525%2C300 1.5x, https:\/\/i0.wp.com\/historiografija.hr\/wp-content\/uploads\/2026\/04\/Predavanje-Calusic.png?fit=860%2C1200&ssl=1&resize=700%2C400 2x"},"classes":[]},{"id":52563,"url":"https:\/\/historiografija.hr\/?p=52563","url_meta":{"origin":4584,"position":2},"title":"Predavanje Nenada Fabijani\u0107a o stadionu Poljud u Splitu","author":"Branimir Jankovi\u0107","date":"21. travnja 2026.","format":false,"excerpt":"Znanstveno vije\u0107e za arhitekturu, urbanizam i ure\u0111enje prostora Hrvatske akademije znanosti i umjetnosti organizira predavanje \u201cPo Poljudu\u201d koje \u0107e u srijedu 22. travnja 2026. s po\u010detkom u 14 sati u Knji\u017enici HAZU, Strossmayerov trg 14 u Zagrebu, odr\u017eati\u00a0prof. emerit. dr. art. Nenad Fabijani\u0107,\u00a0\u010dlan suradnik HAZU. Predavanje \u201ePo Poljudu\u201c (Projekt obnove)\u2026","rel":"","context":"U &quot;Novosti&quot;","block_context":{"text":"Novosti","link":"https:\/\/historiografija.hr\/?cat=3"},"img":{"alt_text":"","src":"https:\/\/i0.wp.com\/historiografija.hr\/wp-content\/uploads\/2026\/04\/Poljud-scaled.jpeg?fit=1200%2C800&ssl=1&resize=350%2C200","width":350,"height":200,"srcset":"https:\/\/i0.wp.com\/historiografija.hr\/wp-content\/uploads\/2026\/04\/Poljud-scaled.jpeg?fit=1200%2C800&ssl=1&resize=350%2C200 1x, https:\/\/i0.wp.com\/historiografija.hr\/wp-content\/uploads\/2026\/04\/Poljud-scaled.jpeg?fit=1200%2C800&ssl=1&resize=525%2C300 1.5x, https:\/\/i0.wp.com\/historiografija.hr\/wp-content\/uploads\/2026\/04\/Poljud-scaled.jpeg?fit=1200%2C800&ssl=1&resize=700%2C400 2x, https:\/\/i0.wp.com\/historiografija.hr\/wp-content\/uploads\/2026\/04\/Poljud-scaled.jpeg?fit=1200%2C800&ssl=1&resize=1050%2C600 3x"},"classes":[]},{"id":52619,"url":"https:\/\/historiografija.hr\/?p=52619","url_meta":{"origin":4584,"position":3},"title":"Predavanje \u0110ur\u0111ice Vitkovi\u0107 &#8220;Izme\u0111u pera i objektiva: Zagorka i Foto Tonka&#8221;","author":"Branimir Jankovi\u0107","date":"23. travnja 2026.","format":false,"excerpt":"Memorijalni stan Marije Juri\u0107 Zagorke poziva Vas na predavanje \u0110ur\u0111ice Vitkovi\u0107 \u201eIzme\u0111u pera i objektiva: Zagorka i Foto Tonka\u201c koje \u0107e se odr\u017eati u utorak, 28. travnja 2026. s po\u010detkom u 18 h u sklopu Ciklusa predavanja u Memorijalnom stanu Marije Juri\u0107 Zagorke. Kako su se susrele knji\u017eevnost i fotografija\u2026","rel":"","context":"U &quot;Novosti&quot;","block_context":{"text":"Novosti","link":"https:\/\/historiografija.hr\/?cat=3"},"img":{"alt_text":"","src":"https:\/\/i0.wp.com\/historiografija.hr\/wp-content\/uploads\/2024\/11\/Zagorka_ciklus.jpg?fit=1200%2C1006&ssl=1&resize=350%2C200","width":350,"height":200,"srcset":"https:\/\/i0.wp.com\/historiografija.hr\/wp-content\/uploads\/2024\/11\/Zagorka_ciklus.jpg?fit=1200%2C1006&ssl=1&resize=350%2C200 1x, https:\/\/i0.wp.com\/historiografija.hr\/wp-content\/uploads\/2024\/11\/Zagorka_ciklus.jpg?fit=1200%2C1006&ssl=1&resize=525%2C300 1.5x, https:\/\/i0.wp.com\/historiografija.hr\/wp-content\/uploads\/2024\/11\/Zagorka_ciklus.jpg?fit=1200%2C1006&ssl=1&resize=700%2C400 2x, https:\/\/i0.wp.com\/historiografija.hr\/wp-content\/uploads\/2024\/11\/Zagorka_ciklus.jpg?fit=1200%2C1006&ssl=1&resize=1050%2C600 3x"},"classes":[]},{"id":52547,"url":"https:\/\/historiografija.hr\/?p=52547","url_meta":{"origin":4584,"position":4},"title":"ISHA Zagreb \u2013 Filmska ve\u010der: Povratak Martina Guerrea","author":"Branimir Jankovi\u0107","date":"20. travnja 2026.","format":false,"excerpt":"Klub studenata povijesti \u2013 ISHA Zagreb poziva Vas na filmsku ve\u010der na kojoj \u0107e se prikazivati \u201ePovratak Martina Guerrea\u201c, povijesna drama iz 1982. godine s radnjom smje\u0161tenom u 16. stolje\u0107u. Radnja je utemeljena na stvarnoj povijesnoj li\u010dnosti Martina Guerrea koji se nakon mnogo godina izbivanja vra\u0107a u svoje rodno mjesto\u2026","rel":"","context":"U &quot;Filmovi i serije&quot;","block_context":{"text":"Filmovi i serije","link":"https:\/\/historiografija.hr\/?cat=13"},"img":{"alt_text":"","src":"https:\/\/i0.wp.com\/historiografija.hr\/wp-content\/uploads\/2026\/04\/M-Guerre.png?fit=702%2C1006&ssl=1&resize=350%2C200","width":350,"height":200,"srcset":"https:\/\/i0.wp.com\/historiografija.hr\/wp-content\/uploads\/2026\/04\/M-Guerre.png?fit=702%2C1006&ssl=1&resize=350%2C200 1x, https:\/\/i0.wp.com\/historiografija.hr\/wp-content\/uploads\/2026\/04\/M-Guerre.png?fit=702%2C1006&ssl=1&resize=525%2C300 1.5x, https:\/\/i0.wp.com\/historiografija.hr\/wp-content\/uploads\/2026\/04\/M-Guerre.png?fit=702%2C1006&ssl=1&resize=700%2C400 2x"},"classes":[]},{"id":52628,"url":"https:\/\/historiografija.hr\/?p=52628","url_meta":{"origin":4584,"position":5},"title":"Predavanje dopisnog \u010dlana HAZU Alaina Finkielkrauta Izrael, Europa, antisemitizam","author":"Branimir Jankovi\u0107","date":"23. travnja 2026.","format":false,"excerpt":"Francuski filozof Alain Finkielkraut, redoviti \u010dlan Francuske akademije i dopisni \u010dlan HAZU, odr\u017eat \u0107e predavanje\u00a0Izrael, Europa, antisemitizam u utorak 28. travnja 2026. u 13 sati u Knji\u017enici HAZU,\u00a0Strossmayerov trg 14 u Zagrebu. Uvodne rije\u010di odr\u017eat \u0107e\u00a0akademkinja \u017deljka \u010corak i\u00a0akademik Dra\u017een Katunari\u0107. Predavanje \u0107e se odr\u017eati na francuskom jeziku uz konsekutivno\u2026","rel":"","context":"U &quot;Novosti&quot;","block_context":{"text":"Novosti","link":"https:\/\/historiografija.hr\/?cat=3"},"img":{"alt_text":"","src":"https:\/\/i0.wp.com\/historiografija.hr\/wp-content\/uploads\/2026\/04\/Alain_Finkielkraut.jpg?fit=350%2C407&ssl=1&resize=350%2C200","width":350,"height":200},"classes":[]}],"_links":{"self":[{"href":"https:\/\/historiografija.hr\/index.php?rest_route=\/wp\/v2\/posts\/4584","targetHints":{"allow":["GET"]}}],"collection":[{"href":"https:\/\/historiografija.hr\/index.php?rest_route=\/wp\/v2\/posts"}],"about":[{"href":"https:\/\/historiografija.hr\/index.php?rest_route=\/wp\/v2\/types\/post"}],"author":[{"embeddable":true,"href":"https:\/\/historiografija.hr\/index.php?rest_route=\/wp\/v2\/users\/2"}],"replies":[{"embeddable":true,"href":"https:\/\/historiografija.hr\/index.php?rest_route=%2Fwp%2Fv2%2Fcomments&post=4584"}],"version-history":[{"count":1,"href":"https:\/\/historiografija.hr\/index.php?rest_route=\/wp\/v2\/posts\/4584\/revisions"}],"predecessor-version":[{"id":4586,"href":"https:\/\/historiografija.hr\/index.php?rest_route=\/wp\/v2\/posts\/4584\/revisions\/4586"}],"wp:featuredmedia":[{"embeddable":true,"href":"https:\/\/historiografija.hr\/index.php?rest_route=\/wp\/v2\/media\/4585"}],"wp:attachment":[{"href":"https:\/\/historiografija.hr\/index.php?rest_route=%2Fwp%2Fv2%2Fmedia&parent=4584"}],"wp:term":[{"taxonomy":"category","embeddable":true,"href":"https:\/\/historiografija.hr\/index.php?rest_route=%2Fwp%2Fv2%2Fcategories&post=4584"},{"taxonomy":"post_tag","embeddable":true,"href":"https:\/\/historiografija.hr\/index.php?rest_route=%2Fwp%2Fv2%2Ftags&post=4584"}],"curies":[{"name":"wp","href":"https:\/\/api.w.org\/{rel}","templated":true}]}}