{"id":45828,"date":"2025-04-14T21:58:42","date_gmt":"2025-04-14T21:58:42","guid":{"rendered":"https:\/\/historiografija.hr\/?p=45828"},"modified":"2025-04-14T22:01:02","modified_gmt":"2025-04-14T22:01:02","slug":"tara-zahra-against-the-world-anti-globalism-and-mass-politics-between-the-world-wars","status":"publish","type":"post","link":"https:\/\/historiografija.hr\/?p=45828","title":{"rendered":"Tara Zahra, \u201eAgainst the World: Anti-Globalism and Mass Politics Between the World Wars\u201c"},"content":{"rendered":"\n<p>Objavljena je 2023. knjiga povjesni\u010darke Tare Zahre \u201eAgainst the World: Anti-Globalism and Mass Politics Between the World Wars\u201c, koja je 2024. prevedena na njema\u010dki (\u201eGegen die Welt. Nationalismus und Abschottung in der Zwischenkriegszeit\u201c). Na hrvatski je 2025. preveden njezin \u010dlanak \u201eZami\u0161ljene nezajednice: nacionalna ravnodu\u0161nost kao analiti\u010dka kategorija\u201c (u <a href=\"https:\/\/historiografija.hr\/?p=45459\">zborniku<\/a> \u201eNadila\u017eenje nacionalne paradigme. Od historiografskog nacionalizma do transnacionalnih pristupa\u201c).<\/p>\n\n\n\n<hr class=\"wp-block-separator has-alpha-channel-opacity\"\/>\n\n\n\n<p><strong>A brilliant, eye-opening work of history that speaks volumes about today\u2019s battles over international trade, immigration, public health and global inequality.<\/strong><\/p>\n\n\n\n<p>Before the First World War, enthusiasm for a borderless world reached its height. International travel, migration, trade, and progressive projects on matters ranging from women\u2019s rights to world peace reached a crescendo. Yet in the same breath, an undercurrent of reaction was growing, one that would surge ahead with the outbreak of war and its aftermath.<\/p>\n\n\n\n<p>In <em>Against the World<\/em>, a sweeping and ambitious work of history, acclaimed scholar Tara Zahra examines how nationalism, rather than internationalism, came to ensnare world politics in the early twentieth century. The air went out of the globalist balloon with the First World War as quotas were put on immigration and tariffs on trade, not only in the United States but across Europe, where war and disease led to mass societal upheaval. The \u201cSpanish flu\u201d heightened anxieties about porous national boundaries. The global impact of the 1929 economic crash and the Great Depression amplified a quest for food security in Europe and economic autonomy worldwide. Demands for relief from the instability and inequality linked to globalization forged democracies and dictatorships alike, from Gandhi\u2019s India to America\u2019s New Deal and Hitler\u2019s Third Reich. Immigration restrictions, racially constituted notions of citizenship, anti-Semitism, and violent outbursts of hatred of the \u201cother\u201d became the norm\u2014coming to genocidal fruition in the Second World War.<\/p>\n\n\n\n<p>Millions across the political spectrum sought refuge from the imagined and real threats of the global economy in ways strikingly reminiscent of our contemporary political moment: new movements emerged focused on homegrown and local foods, domestically produced clothing and other goods, and back-to-the-land communities. Rich with astonishing detail gleaned from Zahra\u2019s unparalleled archival research in five languages, <em>Against the World<\/em> is a poignant and thorough exhumation of the popular sources of resistance to globalization. With anti-globalism a major tenet of today\u2019s extremist agendas, Zahra&#8217;s arrestingly clearsighted and wide-angled account is essential reading to grapple with our divided present.<\/p>\n\n\n\n<hr class=\"wp-block-separator has-alpha-channel-opacity\"\/>\n\n\n\n<p><a href=\"https:\/\/wwnorton.com\/books\/9780393651966\/about-the-book\/description\">https:\/\/wwnorton.com\/books\/9780393651966\/about-the-book\/description<\/a><\/p>\n\n\n\n<hr class=\"wp-block-separator has-alpha-channel-opacity\"\/>\n\n\n\n<p>Tara Zahra<\/p>\n\n\n\n<p><strong>Gegen die Welt<\/strong><\/p>\n\n\n\n<p><strong>Nationalismus und Abschottung in der Zwischenkriegszeit<\/strong><\/p>\n\n\n\n<p>Aus dem Englischen von Michael Bischoff<\/p>\n\n\n\n<p><a href=\"https:\/\/www.suhrkamp.de\/buch\/tara-zahra-gegen-die-welt-t-9783518431801\">https:\/\/www.suhrkamp.de\/buch\/tara-zahra-gegen-die-welt-t-9783518431801<\/a><\/p>\n\n\n\n<hr class=\"wp-block-separator has-alpha-channel-opacity\"\/>\n","protected":false},"excerpt":{"rendered":"","protected":false},"author":2,"featured_media":45829,"comment_status":"open","ping_status":"open","sticky":false,"template":"","format":"standard","meta":{"_acf_changed":false,"jetpack_post_was_ever_published":false,"_jetpack_newsletter_access":"","_jetpack_dont_email_post_to_subs":false,"_jetpack_newsletter_tier_id":0,"_jetpack_memberships_contains_paywalled_content":false,"_jetpack_memberships_contains_paid_content":false,"footnotes":"","jetpack_publicize_message":"","jetpack_publicize_feature_enabled":true,"jetpack_social_post_already_shared":true,"jetpack_social_options":{"image_generator_settings":{"template":"highway","default_image_id":0,"font":"","enabled":false},"version":2}},"categories":[8,3],"tags":[],"class_list":["post-45828","post","type-post","status-publish","format-standard","has-post-thumbnail","hentry","category-knjige","category-novosti"],"acf":{"facebook_opis":""},"jetpack_publicize_connections":[],"jetpack_featured_media_url":"https:\/\/i0.wp.com\/historiografija.hr\/wp-content\/uploads\/2025\/04\/Zahra.jpg?fit=300%2C450&ssl=1","jetpack_sharing_enabled":true,"jetpack-related-posts":[],"_links":{"self":[{"href":"https:\/\/historiografija.hr\/index.php?rest_route=\/wp\/v2\/posts\/45828","targetHints":{"allow":["GET"]}}],"collection":[{"href":"https:\/\/historiografija.hr\/index.php?rest_route=\/wp\/v2\/posts"}],"about":[{"href":"https:\/\/historiografija.hr\/index.php?rest_route=\/wp\/v2\/types\/post"}],"author":[{"embeddable":true,"href":"https:\/\/historiografija.hr\/index.php?rest_route=\/wp\/v2\/users\/2"}],"replies":[{"embeddable":true,"href":"https:\/\/historiografija.hr\/index.php?rest_route=%2Fwp%2Fv2%2Fcomments&post=45828"}],"version-history":[{"count":4,"href":"https:\/\/historiografija.hr\/index.php?rest_route=\/wp\/v2\/posts\/45828\/revisions"}],"predecessor-version":[{"id":45833,"href":"https:\/\/historiografija.hr\/index.php?rest_route=\/wp\/v2\/posts\/45828\/revisions\/45833"}],"wp:featuredmedia":[{"embeddable":true,"href":"https:\/\/historiografija.hr\/index.php?rest_route=\/wp\/v2\/media\/45829"}],"wp:attachment":[{"href":"https:\/\/historiografija.hr\/index.php?rest_route=%2Fwp%2Fv2%2Fmedia&parent=45828"}],"wp:term":[{"taxonomy":"category","embeddable":true,"href":"https:\/\/historiografija.hr\/index.php?rest_route=%2Fwp%2Fv2%2Fcategories&post=45828"},{"taxonomy":"post_tag","embeddable":true,"href":"https:\/\/historiografija.hr\/index.php?rest_route=%2Fwp%2Fv2%2Ftags&post=45828"}],"curies":[{"name":"wp","href":"https:\/\/api.w.org\/{rel}","templated":true}]}}