{"id":45824,"date":"2025-04-11T09:44:09","date_gmt":"2025-04-11T09:44:09","guid":{"rendered":"https:\/\/historiografija.hr\/?p=45824"},"modified":"2025-04-11T09:44:09","modified_gmt":"2025-04-11T09:44:09","slug":"strajk-u-znanosti-i-obrazovanju","status":"publish","type":"post","link":"https:\/\/historiografija.hr\/?p=45824","title":{"rendered":"\u0160trajk u znanosti i obrazovanju"},"content":{"rendered":"\n<p>U tijeku su cirkularni \u0161trajkovi u organizaciji Nezavisnog sindikata znanosti i visokog obrazovanja, Nezavisnog sindikata zaposlenih u srednjim \u0161kolama Hrvatske i \u0160kolskog sindikata Preporod. Jedan od zahtjeva odnosi se na \u201ejednogodi\u0161nju odgodu reforme strukovnog obrazovanja\u201c, o \u010dijoj je problematici ve\u0107 bilo rije\u010di na portalu Historiografija.hr.<\/p>\n\n\n\n<hr class=\"wp-block-separator has-alpha-channel-opacity\"\/>\n\n\n\n<p>Op\u0161irnije:<\/p>\n\n\n\n<p><a href=\"https:\/\/www.nsz.hr\">https:\/\/www.nsz.hr<\/a><\/p>\n\n\n\n<figure class=\"wp-block-embed is-type-wp-embed is-provider-nszssh wp-block-embed-nszssh\"><div class=\"wp-block-embed__wrapper\">\n<blockquote class=\"wp-embedded-content\" data-secret=\"l6VWbjkRiJ\"><a href=\"https:\/\/nszssh.hr\/\">Naslovnica<\/a><\/blockquote><iframe loading=\"lazy\" class=\"wp-embedded-content\" sandbox=\"allow-scripts\" security=\"restricted\" style=\"position: absolute; visibility: hidden;\" title=\"&#8220;Naslovnica&#8221; &#8212; NSZSSH\" src=\"https:\/\/nszssh.hr\/embed\/#?secret=wQ7msYLGTx#?secret=l6VWbjkRiJ\" data-secret=\"l6VWbjkRiJ\" width=\"600\" height=\"338\" frameborder=\"0\" marginwidth=\"0\" marginheight=\"0\" scrolling=\"no\"><\/iframe>\n<\/div><\/figure>\n\n\n\n<figure class=\"wp-block-embed is-type-wp-embed is-provider-preporod-web wp-block-embed-preporod-web\"><div class=\"wp-block-embed__wrapper\">\n<blockquote class=\"wp-embedded-content\" data-secret=\"9c2vGW9qjt\"><a href=\"https:\/\/sindikat-preporod.hr\/\">Naslovna<\/a><\/blockquote><iframe loading=\"lazy\" class=\"wp-embedded-content\" sandbox=\"allow-scripts\" security=\"restricted\" style=\"position: absolute; visibility: hidden;\" title=\"&#8220;Naslovna&#8221; &#8212; preporod-web\" src=\"https:\/\/sindikat-preporod.hr\/embed\/#?secret=gSI7DIeypl#?secret=9c2vGW9qjt\" data-secret=\"9c2vGW9qjt\" width=\"600\" height=\"338\" frameborder=\"0\" marginwidth=\"0\" marginheight=\"0\" scrolling=\"no\"><\/iframe>\n<\/div><\/figure>\n\n\n\n<p><a href=\"https:\/\/mzom.gov.hr\">https:\/\/mzom.gov.hr<\/a><\/p>\n\n\n\n<p><a href=\"https:\/\/vijesti.hrt.hr\/hrvatska\/posljednji-je-peti-krug-strajka-u-prosvjeti-12105258\">https:\/\/vijesti.hrt.hr\/hrvatska\/posljednji-je-peti-krug-strajka-u-prosvjeti-12105258<\/a><\/p>\n\n\n\n<hr class=\"wp-block-separator has-alpha-channel-opacity\"\/>\n\n\n\n<p><strong>Prethodne obavijesti na portalu Historiografija.hr:<\/strong><\/p>\n\n\n\n<figure class=\"wp-block-embed is-type-wp-embed is-provider-historiografija-hr wp-block-embed-historiografija-hr\"><div class=\"wp-block-embed__wrapper\">\n<blockquote class=\"wp-embedded-content\" data-secret=\"cdjFbrc7UI\"><a href=\"https:\/\/historiografija.hr\/?p=45352\">HRT: Svi hrvatski \u0161trajkovi u prosvjeti<\/a><\/blockquote><iframe loading=\"lazy\" class=\"wp-embedded-content\" sandbox=\"allow-scripts\" security=\"restricted\" style=\"position: absolute; visibility: hidden;\" title=\"&#8220;HRT: Svi hrvatski \u0161trajkovi u prosvjeti&#8221; &#8212; Historiografija.hr\" src=\"https:\/\/historiografija.hr\/?p=45352&#038;embed=true#?secret=MV5JnpO7js#?secret=cdjFbrc7UI\" data-secret=\"cdjFbrc7UI\" width=\"600\" height=\"338\" frameborder=\"0\" marginwidth=\"0\" marginheight=\"0\" scrolling=\"no\"><\/iframe>\n<\/div><\/figure>\n\n\n\n<hr class=\"wp-block-separator has-alpha-channel-opacity\"\/>\n\n\n\n<figure class=\"wp-block-embed is-type-wp-embed is-provider-historiografija-hr wp-block-embed-historiografija-hr\"><div class=\"wp-block-embed__wrapper\">\n<blockquote class=\"wp-embedded-content\" data-secret=\"0kvnQJorGU\"><a href=\"https:\/\/historiografija.hr\/?p=44626\">Hrvatski institut za povijest: Podr\u0161ka inicijativi \u201cNastavnici povijesti\u201d<\/a><\/blockquote><iframe loading=\"lazy\" class=\"wp-embedded-content\" sandbox=\"allow-scripts\" security=\"restricted\" style=\"position: absolute; visibility: hidden;\" title=\"&#8220;Hrvatski institut za povijest: Podr\u0161ka inicijativi \u201cNastavnici povijesti\u201d&#8221; &#8212; Historiografija.hr\" src=\"https:\/\/historiografija.hr\/?p=44626&#038;embed=true#?secret=3DU9EnrMYY#?secret=0kvnQJorGU\" data-secret=\"0kvnQJorGU\" width=\"600\" height=\"338\" frameborder=\"0\" marginwidth=\"0\" marginheight=\"0\" scrolling=\"no\"><\/iframe>\n<\/div><\/figure>\n\n\n\n<hr class=\"wp-block-separator has-alpha-channel-opacity\"\/>\n\n\n\n<figure class=\"wp-block-embed is-type-wp-embed is-provider-historiografija-hr wp-block-embed-historiografija-hr\"><div class=\"wp-block-embed__wrapper\">\n<blockquote class=\"wp-embedded-content\" data-secret=\"Ak1D0WpHUG\"><a href=\"https:\/\/historiografija.hr\/?p=40100\">Okrugli stol \u201eModularna nastava i dru\u0161tveni predmeti u strukovnim \u0161kolama u Hrvatskoj\u201c<\/a><\/blockquote><iframe loading=\"lazy\" class=\"wp-embedded-content\" sandbox=\"allow-scripts\" security=\"restricted\" style=\"position: absolute; visibility: hidden;\" title=\"&#8220;Okrugli stol \u201eModularna nastava i dru\u0161tveni predmeti u strukovnim \u0161kolama u Hrvatskoj\u201c&#8221; &#8212; Historiografija.hr\" src=\"https:\/\/historiografija.hr\/?p=40100&#038;embed=true#?secret=lyP9qDfKgy#?secret=Ak1D0WpHUG\" data-secret=\"Ak1D0WpHUG\" width=\"600\" height=\"338\" frameborder=\"0\" marginwidth=\"0\" marginheight=\"0\" scrolling=\"no\"><\/iframe>\n<\/div><\/figure>\n\n\n\n<hr class=\"wp-block-separator has-alpha-channel-opacity\"\/>\n\n\n\n<figure class=\"wp-block-embed is-type-wp-embed is-provider-historiografija-hr wp-block-embed-historiografija-hr\"><div class=\"wp-block-embed__wrapper\">\n<blockquote class=\"wp-embedded-content\" data-secret=\"yyXwjlaxap\"><a href=\"https:\/\/historiografija.hr\/?p=39577\">Reakcija Odsjeka za povijest Filozofskog fakulteta Sveu\u010dili\u0161ta u Zagrebu na Prijedlog kurikuluma povijesti za srednjo\u0161kolsko strukovno obrazovanje<\/a><\/blockquote><iframe loading=\"lazy\" class=\"wp-embedded-content\" sandbox=\"allow-scripts\" security=\"restricted\" style=\"position: absolute; visibility: hidden;\" title=\"&#8220;Reakcija Odsjeka za povijest Filozofskog fakulteta Sveu\u010dili\u0161ta u Zagrebu na Prijedlog kurikuluma povijesti za srednjo\u0161kolsko strukovno obrazovanje&#8221; &#8212; Historiografija.hr\" src=\"https:\/\/historiografija.hr\/?p=39577&#038;embed=true#?secret=ANOFLJHbsv#?secret=yyXwjlaxap\" data-secret=\"yyXwjlaxap\" width=\"600\" height=\"338\" frameborder=\"0\" marginwidth=\"0\" marginheight=\"0\" scrolling=\"no\"><\/iframe>\n<\/div><\/figure>\n\n\n\n<hr class=\"wp-block-separator has-alpha-channel-opacity\"\/>\n\n\n\n<figure class=\"wp-block-embed is-type-wp-embed is-provider-historiografija-hr wp-block-embed-historiografija-hr\"><div class=\"wp-block-embed__wrapper\">\n<blockquote class=\"wp-embedded-content\" data-secret=\"HWQ7k9Le4p\"><a href=\"https:\/\/historiografija.hr\/?p=38973\">Pokrenuta peticija \u201cStop sje\u010di nastave povijesti u hrvatskim \u0161kolama\u201d<\/a><\/blockquote><iframe loading=\"lazy\" class=\"wp-embedded-content\" sandbox=\"allow-scripts\" security=\"restricted\" style=\"position: absolute; visibility: hidden;\" title=\"&#8220;Pokrenuta peticija \u201cStop sje\u010di nastave povijesti u hrvatskim \u0161kolama\u201d&#8221; &#8212; Historiografija.hr\" src=\"https:\/\/historiografija.hr\/?p=38973&#038;embed=true#?secret=XFbGqbWkl1#?secret=HWQ7k9Le4p\" data-secret=\"HWQ7k9Le4p\" width=\"600\" height=\"338\" frameborder=\"0\" marginwidth=\"0\" marginheight=\"0\" scrolling=\"no\"><\/iframe>\n<\/div><\/figure>\n\n\n\n<hr class=\"wp-block-separator has-alpha-channel-opacity\"\/>\n\n\n\n<figure class=\"wp-block-embed is-type-wp-embed is-provider-historiografija-hr wp-block-embed-historiografija-hr\"><div class=\"wp-block-embed__wrapper\">\n<blockquote class=\"wp-embedded-content\" data-secret=\"KoU1L9vpiN\"><a href=\"https:\/\/historiografija.hr\/?p=35717\">Dopisi Dru\u0161tva za hrvatsku povjesnicu o nastavi povijesti povodom reforme strukovnog obrazovanja<\/a><\/blockquote><iframe loading=\"lazy\" class=\"wp-embedded-content\" sandbox=\"allow-scripts\" security=\"restricted\" style=\"position: absolute; visibility: hidden;\" title=\"&#8220;Dopisi Dru\u0161tva za hrvatsku povjesnicu o nastavi povijesti povodom reforme strukovnog obrazovanja&#8221; &#8212; Historiografija.hr\" src=\"https:\/\/historiografija.hr\/?p=35717&#038;embed=true#?secret=0g1ES4aEQr#?secret=KoU1L9vpiN\" data-secret=\"KoU1L9vpiN\" width=\"600\" height=\"338\" frameborder=\"0\" marginwidth=\"0\" marginheight=\"0\" scrolling=\"no\"><\/iframe>\n<\/div><\/figure>\n\n\n\n<hr class=\"wp-block-separator has-alpha-channel-opacity\"\/>\n\n\n\n<figure class=\"wp-block-embed is-type-wp-embed is-provider-historiografija-hr wp-block-embed-historiografija-hr\"><div class=\"wp-block-embed__wrapper\">\n<blockquote class=\"wp-embedded-content\" data-secret=\"c7vsX8PL3w\"><a href=\"https:\/\/historiografija.hr\/?p=11499\">O ukidanju nastave povijesti u trogodi\u0161njim strukovnim \u0161kolama i pozivima profesorima povijesti na prekvalificiranje<\/a><\/blockquote><iframe loading=\"lazy\" class=\"wp-embedded-content\" sandbox=\"allow-scripts\" security=\"restricted\" style=\"position: absolute; visibility: hidden;\" title=\"&#8220;O ukidanju nastave povijesti u trogodi\u0161njim strukovnim \u0161kolama i pozivima profesorima povijesti na prekvalificiranje&#8221; &#8212; Historiografija.hr\" src=\"https:\/\/historiografija.hr\/?p=11499&#038;embed=true#?secret=2w05ApzIgq#?secret=c7vsX8PL3w\" data-secret=\"c7vsX8PL3w\" width=\"600\" height=\"338\" frameborder=\"0\" marginwidth=\"0\" marginheight=\"0\" scrolling=\"no\"><\/iframe>\n<\/div><\/figure>\n\n\n\n<hr class=\"wp-block-separator has-alpha-channel-opacity\"\/>\n\n\n\n<figure class=\"wp-block-embed is-type-wp-embed is-provider-historiografija-hr wp-block-embed-historiografija-hr\"><div class=\"wp-block-embed__wrapper\">\n<blockquote class=\"wp-embedded-content\" data-secret=\"EJ4tRbLtN8\"><a href=\"https:\/\/historiografija.hr\/?p=11442\">O ukidanju nastave povijesti u trogodi\u0161njim strukovnim \u0161kolama<\/a><\/blockquote><iframe loading=\"lazy\" class=\"wp-embedded-content\" sandbox=\"allow-scripts\" security=\"restricted\" style=\"position: absolute; visibility: hidden;\" title=\"&#8220;O ukidanju nastave povijesti u trogodi\u0161njim strukovnim \u0161kolama&#8221; &#8212; Historiografija.hr\" src=\"https:\/\/historiografija.hr\/?p=11442&#038;embed=true#?secret=Bytc1nX7mi#?secret=EJ4tRbLtN8\" data-secret=\"EJ4tRbLtN8\" width=\"600\" height=\"338\" frameborder=\"0\" marginwidth=\"0\" marginheight=\"0\" scrolling=\"no\"><\/iframe>\n<\/div><\/figure>\n\n\n\n<hr class=\"wp-block-separator has-alpha-channel-opacity\"\/>\n\n\n\n<figure class=\"wp-block-embed is-type-wp-embed is-provider-historiografija-hr wp-block-embed-historiografija-hr\"><div class=\"wp-block-embed__wrapper\">\n<blockquote class=\"wp-embedded-content\" data-secret=\"g2B0UjlBAK\"><a href=\"https:\/\/historiografija.hr\/?p=11181\">Reakcija HUNP-a na ukidanje nastave povijesti u strukovnim \u0161kolama<\/a><\/blockquote><iframe loading=\"lazy\" class=\"wp-embedded-content\" sandbox=\"allow-scripts\" security=\"restricted\" style=\"position: absolute; visibility: hidden;\" title=\"&#8220;Reakcija HUNP-a na ukidanje nastave povijesti u strukovnim \u0161kolama&#8221; &#8212; Historiografija.hr\" src=\"https:\/\/historiografija.hr\/?p=11181&#038;embed=true#?secret=1C1jO50ykJ#?secret=g2B0UjlBAK\" data-secret=\"g2B0UjlBAK\" width=\"600\" height=\"338\" frameborder=\"0\" marginwidth=\"0\" marginheight=\"0\" scrolling=\"no\"><\/iframe>\n<\/div><\/figure>\n\n\n\n<hr class=\"wp-block-separator has-alpha-channel-opacity\"\/>\n","protected":false},"excerpt":{"rendered":"","protected":false},"author":2,"featured_media":45825,"comment_status":"open","ping_status":"open","sticky":false,"template":"","format":"standard","meta":{"_acf_changed":false,"jetpack_post_was_ever_published":false,"_jetpack_newsletter_access":"","_jetpack_dont_email_post_to_subs":false,"_jetpack_newsletter_tier_id":0,"_jetpack_memberships_contains_paywalled_content":false,"_jetpack_memberships_contains_paid_content":false,"footnotes":"","jetpack_publicize_message":"","jetpack_publicize_feature_enabled":true,"jetpack_social_post_already_shared":true,"jetpack_social_options":{"image_generator_settings":{"template":"highway","default_image_id":0,"font":"","enabled":false},"version":2}},"categories":[3],"tags":[],"class_list":["post-45824","post","type-post","status-publish","format-standard","has-post-thumbnail","hentry","category-novosti"],"acf":{"facebook_opis":""},"jetpack_publicize_connections":[],"jetpack_featured_media_url":"https:\/\/i0.wp.com\/historiografija.hr\/wp-content\/uploads\/2025\/04\/Strajk.jpg?fit=2000%2C1500&ssl=1","jetpack_sharing_enabled":true,"jetpack-related-posts":[],"_links":{"self":[{"href":"https:\/\/historiografija.hr\/index.php?rest_route=\/wp\/v2\/posts\/45824","targetHints":{"allow":["GET"]}}],"collection":[{"href":"https:\/\/historiografija.hr\/index.php?rest_route=\/wp\/v2\/posts"}],"about":[{"href":"https:\/\/historiografija.hr\/index.php?rest_route=\/wp\/v2\/types\/post"}],"author":[{"embeddable":true,"href":"https:\/\/historiografija.hr\/index.php?rest_route=\/wp\/v2\/users\/2"}],"replies":[{"embeddable":true,"href":"https:\/\/historiografija.hr\/index.php?rest_route=%2Fwp%2Fv2%2Fcomments&post=45824"}],"version-history":[{"count":1,"href":"https:\/\/historiografija.hr\/index.php?rest_route=\/wp\/v2\/posts\/45824\/revisions"}],"predecessor-version":[{"id":45826,"href":"https:\/\/historiografija.hr\/index.php?rest_route=\/wp\/v2\/posts\/45824\/revisions\/45826"}],"wp:featuredmedia":[{"embeddable":true,"href":"https:\/\/historiografija.hr\/index.php?rest_route=\/wp\/v2\/media\/45825"}],"wp:attachment":[{"href":"https:\/\/historiografija.hr\/index.php?rest_route=%2Fwp%2Fv2%2Fmedia&parent=45824"}],"wp:term":[{"taxonomy":"category","embeddable":true,"href":"https:\/\/historiografija.hr\/index.php?rest_route=%2Fwp%2Fv2%2Fcategories&post=45824"},{"taxonomy":"post_tag","embeddable":true,"href":"https:\/\/historiografija.hr\/index.php?rest_route=%2Fwp%2Fv2%2Ftags&post=45824"}],"curies":[{"name":"wp","href":"https:\/\/api.w.org\/{rel}","templated":true}]}}