{"id":45820,"date":"2025-04-10T21:39:10","date_gmt":"2025-04-10T21:39:10","guid":{"rendered":"https:\/\/historiografija.hr\/?p=45820"},"modified":"2025-04-10T21:40:45","modified_gmt":"2025-04-10T21:40:45","slug":"poziv-za-radove-zbornik-radova-o-protestima-u-srbiji-2024-2025","status":"publish","type":"post","link":"https:\/\/historiografija.hr\/?p=45820","title":{"rendered":"Poziv za radove &#8211; Zbornik radova o protestima u Srbiji 2024\u20132025."},"content":{"rendered":"\n<p class=\"has-text-align-center\"><strong>Protesti i nove demokratske imaginacije u Srbiji<\/strong><\/p>\n\n\n\n<p>Krajem 2024. i po\u010detkom 2025. godine, Srbija je bila svedok jednog od najve\u0107ih protestnih pokreta u svojoj novijoj istoriji. Ono \u0161to je zapo\u010delo kao komemoracija \u017ertava tragi\u010dnog doga\u0111aja brzo je preraslo u masovnu mobilizaciju predvo\u0111enu studentima, preoblikuju\u0107i politi\u010dke rasprave u zemlji, ali i \u0161ire. Okupacije, blokade, protesti, bojkoti i \u0161trajkovi tokom naredna tri meseca skrenuli su pa\u017enju na uspavani potencijal grassroots pokreta u ja\u010danju demokratije i gra\u0111anskog anga\u017eovanja.<\/p>\n\n\n\n<p>Ovaj dru\u0161tveni pokret predvo\u0111en studentima karakterisala je \u0161iroka participacija, rezultiraju\u0107i nekim od najve\u0107ih protesta u istoriji Srbije i uvode\u0107i nove organizacione i mobilizacione strategije. Otvorio je klju\u010dna pitanja o borbi za politi\u010dku mo\u0107, odgovornost i vladavinu prava u Srbiji i regionu. Tako\u0111e, ponovo je pokrenuo debate o mogu\u0107nostima politi\u010dkih promena putem dru\u0161tvenih pokreta i o ulozi doma\u0107ih i me\u0111unarodnih politi\u010dkih aktera u \u0161iroj borbi za demokratiju.<\/p>\n\n\n\n<p>Osim svojih neposrednih politi\u010dkih zahteva, studentski pokret&nbsp; signalizirao je i mogu\u0107u promenu u percepciji politike. Odbacuju\u0107i tradicionalne politi\u010dke strukture i hijerarhijsko vo\u0111stvo, pokret je osporio ne samo vladaju\u0107i establi\u0161ment, ve\u0107 i samu ideju predstavni\u010dke politike, &nbsp;dok je istovremeno zahtevao povratak funkcionalnim demokratskim institucijama u svetlu rastu\u0107e autoritarnosti.<\/p>\n\n\n\n<p>Ovaj zbornik radova okuplja razli\u010dite akademske perspektive o protestnom pokretu u Srbiji 2024\u20132025. godine. Ohrabrujemo autore iz razli\u010ditih disciplina, uklju\u010duju\u0107i politi\u010dke nauke, sociologiju, me\u0111unarodne odnose, istoriju, antropologiju, pravo, studije kulture i medija. Istra\u017eivanjem razli\u010ditih dimenzija pokreta, zbornik \u0107e ponuditi sveobuhvatno razumevanje doga\u0111aja, njihovih uzroka i \u0161irih dru\u0161tvenih i politi\u010dkih implikacija.<\/p>\n\n\n\n<p>Mogu\u0107e tematske oblasti uklju\u010duju, ali nisu ograni\u010dene na:<\/p>\n\n\n\n<ul class=\"wp-block-list\">\n<li>Istorijski kontekst protestnih pokreta na Balkanu<\/li>\n\n\n\n<li>Analiza zahteva i evolucije protestnog pokreta<\/li>\n\n\n\n<li>Sli\u010dnosti i razlike u odnosu na prethodne proteste u Srbiji<\/li>\n\n\n\n<li>Korupcija, odgovornost i vladavina prava kroz prizmu pokreta<\/li>\n\n\n\n<li>Pore\u0111enja sa protestima u drugim delovima Balkana ili \u0161irem regionu<\/li>\n\n\n\n<li>Pogledi na deliberativnu i direktnu demokratiju unutar studentskog pokreta<\/li>\n\n\n\n<li>Online i offline strategije mobilizacije<\/li>\n\n\n\n<li>Odnosi sa razli\u010ditim mre\u017eama civilnog dru\u0161tva i drugim politi\u010dkim akterima<\/li>\n\n\n\n<li>Reakcije vlasti i implikacije za demokratsko upravljanje<\/li>\n\n\n\n<li>Stavovi me\u0111unarodnih aktera, naro\u010dito Evropske unije<\/li>\n\n\n\n<li>Dinamika protesta i formiranje kolektivnog identiteta<\/li>\n\n\n\n<li>Uloga umetnosti, muzike, vizuelnog i kreativnog izra\u017eavanja u mobilizaciji<\/li>\n\n\n\n<li>Izve\u0161tavanje tradicionalnih i novih medija, narativi i kontra-narativi<\/li>\n\n\n\n<li>U\u010de\u0161\u0107e manjinskih zajednica i pitanja intersekcionalnosti<\/li>\n\n\n\n<li>Uticaj transnacionalnih interakcija i mre\u017ea solidarnosti<\/li>\n<\/ul>\n\n\n\n<p class=\"has-text-align-center\"><strong>Smernice za prijavu<\/strong><\/p>\n\n\n\n<p>Zbornik ure\u0111uju:<\/p>\n\n\n\n<ul class=\"wp-block-list\">\n<li><strong>Florian Bieber<\/strong> (Univerzitet u Gracu, Centar za studije Jugoisto\u010dne Evrope)<\/li>\n\n\n\n<li><strong>Gazela Pudar Dra\u0161ko<\/strong> (Univerzitet u Beogradu, Institut za filozofiju i dru\u0161tvenu teoriju)<\/li>\n\n\n\n<li><strong>Vujo Ili\u0107<\/strong> (Univerzitet u Beogradu, Institut za filozofiju i dru\u0161tvenu teoriju)<\/li>\n<\/ul>\n\n\n\n<p>Ure\u0111iva\u010dki tim kombinuje ekspertizu u oblastima studija Jugoisto\u010dne Evrope, dru\u0161tvenih pokreta i demokratije. Urednici \u0107e pregledati apstrakte i pozvati odabrane autore da dostave kompletne rukopise i u\u010destvuju na radionici. Poglavlja koja budu prihva\u0107ena nakon recenzije bi\u0107e podvrgnuta finalnim izmenama pre objavljivanja.<br>Urednici \u0107e pru\u017eiti jasne i konstruktivne povratne informacije kako bi pomogli autorima da dorade svoja poglavlja. Ovo je od posebne va\u017enosti uzimaju\u0107i u obzir to da se predlozi i poglavlja mogu revidirati tokom pisanja kako bi se prilagodili teku\u0107im protestima i razvoju pokreta.<\/p>\n\n\n\n<p><strong>Slanje apstrakata<\/strong><\/p>\n\n\n\n<p><strong>Rok:<\/strong> 15. maj 2025. godine<br><strong>Du\u017eina:<\/strong> Do 500 re\u010di (bez referenci)<br><strong>Zahtevi:<\/strong><\/p>\n\n\n\n<ul class=\"wp-block-list\">\n<li>Navedite klju\u010dne argumente poglavlja, teorijski okvir i metodolo\u0161ki pristup (ako je primenjivo)<\/li>\n\n\n\n<li>Uklju\u010dite predlo\u017eeni naslov poglavlja, ime(n\u0430) autora, afilijaciju(e) i kontakt podatke<\/li>\n\n\n\n<li>Po\u0161aljite u Word dokumentu na: <a href=\"mailto:contributions@ifdt.bg.ac.rs\"><strong>contributions@ifdt.bg.ac.rs<\/strong><\/a><\/li>\n\n\n\n<li>Naslov mejla: <em>Serbian Protests \u2013 Abstract Submission<\/em><\/li>\n\n\n\n<li>Odluke \u0107e biti saop\u0161tene do 15. juna 2025.<\/li>\n<\/ul>\n\n\n\n<p><strong>Slanje prve verzije<\/strong><\/p>\n\n\n\n<p><strong>Rok:<\/strong> 1. oktobar 2025. godine<\/p>\n\n\n\n<p>Pozvani autori u\u010destvova\u0107e u radionici zakazanoj za oktobar 2025. godine.<\/p>\n\n\n\n<p><strong>Kona\u010dna verzija poglavlja<\/strong><\/p>\n\n\n\n<p><strong>Rok:<\/strong> 1. decembar 2025. godine<br><strong>Du\u017eina:<\/strong> 7.000\u20138.000 re\u010di (uklju\u010duju\u0107i reference i fusnote)<br><strong>Recenzija:<\/strong> Sva poglavlja bi\u0107e podvrgnuta dvostrukoj anonimnoj recenziji<br><strong>Formatiranje:<\/strong> Smernice \u0107e biti dostavljene nakon prihvatanja apstrakta<\/p>\n\n\n\n<p>Zbornik \u0107e biti ponu\u0111en izdava\u010dkoj ku\u0107i <strong>Routledge<\/strong>, jednom od najuglednijih svetskih izdava\u010da u oblasti dru\u0161tvenih i humanisti\u010dkih nauka. Bi\u0107e razmatran za uvr\u0161tavanje u seriju <em>Southeast European Studies<\/em>, vode\u0107i forum za nau\u010dna istra\u017eivanja o Jugoisto\u010dnoj Evropi.<\/p>\n\n\n\n<p>Za sva pitanja u vezi sa temom ili prikladno\u0161\u0107u va\u0161e prijave, slobodno se obratite urednicima na mejl: <a href=\"mailto:contributions@ifdt.bg.ac.rs\"><strong>contributions@ifdt.bg.ac.rs<\/strong><\/a><\/p>\n\n\n\n<p>Radujemo se va\u0161im prijavama!<\/p>\n\n\n\n<hr class=\"wp-block-separator has-alpha-channel-opacity\"\/>\n\n\n\n<p>Izvor:<\/p>\n\n\n\n<figure class=\"wp-block-embed is-type-wp-embed is-provider-institut-za-filozofiju-i-dru-tvenu-teoriju wp-block-embed-institut-za-filozofiju-i-dru-tvenu-teoriju\"><div class=\"wp-block-embed__wrapper\">\n<blockquote class=\"wp-embedded-content\" data-secret=\"6YeyTt2POe\"><a href=\"https:\/\/ifdt.bg.ac.rs\/2025\/04\/poziv-za-radove-poziv-za-radove-zbornik-radova-o-protestima-u-srbiji-2024-2025\/\">Poziv za radove &#8211; Poziv za radove  Zbornik radova o protestima u Srbiji 2024\u20132025.<\/a><\/blockquote><iframe loading=\"lazy\" class=\"wp-embedded-content\" sandbox=\"allow-scripts\" security=\"restricted\" style=\"position: absolute; visibility: hidden;\" title=\"&#132;Poziv za radove &#8211; Poziv za radove  Zbornik radova o protestima u Srbiji 2024\u20132025.&#147; &#8212; INSTITUT ZA FILOZOFIJU I DRU\u0160TVENU TEORIJU\" src=\"https:\/\/ifdt.bg.ac.rs\/2025\/04\/poziv-za-radove-poziv-za-radove-zbornik-radova-o-protestima-u-srbiji-2024-2025\/embed\/#?secret=bzgRbApEOH#?secret=6YeyTt2POe\" data-secret=\"6YeyTt2POe\" width=\"600\" height=\"338\" frameborder=\"0\" marginwidth=\"0\" marginheight=\"0\" scrolling=\"no\"><\/iframe>\n<\/div><\/figure>\n\n\n\n<hr class=\"wp-block-separator has-alpha-channel-opacity\"\/>\n","protected":false},"excerpt":{"rendered":"","protected":false},"author":2,"featured_media":45821,"comment_status":"open","ping_status":"open","sticky":false,"template":"","format":"standard","meta":{"_acf_changed":false,"jetpack_post_was_ever_published":false,"_jetpack_newsletter_access":"","_jetpack_dont_email_post_to_subs":false,"_jetpack_newsletter_tier_id":0,"_jetpack_memberships_contains_paywalled_content":false,"_jetpack_memberships_contains_paid_content":false,"footnotes":"","jetpack_publicize_message":"","jetpack_publicize_feature_enabled":true,"jetpack_social_post_already_shared":true,"jetpack_social_options":{"image_generator_settings":{"template":"highway","default_image_id":0,"font":"","enabled":false},"version":2}},"categories":[3],"tags":[],"class_list":["post-45820","post","type-post","status-publish","format-standard","has-post-thumbnail","hentry","category-novosti"],"acf":{"facebook_opis":""},"jetpack_publicize_connections":[],"jetpack_featured_media_url":"https:\/\/i0.wp.com\/historiografija.hr\/wp-content\/uploads\/2025\/04\/CfC.jpg?fit=1080%2C1080&ssl=1","jetpack_sharing_enabled":true,"jetpack-related-posts":[],"_links":{"self":[{"href":"https:\/\/historiografija.hr\/index.php?rest_route=\/wp\/v2\/posts\/45820","targetHints":{"allow":["GET"]}}],"collection":[{"href":"https:\/\/historiografija.hr\/index.php?rest_route=\/wp\/v2\/posts"}],"about":[{"href":"https:\/\/historiografija.hr\/index.php?rest_route=\/wp\/v2\/types\/post"}],"author":[{"embeddable":true,"href":"https:\/\/historiografija.hr\/index.php?rest_route=\/wp\/v2\/users\/2"}],"replies":[{"embeddable":true,"href":"https:\/\/historiografija.hr\/index.php?rest_route=%2Fwp%2Fv2%2Fcomments&post=45820"}],"version-history":[{"count":2,"href":"https:\/\/historiografija.hr\/index.php?rest_route=\/wp\/v2\/posts\/45820\/revisions"}],"predecessor-version":[{"id":45823,"href":"https:\/\/historiografija.hr\/index.php?rest_route=\/wp\/v2\/posts\/45820\/revisions\/45823"}],"wp:featuredmedia":[{"embeddable":true,"href":"https:\/\/historiografija.hr\/index.php?rest_route=\/wp\/v2\/media\/45821"}],"wp:attachment":[{"href":"https:\/\/historiografija.hr\/index.php?rest_route=%2Fwp%2Fv2%2Fmedia&parent=45820"}],"wp:term":[{"taxonomy":"category","embeddable":true,"href":"https:\/\/historiografija.hr\/index.php?rest_route=%2Fwp%2Fv2%2Fcategories&post=45820"},{"taxonomy":"post_tag","embeddable":true,"href":"https:\/\/historiografija.hr\/index.php?rest_route=%2Fwp%2Fv2%2Ftags&post=45820"}],"curies":[{"name":"wp","href":"https:\/\/api.w.org\/{rel}","templated":true}]}}