{"id":45813,"date":"2025-04-10T18:37:14","date_gmt":"2025-04-10T18:37:14","guid":{"rendered":"https:\/\/historiografija.hr\/?p=45813"},"modified":"2025-04-10T18:37:53","modified_gmt":"2025-04-10T18:37:53","slug":"poziv-za-nacionalnu-naucnu-konferenciju-sa-medunarodnim-ucescem-studentski-protesti-2024-2025-blokada-ako-ne-sada","status":"publish","type":"post","link":"https:\/\/historiografija.hr\/?p=45813","title":{"rendered":"Poziv za nacionalnu nau\u010dnu konferenciju sa me\u0111unarodnim u\u010de\u0161\u0107em \u2013 Studentski protesti 2024\/2025: BloKADA, ako ne SADA?"},"content":{"rendered":"\n<p>Pozivamo vas da se pridru\u017eite na\u0161oj interdisciplinarnoj konferenciji povodom godi\u0161njice po\u010detka studentskih blokada i doprinesete diskusiji o politi\u010dkim, dru\u0161tvenim, kulturnim i generacijskim izazovima koje su studentski protesti pokrenuli. Ovi protesti, koji predstavljaju najzna\u010dajniji studentski pokret u na\u0161oj savremenoj istoriji, postavljaju klju\u010dna pitanja o budu\u0107nosti dru\u0161tva Srbije.<\/p>\n\n\n\n<p>Od 1. novembra 2024. godine, kada je pad betonske nadstre\u0161nice na \u017delezni\u010dkoj stanici u Novom Sadu odneo \u017eivote 15 ljudi i te\u0161ko povredio dvoje, u Srbiji je pokrenut talas studentskih i gra\u0111anskih protesta. Ovi protesti su postali izraz op\u0161teg nezadovoljstva i poziv na odgovornost politi\u010dkih aktera i institucija sistema. Nakon vi\u0161e od \u010detiri meseca od incidenta, dr\u017eava se nalazi u dubokoj dru\u0161tvenoj i politi\u010dkoj krizi.<\/p>\n\n\n\n<p>Brojne analize ukazuju na to da je pred nama period politi\u010dkih promena koje je inicirala studentska populacija. Mladi su, kroz blokade i plenume, uspeli da pokrenu talas dru\u0161tvenih protesta \u0161irom zemlje. Oni se oslanjaju na direktno-demokratske instrumente u procesu organizovanja i odlu\u010divanja, istovremeno otvaraju mogu\u0107nost kori\u0161\u0107enja tih instrumenata i za druge dru\u0161tvene grupe. Specifi\u010dnost ovog dru\u0161tvenog pokreta ogleda se u preispitivanju postoje\u0107ih praksi i demokratskih principa, \u0161to se manifestuje kroz radikalnu kritiku institucija i korupcije. Na taj na\u010din, poziv na promene postaje centralna tema u kriti\u010dkom preispitivanju dru\u0161tvene stvarnosti.<\/p>\n\n\n\n<p>Pozivamo sve zainteresovane koleginice i kolege da se uklju\u010de u interdisciplinarni dijalog o slede\u0107im temama (ali i drugim srodnim oblastima), a posebno pozivamo mlade istra\u017eiva\u010dice i istra\u017eiva\u010de, kao i doktorandkinje i doktorande, da aktivno doprinesu toku konferencije.<\/p>\n\n\n\n<p>\u2013 Studentski protesti i dru\u0161tvene promene u Srbiji<br>\u2013 Studentski zahtevi i dinamika protesta (korupcija, politi\u010dki procesi, odnosi mo\u0107i\u2026)<br>\u2013 Nove generacije kao pokreta\u010di politi\u010dkih promena (vrednosne orijentacije mladih, politi\u010dka participacija, politi\u010dki aktivizam mladih, prekarni polo\u017eaj mladih)<br>\u2013 Mediji u vreme protesta (uspon digitalnih studentskih platformi, medijsko uokviravanje studentskih pokreta, vizuelno pripovedanje i identitet protesta, dezinformacije i kontranarativi\u2026)<br>\u2013 Psiholo\u0161ki aspekti protesta (mentalno zdravlje, emocije, psiholo\u0161ki efekti protesta\u2026)<br>\u2013 Komparativna perspektiva studentskih pobuna u Srbiji<br>\u2013 (Direktna) demokratija i dru\u0161tveni pokreti<br>\u2013 Pravni okvir i studentski protesti<br>\u2013 Jezik protesta (diskursi, performans, simbolika\u2026)<br>\u2013 Protesti ostalih dru\u0161tvenih aktera (generalni \u0161trajk, protesti gra\u0111ana, prosvetnih radnika, poljoprivrednika, srednjo\u0161kolaca, strukovnih udru\u017eenja, ekolo\u0161ki aktivisti\u2026)<br>\u2013 Regionalna perspektiva protesta<\/p>\n\n\n\n<p>Pozivamo Vas da apstrakte, uskla\u0111ene sa temama konferencije, po\u0161aljete na adresu <strong>isi@f.bg.ac.rs<\/strong>.<br>Konferencija \u0107e se odr\u017eati u\u017eivo <strong>od 22. do 25. novembra 2025. godine<\/strong>, na Filozofskom fakultetu Univerziteta u Beogradu (\u010cika Ljubina 18-20, 11 000 Beograd).<\/p>\n\n\n\n<p><strong>VA\u017dNI DATUMI<\/strong><\/p>\n\n\n\n<p>\u2013 Rok za dostavljanje apstrakata \u2013 <strong>10. jun 2025.<\/strong><br>\u2013 Obave\u0161tenje o prihva\u0107enim apstraktima \u2013 <strong>30. jun 2025.<\/strong><br>\u2013 Finalna verzija programa konferencije \u2013 <strong>15. septembar 2025.<\/strong><br>\u2013 Rok za dostavljanje celih radova \u2013 <strong>1. novembar 2025.<\/strong><\/p>\n\n\n\n<p><strong>PRAVILA ZA U\u010cESNIKE\/CE KONFERENCIJE<\/strong><\/p>\n\n\n\n<p>\u2013 Svi apstrakti treba da budu napisani na srpskom i engleskom jeziku (do 300 re\u010di), jasno defini\u0161u\u0107i istra\u017eiva\u010dka pitanja, metod, rezultate i zna\u010daj rada u kontekstu teme konferencije, uz navo\u0111enje do pet klju\u010dnih re\u010di.<br>\u2013 Radni jezici konferencije su srpski jezik i jezici regiona.<br>\u2013 Broj apstrakata po autoru je ograni\u010den na dva, a broj koautora po apstraktu na tri.<br>\u2013 U\u010desnici konferencije sami snose tro\u0161kove putovanja i sme\u0161taja.<br>\u2013 Nije predvi\u0111ena kotizacija za u\u010de\u0161\u0107e na konferenciji.<br>\u2013 Apstrakti \u0107e biti objavljeni u Knjizi apstrakata. Pored toga, nakon recenzentskog postupka, odabrani radovi bi\u0107e objavljeni u Zborniku radova.<\/p>\n\n\n\n<p>Poziv za konferenciju mo\u017eete u celosti pro\u010ditati na slede\u0107em <a href=\"https:\/\/isi.f.bg.ac.rs\/wp-content\/uploads\/2025\/03\/Poziv-za-Konferenciju-ISI-FF.pdf\">linku<\/a>.<\/p>\n\n\n\n<hr class=\"wp-block-separator has-alpha-channel-opacity\"\/>\n\n\n\n<p>Izvor:<\/p>\n\n\n\n<figure class=\"wp-block-embed is-type-wp-embed is-provider-institut-za-sociolo-ka-istra-ivanja wp-block-embed-institut-za-sociolo-ka-istra-ivanja\"><div class=\"wp-block-embed__wrapper\">\n<blockquote class=\"wp-embedded-content\" data-secret=\"sRWKrdV2q5\"><a href=\"https:\/\/isi.f.bg.ac.rs\/poziv-za-nacionalnu-naucnu-konferenciju-sa-medunarodnim-ucescem-studentski-protesti-2024-2025-blokada-ako-ne-sada\/\">Poziv za nacionalnu nau\u010dnu konferenciju sa me\u0111unarodnim u\u010de\u0161\u0107em &#8211; Studentski protesti 2024\/2025: BloKADA, ako ne SADA?<\/a><\/blockquote><iframe loading=\"lazy\" class=\"wp-embedded-content\" sandbox=\"allow-scripts\" security=\"restricted\" style=\"position: absolute; visibility: hidden;\" title=\"&#8220;Poziv za nacionalnu nau\u010dnu konferenciju sa me\u0111unarodnim u\u010de\u0161\u0107em &#8211; Studentski protesti 2024\/2025: BloKADA, ako ne SADA?&#8221; &#8212; Institut za sociolo\u0161ka istra\u017eivanja\" src=\"https:\/\/isi.f.bg.ac.rs\/poziv-za-nacionalnu-naucnu-konferenciju-sa-medunarodnim-ucescem-studentski-protesti-2024-2025-blokada-ako-ne-sada\/embed\/#?secret=sRWKrdV2q5\" data-secret=\"sRWKrdV2q5\" width=\"600\" height=\"338\" frameborder=\"0\" marginwidth=\"0\" marginheight=\"0\" scrolling=\"no\"><\/iframe>\n<\/div><\/figure>\n\n\n\n<hr class=\"wp-block-separator has-alpha-channel-opacity\"\/>\n","protected":false},"excerpt":{"rendered":"","protected":false},"author":2,"featured_media":45814,"comment_status":"open","ping_status":"open","sticky":false,"template":"","format":"standard","meta":{"_acf_changed":false,"jetpack_post_was_ever_published":false,"_jetpack_newsletter_access":"","_jetpack_dont_email_post_to_subs":false,"_jetpack_newsletter_tier_id":0,"_jetpack_memberships_contains_paywalled_content":false,"_jetpack_memberships_contains_paid_content":false,"footnotes":"","jetpack_publicize_message":"","jetpack_publicize_feature_enabled":true,"jetpack_social_post_already_shared":true,"jetpack_social_options":{"image_generator_settings":{"template":"highway","default_image_id":0,"font":"","enabled":false},"version":2}},"categories":[3,9],"tags":[],"class_list":["post-45813","post","type-post","status-publish","format-standard","has-post-thumbnail","hentry","category-novosti","category-skupovi"],"acf":{"facebook_opis":""},"jetpack_publicize_connections":[],"jetpack_featured_media_url":"https:\/\/i0.wp.com\/historiografija.hr\/wp-content\/uploads\/2025\/04\/isi_logo.png?fit=563%2C563&ssl=1","jetpack_sharing_enabled":true,"jetpack-related-posts":[],"_links":{"self":[{"href":"https:\/\/historiografija.hr\/index.php?rest_route=\/wp\/v2\/posts\/45813","targetHints":{"allow":["GET"]}}],"collection":[{"href":"https:\/\/historiografija.hr\/index.php?rest_route=\/wp\/v2\/posts"}],"about":[{"href":"https:\/\/historiografija.hr\/index.php?rest_route=\/wp\/v2\/types\/post"}],"author":[{"embeddable":true,"href":"https:\/\/historiografija.hr\/index.php?rest_route=\/wp\/v2\/users\/2"}],"replies":[{"embeddable":true,"href":"https:\/\/historiografija.hr\/index.php?rest_route=%2Fwp%2Fv2%2Fcomments&post=45813"}],"version-history":[{"count":2,"href":"https:\/\/historiografija.hr\/index.php?rest_route=\/wp\/v2\/posts\/45813\/revisions"}],"predecessor-version":[{"id":45816,"href":"https:\/\/historiografija.hr\/index.php?rest_route=\/wp\/v2\/posts\/45813\/revisions\/45816"}],"wp:featuredmedia":[{"embeddable":true,"href":"https:\/\/historiografija.hr\/index.php?rest_route=\/wp\/v2\/media\/45814"}],"wp:attachment":[{"href":"https:\/\/historiografija.hr\/index.php?rest_route=%2Fwp%2Fv2%2Fmedia&parent=45813"}],"wp:term":[{"taxonomy":"category","embeddable":true,"href":"https:\/\/historiografija.hr\/index.php?rest_route=%2Fwp%2Fv2%2Fcategories&post=45813"},{"taxonomy":"post_tag","embeddable":true,"href":"https:\/\/historiografija.hr\/index.php?rest_route=%2Fwp%2Fv2%2Ftags&post=45813"}],"curies":[{"name":"wp","href":"https:\/\/api.w.org\/{rel}","templated":true}]}}