{"id":45810,"date":"2025-04-10T18:29:57","date_gmt":"2025-04-10T18:29:57","guid":{"rendered":"https:\/\/historiografija.hr\/?p=45810"},"modified":"2025-04-10T18:29:57","modified_gmt":"2025-04-10T18:29:57","slug":"predavanje-frantiseka-sisteka-crna-gora-od-referenduma-2006-do-temeljnog-ugovora-u-podgorici","status":"publish","type":"post","link":"https:\/\/historiografija.hr\/?p=45810","title":{"rendered":"Predavanje Franti\u0161eka \u0160isteka \u201eCrna Gora od referenduma 2006. do Temeljnog ugovora\u201c u Podgorici"},"content":{"rendered":"\n<p>Matica crnogorska organizuje predavanje balkanologa Franti\u0161eka \u0160isteka u Podgorici. \u0160istek skoro dvije decenije prati dru\u0161tveno-politi\u010dka de\u0161avanja u Crnoj Gori, intenzivno promi\u0161lja o crnogorskoj pro\u0161losti i sada\u0161njosti. Saradnja \u0160isteka i Matice crnogorske rezultirala je objavljivanjem tri knjige: \u201eNa\u0161a bra\u0107a na jugu \u2013 \u010ce\u0161ke predstave o Crnoj Gori\u201c, \u201eNarativi o identitetu \u2013 izabrane studije o crnogorskoj istoriji\u201c i \u201eIstorija Crne Gore\u201c.&nbsp;<\/p>\n\n\n\n<p>Dr Franti\u0161ek \u0160istek je zavr\u0161io me\u0111unarodne teritorijalne studije na Fakultetu socijalnih nauka Karlovoga univerziteta u Pragu (1999) s tezom \u201eLikvidacija crnogorske dr\u017eave 1918\u201c. Diplomirao je modernu istoriju srednje i jugoisto\u010dne Evrope na Srednjoevropskom univerzitetu u Budimpe\u0161ti, gdje je 2001. godine odbranio magistarski rad \u201eObnova suverene Crne Gore u planovima crnogorske politi\u010dke reprezentacije u egzilu, 1916\u20131922\u201c. Doktorat iz kulturne i socijalne antropologije stekao je 2007. na Fakultetu humanitarnih nauka Karlovoga univerziteta u Pragu, gdje je odbranio disertaciju \u201e\u010ce\u0161ke predstave o Crnoj Gori i Crnogorcima, 1830\u20132006\u201c.<\/p>\n\n\n\n<p>Od 2010. godine predaje modernu istoriju Balkana na Institutu me\u0111unarodnih odnosa Fakulteta socijalnih nauka Karlovog univerziteta u Pragu u okviru \u010de\u0161kog i engleskog nastavnog programa.<\/p>\n\n\n\n<p>Predavanje \u0107e biti odr\u017eano u petak, 11. aprila u 19.00 sati u prostorijama Matice crnogorske u Podgorici (Ulica Beogradska 24c).<\/p>\n\n\n\n<hr class=\"wp-block-separator has-alpha-channel-opacity\"\/>\n\n\n\n<p>Preneseno s portala <strong>Historiografija.ba<\/strong>:<\/p>\n\n\n\n<p><a href=\"https:\/\/historiografija.ba\/historija-u-javnosti\/dogadjaji\/crna-gora-od-referenduma-2006-do-temeljnog-ugovora\">https:\/\/historiografija.ba\/historija-u-javnosti\/dogadjaji\/crna-gora-od-referenduma-2006-do-temeljnog-ugovora<\/a><\/p>\n\n\n\n<hr class=\"wp-block-separator has-alpha-channel-opacity\"\/>\n","protected":false},"excerpt":{"rendered":"","protected":false},"author":2,"featured_media":45811,"comment_status":"open","ping_status":"open","sticky":false,"template":"","format":"standard","meta":{"_acf_changed":false,"jetpack_post_was_ever_published":false,"_jetpack_newsletter_access":"","_jetpack_dont_email_post_to_subs":false,"_jetpack_newsletter_tier_id":0,"_jetpack_memberships_contains_paywalled_content":false,"_jetpack_memberships_contains_paid_content":false,"footnotes":"","jetpack_publicize_message":"","jetpack_publicize_feature_enabled":true,"jetpack_social_post_already_shared":true,"jetpack_social_options":{"image_generator_settings":{"template":"highway","default_image_id":0,"font":"","enabled":false},"version":2}},"categories":[3],"tags":[],"class_list":["post-45810","post","type-post","status-publish","format-standard","has-post-thumbnail","hentry","category-novosti"],"acf":{"facebook_opis":""},"jetpack_publicize_connections":[],"jetpack_featured_media_url":"https:\/\/i0.wp.com\/historiografija.hr\/wp-content\/uploads\/2025\/04\/Sistek-predavanje.jpg?fit=450%2C628&ssl=1","jetpack_sharing_enabled":true,"jetpack-related-posts":[],"_links":{"self":[{"href":"https:\/\/historiografija.hr\/index.php?rest_route=\/wp\/v2\/posts\/45810","targetHints":{"allow":["GET"]}}],"collection":[{"href":"https:\/\/historiografija.hr\/index.php?rest_route=\/wp\/v2\/posts"}],"about":[{"href":"https:\/\/historiografija.hr\/index.php?rest_route=\/wp\/v2\/types\/post"}],"author":[{"embeddable":true,"href":"https:\/\/historiografija.hr\/index.php?rest_route=\/wp\/v2\/users\/2"}],"replies":[{"embeddable":true,"href":"https:\/\/historiografija.hr\/index.php?rest_route=%2Fwp%2Fv2%2Fcomments&post=45810"}],"version-history":[{"count":1,"href":"https:\/\/historiografija.hr\/index.php?rest_route=\/wp\/v2\/posts\/45810\/revisions"}],"predecessor-version":[{"id":45812,"href":"https:\/\/historiografija.hr\/index.php?rest_route=\/wp\/v2\/posts\/45810\/revisions\/45812"}],"wp:featuredmedia":[{"embeddable":true,"href":"https:\/\/historiografija.hr\/index.php?rest_route=\/wp\/v2\/media\/45811"}],"wp:attachment":[{"href":"https:\/\/historiografija.hr\/index.php?rest_route=%2Fwp%2Fv2%2Fmedia&parent=45810"}],"wp:term":[{"taxonomy":"category","embeddable":true,"href":"https:\/\/historiografija.hr\/index.php?rest_route=%2Fwp%2Fv2%2Fcategories&post=45810"},{"taxonomy":"post_tag","embeddable":true,"href":"https:\/\/historiografija.hr\/index.php?rest_route=%2Fwp%2Fv2%2Ftags&post=45810"}],"curies":[{"name":"wp","href":"https:\/\/api.w.org\/{rel}","templated":true}]}}