{"id":45807,"date":"2025-04-10T18:22:32","date_gmt":"2025-04-10T18:22:32","guid":{"rendered":"https:\/\/historiografija.hr\/?p=45807"},"modified":"2025-04-10T18:22:32","modified_gmt":"2025-04-10T18:22:32","slug":"promocija-kataloga-izlozbe-rad-i-otpor-slucaj-tekstilne-industrije","status":"publish","type":"post","link":"https:\/\/historiografija.hr\/?p=45807","title":{"rendered":"Promocija kataloga izlo\u017ebe \u201eRad i otpor \u2013 slu\u010daj tekstilne industrije\u201c"},"content":{"rendered":"\n<p>Promocija kataloga izlo\u017ebe \u201eRad i otpor \u2013 slu\u010daj tekstilne industrije\u201c odr\u017eat \u0107e se u petak 11. 4. 2025. u 18 sati u Tehni\u010dkom muzeju Nikola Tesla u Zagrebu (Savska cesta 18)<strong>.<\/strong><br><br>Katalog \u0107e predstaviti:<br>autorice izlo\u017ebe i kataloga: Ana Rajkovi\u0107 Peji\u0107, Kosjenka Laszlo Klemar<br>autorica postava izlo\u017ebe i grafi\u010dkog oblikovanja kataloga: Barbara Blasin<br><br>Razgovor moderira: Ana Lovrekovi\u0107, povjesni\u010darka, muzeologinja i nezavisna istra\u017eiva\u010dica<br><br><strong>Ulaz je slobodan.<\/strong><br><br>Impresum kataloga<br>Izdava\u010d: Tehni\u010dki muzej Nikola Tesla<br>Za izdava\u010da: Markita Franuli\u0107<br>Tekstovi: Ana Rajkovi\u0107 Peji\u0107, Kosjenka Laszlo Klemar, Ana Vragolovi\u0107, \u0110ur\u0111a Grozaj<br>Grafi\u010dko oblikovanje: Barbara Blasin<br>Lektura: Mirta Jurilj<br>Prijevod: Milo\u0161 \u0110ur\u0111evi\u0107<br>Tisak: Sveu\u010dili\u0161na tiskara<br><br><br><strong>O izlo\u017ebi:<\/strong><br>Izlo\u017eba \u201eRad i otpor \u2013 slu\u010daj tekstilne industrije\u201c rezultat je vi\u0161egodi\u0161njeg istra\u017eivanja tekstilne industrijske ba\u0161tine, njezinih materijalnih i nematerijalnih komponenti i dru\u0161tvenih u\u010dinaka. Usmjerena je na predstavljanje i afirmaciju zna\u010daja i uloge tekstilnih radnica u razvoju i ja\u010danju radni\u010dkog pokreta te organizacija i inicijativa s ciljem dokidanja rodno determinirane dru\u0161tvene, politi\u010dke i ekonomske neravnopravnosti. Kao industrija koja zapo\u0161ljava prete\u017eito \u017eensku radnu snagu, tekstilna industrija reflektira \u0161iri dru\u0161tveni stav prema \u017eenama tijekom du\u017eeg vremenskog perioda te svjedo\u010di o njihovoj neravnopravnoj poziciji, \u0161to se ponajprije o\u010dituje u ni\u017eim pla\u0107ama (nadnicama) i lo\u0161im radnim uvjetima.<br><br>Izlo\u017eba obuhva\u0107a podru\u010dje dana\u0161nje Hrvatske, u periodu od kraja 19. stolje\u0107a, kada se formiraju prve sindikalne podru\u017enice i prvi organizirani oblici otpora s ciljem postizanja boljih radnih uvjeta i ostvarivanja prava na jednaku pla\u0107u, pa sve do recentne povijesti i suvremene situacije obilje\u017eene zatvaranjem tekstilnih tvornica i degradacijom tekstilnih radnica, \u0161to je dakako imalo \u0161ire i dublje dru\u0161tvene reperkusije.<br><br>Uspon i pad tekstilne industrije, radni uvjeti te \u0161trajka\u0161ke i druge (zagovara\u010dke) aktivnosti radnica, na izlo\u017ebi se kronolo\u0161ki prate kroz tri cjeline: 1. Bez aktivnog sudjelovanja \u017eena nema masovnog pokreta &#8211; otpor tekstilnih radnica u periodu prije Drugog svjetskog rata; 2. \u017delimo biti dru\u0161tveno aktivne \u2013 polo\u017eaj tekstilnih radnica u vrijeme Jugoslavije; 3. Borba za egzistenciju \u2013 \u0161trajkovi tekstilnih radnica 1990-ih i 2000-ih. S obzirom na velik broj tekstilnih tvornica koje su djelovale na podru\u010dju Hrvatske u obuhva\u0107enom vremenskom periodu, izlo\u017eba se zasniva na studijama slu\u010daja, te je samim time fragmentarna i ostavlja prostor za daljnja istra\u017eivanja i analize. Uz dokumentaran, arhivski materijal, na izlo\u017ebi su po prvi puta predstavljeni tekstilni industrijski strojevi iz fundusa Tehni\u010dkog muzeja Nikola Tesla, te predmeti, fotografski i video zapisi vezani uz \u0161trajkove i prosvjede tekstilnih radnica. U nastojanju da se iskustva i stremljenja radnica ispri\u010daju u 1. licu, prikupljeni su zapisi, sje\u0107anja i svjedo\u010danstva radnica. Tako\u0111er, izlo\u017eba je realizirana uz aktivnu participaciju i suradnju sa sindikalnom aktivisticom Anom Vragolovi\u0107 iz Novog sindikata te biv\u0161om radnicom u tvornici Kamensko te voditeljicom Udruge Kamensko \u0110ur\u0111om Grozaj.<br><br>Izlo\u017eba je posve\u0107ena svim tekstilnim radnicama \u010dija borba jo\u0161 uvijek nije okon\u010dana.<\/p>\n\n\n\n<hr class=\"wp-block-separator has-alpha-channel-opacity\"\/>\n\n\n\n<p>Izvor:<\/p>\n\n\n\n<p><a href=\"https:\/\/tmnt.hr\/dogadjaj?id=126986\">https:\/\/tmnt.hr\/dogadjaj?id=126986<\/a><\/p>\n\n\n\n<hr class=\"wp-block-separator has-alpha-channel-opacity\"\/>\n","protected":false},"excerpt":{"rendered":"","protected":false},"author":2,"featured_media":45808,"comment_status":"open","ping_status":"open","sticky":false,"template":"","format":"standard","meta":{"_acf_changed":false,"jetpack_post_was_ever_published":false,"_jetpack_newsletter_access":"","_jetpack_dont_email_post_to_subs":false,"_jetpack_newsletter_tier_id":0,"_jetpack_memberships_contains_paywalled_content":false,"_jetpack_memberships_contains_paid_content":false,"footnotes":"","jetpack_publicize_message":"","jetpack_publicize_feature_enabled":true,"jetpack_social_post_already_shared":true,"jetpack_social_options":{"image_generator_settings":{"template":"highway","default_image_id":0,"font":"","enabled":false},"version":2}},"categories":[10,3],"tags":[],"class_list":["post-45807","post","type-post","status-publish","format-standard","has-post-thumbnail","hentry","category-izlozbe","category-novosti"],"acf":{"facebook_opis":""},"jetpack_publicize_connections":[],"jetpack_featured_media_url":"https:\/\/i0.wp.com\/historiografija.hr\/wp-content\/uploads\/2025\/04\/Rad_otpor.png?fit=690%2C470&ssl=1","jetpack_sharing_enabled":true,"jetpack-related-posts":[],"_links":{"self":[{"href":"https:\/\/historiografija.hr\/index.php?rest_route=\/wp\/v2\/posts\/45807","targetHints":{"allow":["GET"]}}],"collection":[{"href":"https:\/\/historiografija.hr\/index.php?rest_route=\/wp\/v2\/posts"}],"about":[{"href":"https:\/\/historiografija.hr\/index.php?rest_route=\/wp\/v2\/types\/post"}],"author":[{"embeddable":true,"href":"https:\/\/historiografija.hr\/index.php?rest_route=\/wp\/v2\/users\/2"}],"replies":[{"embeddable":true,"href":"https:\/\/historiografija.hr\/index.php?rest_route=%2Fwp%2Fv2%2Fcomments&post=45807"}],"version-history":[{"count":1,"href":"https:\/\/historiografija.hr\/index.php?rest_route=\/wp\/v2\/posts\/45807\/revisions"}],"predecessor-version":[{"id":45809,"href":"https:\/\/historiografija.hr\/index.php?rest_route=\/wp\/v2\/posts\/45807\/revisions\/45809"}],"wp:featuredmedia":[{"embeddable":true,"href":"https:\/\/historiografija.hr\/index.php?rest_route=\/wp\/v2\/media\/45808"}],"wp:attachment":[{"href":"https:\/\/historiografija.hr\/index.php?rest_route=%2Fwp%2Fv2%2Fmedia&parent=45807"}],"wp:term":[{"taxonomy":"category","embeddable":true,"href":"https:\/\/historiografija.hr\/index.php?rest_route=%2Fwp%2Fv2%2Fcategories&post=45807"},{"taxonomy":"post_tag","embeddable":true,"href":"https:\/\/historiografija.hr\/index.php?rest_route=%2Fwp%2Fv2%2Ftags&post=45807"}],"curies":[{"name":"wp","href":"https:\/\/api.w.org\/{rel}","templated":true}]}}