{"id":45800,"date":"2025-04-10T17:35:04","date_gmt":"2025-04-10T17:35:04","guid":{"rendered":"https:\/\/historiografija.hr\/?p=45800"},"modified":"2025-04-10T17:35:04","modified_gmt":"2025-04-10T17:35:04","slug":"predstavljanje-knjige-igora-dude-socijalizam-na-kucnom-pragu-mjesna-zajednica-i-svakodnevica-drustvenog-samoupravljanja-u-jugoslaviji-u-pazinu","status":"publish","type":"post","link":"https:\/\/historiografija.hr\/?p=45800","title":{"rendered":"Predstavljanje knjige Igora Dude \u201eSocijalizam na ku\u0107nom pragu. Mjesna zajednica i svakodnevica dru\u0161tvenog samoupravljanja u Jugoslaviji\u201c u Pazinu"},"content":{"rendered":"\n<p>U \u010detvrtak, 10. travnja 2025. u 19 sati bit \u0107e odr\u017eano predstavljanje knjige Igora Dude \u201eSocijalizam na ku\u0107nom pragu. Mjesna zajednica i svakodnevica dru\u0161tvenog samoupravljanja u Jugoslaviji\u201c u sklopu Kalibar bestivala \u2013 Festivala za knji\u017eevnost i kulturu koji se od 9. do 12. travnja 2025. odr\u017eava u Centru za kulturu i obrazovanje Pazin.<\/p>\n\n\n\n<hr class=\"wp-block-separator has-alpha-channel-opacity\"\/>\n\n\n\n<p>Op\u0161irnije:<\/p>\n\n\n\n<figure class=\"wp-block-embed is-type-wp-embed is-provider-centar-za-kulturu-i-obrazovanje-pazin wp-block-embed-centar-za-kulturu-i-obrazovanje-pazin\"><div class=\"wp-block-embed__wrapper\">\n<blockquote class=\"wp-embedded-content\" data-secret=\"ca5T9XzRdb\"><a href=\"https:\/\/ckopazin.hr\/kalibar-bestival-festival-za-knjizevnost-i-kulturu\/\">Kalibar bestival \u2013 Festival za knji\u017eevnost i kulturu<\/a><\/blockquote><iframe loading=\"lazy\" class=\"wp-embedded-content\" sandbox=\"allow-scripts\" security=\"restricted\" style=\"position: absolute; visibility: hidden;\" title=\"&#8220;Kalibar bestival \u2013 Festival za knji\u017eevnost i kulturu&#8221; &#8212; Centar za kulturu i obrazovanje Pazin\" src=\"https:\/\/ckopazin.hr\/kalibar-bestival-festival-za-knjizevnost-i-kulturu\/embed\/#?secret=QI0htp7rYC#?secret=ca5T9XzRdb\" data-secret=\"ca5T9XzRdb\" width=\"600\" height=\"338\" frameborder=\"0\" marginwidth=\"0\" marginheight=\"0\" scrolling=\"no\"><\/iframe>\n<\/div><\/figure>\n\n\n\n<hr class=\"wp-block-separator has-alpha-channel-opacity\"\/>\n","protected":false},"excerpt":{"rendered":"","protected":false},"author":2,"featured_media":38503,"comment_status":"open","ping_status":"open","sticky":false,"template":"","format":"standard","meta":{"_acf_changed":false,"jetpack_post_was_ever_published":false,"_jetpack_newsletter_access":"","_jetpack_dont_email_post_to_subs":false,"_jetpack_newsletter_tier_id":0,"_jetpack_memberships_contains_paywalled_content":false,"_jetpack_memberships_contains_paid_content":false,"footnotes":"","jetpack_publicize_message":"","jetpack_publicize_feature_enabled":true,"jetpack_social_post_already_shared":true,"jetpack_social_options":{"image_generator_settings":{"template":"highway","default_image_id":0,"font":"","enabled":false},"version":2}},"categories":[3],"tags":[],"class_list":["post-45800","post","type-post","status-publish","format-standard","has-post-thumbnail","hentry","category-novosti"],"acf":{"facebook_opis":""},"jetpack_publicize_connections":[],"jetpack_featured_media_url":"https:\/\/i0.wp.com\/historiografija.hr\/wp-content\/uploads\/2023\/12\/Igor_Duda_Mjesne_zajednice.jpg?fit=620%2C882&ssl=1","jetpack_sharing_enabled":true,"jetpack-related-posts":[],"_links":{"self":[{"href":"https:\/\/historiografija.hr\/index.php?rest_route=\/wp\/v2\/posts\/45800","targetHints":{"allow":["GET"]}}],"collection":[{"href":"https:\/\/historiografija.hr\/index.php?rest_route=\/wp\/v2\/posts"}],"about":[{"href":"https:\/\/historiografija.hr\/index.php?rest_route=\/wp\/v2\/types\/post"}],"author":[{"embeddable":true,"href":"https:\/\/historiografija.hr\/index.php?rest_route=\/wp\/v2\/users\/2"}],"replies":[{"embeddable":true,"href":"https:\/\/historiografija.hr\/index.php?rest_route=%2Fwp%2Fv2%2Fcomments&post=45800"}],"version-history":[{"count":1,"href":"https:\/\/historiografija.hr\/index.php?rest_route=\/wp\/v2\/posts\/45800\/revisions"}],"predecessor-version":[{"id":45801,"href":"https:\/\/historiografija.hr\/index.php?rest_route=\/wp\/v2\/posts\/45800\/revisions\/45801"}],"wp:featuredmedia":[{"embeddable":true,"href":"https:\/\/historiografija.hr\/index.php?rest_route=\/wp\/v2\/media\/38503"}],"wp:attachment":[{"href":"https:\/\/historiografija.hr\/index.php?rest_route=%2Fwp%2Fv2%2Fmedia&parent=45800"}],"wp:term":[{"taxonomy":"category","embeddable":true,"href":"https:\/\/historiografija.hr\/index.php?rest_route=%2Fwp%2Fv2%2Fcategories&post=45800"},{"taxonomy":"post_tag","embeddable":true,"href":"https:\/\/historiografija.hr\/index.php?rest_route=%2Fwp%2Fv2%2Ftags&post=45800"}],"curies":[{"name":"wp","href":"https:\/\/api.w.org\/{rel}","templated":true}]}}