{"id":45791,"date":"2025-04-10T16:53:00","date_gmt":"2025-04-10T16:53:00","guid":{"rendered":"https:\/\/historiografija.hr\/?p=45791"},"modified":"2025-04-10T16:53:00","modified_gmt":"2025-04-10T16:53:00","slug":"poziv-na-medunarodni-znanstveni-skup-o-150-obljetnici-rodenja-luke-lukica-ucitelja-etnografa-melografa-1875-2025","status":"publish","type":"post","link":"https:\/\/historiografija.hr\/?p=45791","title":{"rendered":"Poziv na me\u0111unarodni znanstveni skup \u201eO 150. obljetnici ro\u0111enja Luke Luki\u0107a, u\u010ditelja, etnografa, melografa (1875. \u2013 2025.)\u201c"},"content":{"rendered":"\n<p>U organizaciji Fakulteta za odgojne i obrazovne znanosti Sveu\u010dilista Josipa Jurja Strossmayera u Osijeku, Sveu\u010dili\u0161ta Josipa Jurja Strossmayera u Osijeku, lnstituta za etnologiju i folkloristiku, Hrvatskog instituta za povijest \u2013 Podru\u017enice za povijest Slavonije, Srijema i Baranje, Grada Slavonskoga Broda, Op\u0107ine Klakar, Dr\u017eavnog arhiva u Slavonskom Brodu i Muzeja Brodskog Posavlja odr\u017eat \u0107e se u <strong>Klakaru <\/strong>i<strong> Slavonskom Brodu<\/strong>,<strong> 4. <\/strong>i<strong> 5. prosinca 2025.<\/strong> me\u0111unarodni <strong>Znanstveni skup \u201eO 150. obljetnici ro\u0111enja Luke Luki\u0107a, u\u010ditelja, etnografa, melografa (1875. \u2013 2025.)\u201c<\/strong>.<\/p>\n\n\n\n<p>Namjera je skupa, obilje\u017eavanjem 150. obljetnice ro\u0111enja u\u010ditelja, etnografa, melografa i zborovo\u0111e Luke Luki\u0107a (Varo\u0161, danas Brodski Varo\u0161, 4. prosinca 1875. \u2013 Brodski Varo\u0161, 28. travnja 1956.), koji je najve\u0107i dio svojega radnog vijeka proveo u Pu\u010dkoj \u0161koli u Klakaru u blizini Slavonskoga Broda, okupiti znanstvenike i stru\u010dnjake koji \u0107e svojim radom upotpuniti dosada\u0161nje spoznaje o \u017eivotu, radu i utjecaju u\u010ditelja Luke Luki\u0107a i njegovih sustru\u010dnjaka u Slavoniji te promovirati va\u017enost i utjecaj slavonskih u\u010ditelja u kraju u kojem su \u017eivjeli i radili, ali i \u0161ire.<\/p>\n\n\n\n<hr class=\"wp-block-separator has-alpha-channel-opacity\"\/>\n\n\n\n<p>Pozivno pismo i prijavni obrazac:<\/p>\n\n\n\n<figure class=\"wp-block-embed is-type-wp-embed is-provider-hrvatski-institut-za-povijest wp-block-embed-hrvatski-institut-za-povijest\"><div class=\"wp-block-embed__wrapper\">\n<blockquote class=\"wp-embedded-content\" data-secret=\"6tLmDkzRb1\"><a href=\"https:\/\/hipsb.hr\/poziv-na-medunarodni-znanstveni-skup-o-150-obljetnici-rodenja-luke-lukica-ucitelja-etnografa-melografa-1875-2025\/\">POZIV na me\u0111unarodni Znanstveni skup \u201eO 150. obljetnici ro\u0111enja Luke Luki\u0107a, u\u010ditelja, etnografa, melografa (1875. \u2013 2025.)\u201c<\/a><\/blockquote><iframe loading=\"lazy\" class=\"wp-embedded-content\" sandbox=\"allow-scripts\" security=\"restricted\" style=\"position: absolute; visibility: hidden;\" title=\"&#8220;POZIV na me\u0111unarodni Znanstveni skup \u201eO 150. obljetnici ro\u0111enja Luke Luki\u0107a, u\u010ditelja, etnografa, melografa (1875. \u2013 2025.)\u201c&#8221; &#8212; Hrvatski institut za povijest\" src=\"https:\/\/hipsb.hr\/poziv-na-medunarodni-znanstveni-skup-o-150-obljetnici-rodenja-luke-lukica-ucitelja-etnografa-melografa-1875-2025\/embed\/#?secret=6tLmDkzRb1\" data-secret=\"6tLmDkzRb1\" width=\"600\" height=\"338\" frameborder=\"0\" marginwidth=\"0\" marginheight=\"0\" scrolling=\"no\"><\/iframe>\n<\/div><\/figure>\n\n\n\n<hr class=\"wp-block-separator has-alpha-channel-opacity\"\/>\n","protected":false},"excerpt":{"rendered":"","protected":false},"author":2,"featured_media":45792,"comment_status":"open","ping_status":"open","sticky":false,"template":"","format":"standard","meta":{"_acf_changed":false,"jetpack_post_was_ever_published":false,"_jetpack_newsletter_access":"","_jetpack_dont_email_post_to_subs":false,"_jetpack_newsletter_tier_id":0,"_jetpack_memberships_contains_paywalled_content":false,"_jetpack_memberships_contains_paid_content":false,"footnotes":"","jetpack_publicize_message":"","jetpack_publicize_feature_enabled":true,"jetpack_social_post_already_shared":true,"jetpack_social_options":{"image_generator_settings":{"template":"highway","default_image_id":0,"font":"","enabled":false},"version":2}},"categories":[3],"tags":[],"class_list":["post-45791","post","type-post","status-publish","format-standard","has-post-thumbnail","hentry","category-novosti"],"acf":{"facebook_opis":""},"jetpack_publicize_connections":[],"jetpack_featured_media_url":"https:\/\/i0.wp.com\/historiografija.hr\/wp-content\/uploads\/2025\/04\/Poziv_2005.jpg?fit=1241%2C750&ssl=1","jetpack_sharing_enabled":true,"jetpack-related-posts":[],"_links":{"self":[{"href":"https:\/\/historiografija.hr\/index.php?rest_route=\/wp\/v2\/posts\/45791","targetHints":{"allow":["GET"]}}],"collection":[{"href":"https:\/\/historiografija.hr\/index.php?rest_route=\/wp\/v2\/posts"}],"about":[{"href":"https:\/\/historiografija.hr\/index.php?rest_route=\/wp\/v2\/types\/post"}],"author":[{"embeddable":true,"href":"https:\/\/historiografija.hr\/index.php?rest_route=\/wp\/v2\/users\/2"}],"replies":[{"embeddable":true,"href":"https:\/\/historiografija.hr\/index.php?rest_route=%2Fwp%2Fv2%2Fcomments&post=45791"}],"version-history":[{"count":1,"href":"https:\/\/historiografija.hr\/index.php?rest_route=\/wp\/v2\/posts\/45791\/revisions"}],"predecessor-version":[{"id":45793,"href":"https:\/\/historiografija.hr\/index.php?rest_route=\/wp\/v2\/posts\/45791\/revisions\/45793"}],"wp:featuredmedia":[{"embeddable":true,"href":"https:\/\/historiografija.hr\/index.php?rest_route=\/wp\/v2\/media\/45792"}],"wp:attachment":[{"href":"https:\/\/historiografija.hr\/index.php?rest_route=%2Fwp%2Fv2%2Fmedia&parent=45791"}],"wp:term":[{"taxonomy":"category","embeddable":true,"href":"https:\/\/historiografija.hr\/index.php?rest_route=%2Fwp%2Fv2%2Fcategories&post=45791"},{"taxonomy":"post_tag","embeddable":true,"href":"https:\/\/historiografija.hr\/index.php?rest_route=%2Fwp%2Fv2%2Ftags&post=45791"}],"curies":[{"name":"wp","href":"https:\/\/api.w.org\/{rel}","templated":true}]}}