{"id":45782,"date":"2025-04-09T15:46:53","date_gmt":"2025-04-09T15:46:53","guid":{"rendered":"https:\/\/historiografija.hr\/?p=45782"},"modified":"2025-04-09T15:46:53","modified_gmt":"2025-04-09T15:46:53","slug":"predstavljanje-novog-broja-hrvatske-revije-posvecenog-obljetnici-hrvatskoga-kraljevstva-u-krizevcima","status":"publish","type":"post","link":"https:\/\/historiografija.hr\/?p=45782","title":{"rendered":"Predstavljanje novog broja \u201eHrvatske revije\u201c posve\u0107enog obljetnici Hrvatskoga Kraljevstva u Kri\u017eevcima"},"content":{"rendered":"\n<p>Nakon \u0161to je 2. travnja povodom Dana grada Kri\u017eevaca i 1100. obljetnice Hrvatskog Kraljevstva predstavljena knjiga Marija Jareba \u201eHrvatski nacionalni simboli: Postanak, razvoj, uporaba i kontroverze\u201d, u Kri\u017eevcima \u0107e 9. travnja 2025. biti predstavljen i novi broj \u201eHrvatske revije\u201c posve\u0107en obljetnici Hrvatskoga Kraljevstva.<\/p>\n\n\n\n<hr class=\"wp-block-separator has-alpha-channel-opacity\"\/>\n\n\n\n<p><strong>Predstavljanje Hrvatske revije<\/strong><\/p>\n\n\n\n<p>Ogranak Matice hrvatske u Kri\u017eevcima, Gradska knji\u017enica \u201eFranjo Markovi\u0107\u201c Kri\u017eevci i Zavod za znanstvenoistra\u017eiva\u010dki i umjetni\u010dki rad HAZU Kri\u017eevci pozivaju na predstavljanje tematskog broja \u010dasopisa Matice hrvatske <strong><em>Hrvatska revija<\/em><\/strong> posve\u0107enoga obilje\u017eavanju 1100. obljetnice Hrvatskoga Kraljevstva.<\/p>\n\n\n\n<p>O \u010dasopisu govore:<\/p>\n\n\n\n<p>Mirjana Poli\u0107 Bobi\u0107, glavna urednica<\/p>\n\n\n\n<p>Tomislav Galovi\u0107, \u010dlan uredni\u0161tva<\/p>\n\n\n\n<p>Nikolina \u0160imetin \u0160egvi\u0107, suradnica<\/p>\n\n\n\n<p>Multimedijska dvorana Gradske knji\u017enice &#8220;Franjo Markovi\u0107&#8221; Kri\u017eevci, 9. travnja 2025. u 18:30<\/p>\n\n\n\n<hr class=\"wp-block-separator has-alpha-channel-opacity\"\/>\n\n\n\n<p>Izvor:<\/p>\n\n\n\n<figure class=\"wp-block-embed is-type-wp-embed is-provider-ogranak-matice-hrvatske-u-kri-evcima wp-block-embed-ogranak-matice-hrvatske-u-kri-evcima\"><div class=\"wp-block-embed__wrapper\">\n<blockquote class=\"wp-embedded-content\" data-secret=\"5dRiDXlkSV\"><a href=\"https:\/\/mh-krizevci.hr\/2025\/04\/05\/predstavljanje-hrvatske-revije\/\">Predstavljanje Hrvatske revije<\/a><\/blockquote><iframe loading=\"lazy\" class=\"wp-embedded-content\" sandbox=\"allow-scripts\" security=\"restricted\" style=\"position: absolute; visibility: hidden;\" title=\"&#8220;Predstavljanje Hrvatske revije&#8221; &#8212; Ogranak Matice hrvatske u Kri\u017eevcima\" src=\"https:\/\/mh-krizevci.hr\/2025\/04\/05\/predstavljanje-hrvatske-revije\/embed\/#?secret=lSJhYLQZkQ#?secret=5dRiDXlkSV\" data-secret=\"5dRiDXlkSV\" width=\"600\" height=\"338\" frameborder=\"0\" marginwidth=\"0\" marginheight=\"0\" scrolling=\"no\"><\/iframe>\n<\/div><\/figure>\n\n\n\n<hr class=\"wp-block-separator has-alpha-channel-opacity\"\/>\n\n\n\n<p><strong>Predstavljanje knjige Marija Jareba<\/strong><\/p>\n\n\n\n<p>Ogranak Marice hrvatske u Kri\u017eevcima, Dru\u017eba \u201eBra\u0107a Hrvatskog zmaja\u201d i Zavod za znanstvenoistra\u017eiva\u010dki i umjetni\u010dki rad HAZU Kri\u017eevci povodom Dana Grada Kri\u017eevaca i 1100. obljetnice Hrvatskog Kraljevstva organizirali su 2. travnja 2025. predstavljanje knjige Marija Jareba \u201eHrvatski nacionalni simboli: Postanak, razvoj, uporaba i kontroverze\u201d. Predstavlja\u010di su bili recenzent Hrvoje Kekez i autor knjige Mario Jareb, a u glazbenom programu nastupio je HPD \u201eKalnik\u201d Kri\u017eevci.<\/p>\n\n\n\n<hr class=\"wp-block-separator has-alpha-channel-opacity\"\/>\n\n\n\n<p>Izvor i dodatne obavijesti:<\/p>\n\n\n\n<figure class=\"wp-block-embed is-type-wp-embed is-provider-ogranak-matice-hrvatske-u-kri-evcima wp-block-embed-ogranak-matice-hrvatske-u-kri-evcima\"><div class=\"wp-block-embed__wrapper\">\n<blockquote class=\"wp-embedded-content\" data-secret=\"WSugxMr6f8\"><a href=\"https:\/\/mh-krizevci.hr\/2025\/04\/02\/predstavljanje-knjige-marija-jareba\/\">Predstavljanje knjige Marija&nbsp;Jareba<\/a><\/blockquote><iframe loading=\"lazy\" class=\"wp-embedded-content\" sandbox=\"allow-scripts\" security=\"restricted\" style=\"position: absolute; visibility: hidden;\" title=\"&#8220;Predstavljanje knjige Marija&nbsp;Jareba&#8221; &#8212; Ogranak Matice hrvatske u Kri\u017eevcima\" src=\"https:\/\/mh-krizevci.hr\/2025\/04\/02\/predstavljanje-knjige-marija-jareba\/embed\/#?secret=4OWAQZM3a1#?secret=WSugxMr6f8\" data-secret=\"WSugxMr6f8\" width=\"600\" height=\"338\" frameborder=\"0\" marginwidth=\"0\" marginheight=\"0\" scrolling=\"no\"><\/iframe>\n<\/div><\/figure>\n\n\n\n<hr class=\"wp-block-separator has-alpha-channel-opacity\"\/>\n","protected":false},"excerpt":{"rendered":"","protected":false},"author":2,"featured_media":45783,"comment_status":"open","ping_status":"open","sticky":false,"template":"","format":"standard","meta":{"_acf_changed":false,"jetpack_post_was_ever_published":false,"_jetpack_newsletter_access":"","_jetpack_dont_email_post_to_subs":false,"_jetpack_newsletter_tier_id":0,"_jetpack_memberships_contains_paywalled_content":false,"_jetpack_memberships_contains_paid_content":false,"footnotes":"","jetpack_publicize_message":"","jetpack_publicize_feature_enabled":true,"jetpack_social_post_already_shared":true,"jetpack_social_options":{"image_generator_settings":{"template":"highway","default_image_id":0,"font":"","enabled":false},"version":2}},"categories":[3],"tags":[],"class_list":["post-45782","post","type-post","status-publish","format-standard","has-post-thumbnail","hentry","category-novosti"],"acf":{"facebook_opis":""},"jetpack_publicize_connections":[],"jetpack_featured_media_url":"https:\/\/i0.wp.com\/historiografija.hr\/wp-content\/uploads\/2025\/04\/Plakat-Revija.webp?fit=768%2C1024&ssl=1","jetpack_sharing_enabled":true,"jetpack-related-posts":[],"_links":{"self":[{"href":"https:\/\/historiografija.hr\/index.php?rest_route=\/wp\/v2\/posts\/45782","targetHints":{"allow":["GET"]}}],"collection":[{"href":"https:\/\/historiografija.hr\/index.php?rest_route=\/wp\/v2\/posts"}],"about":[{"href":"https:\/\/historiografija.hr\/index.php?rest_route=\/wp\/v2\/types\/post"}],"author":[{"embeddable":true,"href":"https:\/\/historiografija.hr\/index.php?rest_route=\/wp\/v2\/users\/2"}],"replies":[{"embeddable":true,"href":"https:\/\/historiografija.hr\/index.php?rest_route=%2Fwp%2Fv2%2Fcomments&post=45782"}],"version-history":[{"count":1,"href":"https:\/\/historiografija.hr\/index.php?rest_route=\/wp\/v2\/posts\/45782\/revisions"}],"predecessor-version":[{"id":45784,"href":"https:\/\/historiografija.hr\/index.php?rest_route=\/wp\/v2\/posts\/45782\/revisions\/45784"}],"wp:featuredmedia":[{"embeddable":true,"href":"https:\/\/historiografija.hr\/index.php?rest_route=\/wp\/v2\/media\/45783"}],"wp:attachment":[{"href":"https:\/\/historiografija.hr\/index.php?rest_route=%2Fwp%2Fv2%2Fmedia&parent=45782"}],"wp:term":[{"taxonomy":"category","embeddable":true,"href":"https:\/\/historiografija.hr\/index.php?rest_route=%2Fwp%2Fv2%2Fcategories&post=45782"},{"taxonomy":"post_tag","embeddable":true,"href":"https:\/\/historiografija.hr\/index.php?rest_route=%2Fwp%2Fv2%2Ftags&post=45782"}],"curies":[{"name":"wp","href":"https:\/\/api.w.org\/{rel}","templated":true}]}}