{"id":45779,"date":"2025-04-09T15:33:06","date_gmt":"2025-04-09T15:33:06","guid":{"rendered":"https:\/\/historiografija.hr\/?p=45779"},"modified":"2025-04-09T15:33:06","modified_gmt":"2025-04-09T15:33:06","slug":"ministarstvo-kulture-i-medija-republike-hrvatske-godina-obiljezavanja-1100-obljetnice-hrvatskoga-kraljevstva","status":"publish","type":"post","link":"https:\/\/historiografija.hr\/?p=45779","title":{"rendered":"Ministarstvo kulture i medija Republike Hrvatske: Godina obilje\u017eavanja 1100. obljetnice Hrvatskoga Kraljevstva"},"content":{"rendered":"\n<p>Dana 14. o\u017eujka 2024. Hrvatski sabor proglasio je 2025. godinu \u201eGodinom obilje\u017eavanja 1100. obljetnice Hrvatskoga Kraljevstva\u201c kao podsjetnik na bitne trenutke u povijesti hrvatskog naroda \u2212 godinu krunjenja prvog hrvatskog kralja Tomislava kao i njegov spomen u pismu pape Ivana X. kojim je 925. godine sazvan Prvi splitski crkveni sabor \u2212 \u010dime je Hrvatska postala samostalnim i priznatim kraljevstvom, \u0161to je imalo klju\u010dnu ulogu u oblikovanju hrvatskog nacionalnog identiteta i suverenosti.<\/p>\n\n\n\n<p>Jednako tako, s po\u010detkom Hrvatskog Kraljevstva, koje je pripadalo zapadnom kr\u0161\u0107anskom naslje\u0111u, na hrvatskim se prostorima pojavljuju prvi dokumentirani glasi o glagoljici i crkvenoslavenskom jeziku u bogoslu\u017eju, koji \u0107e u idu\u0107im stolje\u0107ima postati kulturnim i identitetskim obilje\u017ejem Hrvata. \u201eGodina obilje\u017eavanja 1100. obljetnice Hrvatskog Kraljevstva\u201c jedinstvena je prilika za isticanje bogate kulturne ba\u0161tine hrvatskog naroda, uklju\u010duju\u0107i hrvatski jezik, umjetnost i arhitekturu koji su obilje\u017eili proteklo tisu\u0107lje\u0107e. U obilje\u017eavanje ove va\u017ene obljetnice uklju\u010dit \u0107e se va\u017ene nacionalne kulturne i obrazovne institucije, a u ime Vlade klju\u010dnu ulogu u pripremi programa i financiranju aktivnosti imaju Ministarstvo kulture i medija i Ministarstvo znanosti, obrazovanja i mladih. Hrvatska biskupska konferencija i Dru\u017eba \u201eBra\u0107a Hrvatskoga Zmaja\u201c pripremili su sveobuhvatne programe obilje\u017eavanja ove istaknute obljetnice ba\u0161 kao i pojedini gradovi i \u017eupanije u Republici Hrvatskoj, ali i Bosni i Hercegovini.<\/p>\n\n\n\n<p>Ministarstvo kulture i medija koordinira pripremu sredi\u0161nje izlo\u017ebe koja \u0107e se na jesen 2025. otvoriti u Galeriji Klovi\u0107evi dvori, koju je inicirao Hrvatski dr\u017eavni arhiv uz sudjelovanje Hrvatskog povijesnog muzeja, Muzeja hrvatskih arheolo\u0161kih spomenika u Splitu, Arheolo\u0161kog muzeja u Splitu, Nacionalne i sveu\u010dili\u0161ne knji\u017enice, Hrvatskog instituta za povijest, Instituta Ivo Pilar, Filozofskog fakulteta u Zadru, Filozofskog fakulteta u Zagrebu, Leksikografskog zavoda \u201eMiroslav Krle\u017ea\u201c, Hrvatske akademije znanosti i umjetnosti te ostalih istaknutih kulturnih i znanstvenih institucija u Republici Hrvatskoj, a kojom \u0107e se ukupnoj hrvatskoj javnosti predstaviti svi bitni elementi hrvatske dr\u017eavnosti u razdoblju od prvih hrvatskih vladara do 1918. godine.<br>&nbsp;<br>Hrvatska biskupska konferencija u svibnju u Splitu organizira me\u0111unarodni znanstveni skup \u201ePo\u010detci Kraljevstva. Splitski crkveni sabori, Tomislav i njegovo doba o 1100. obljetnici\u201c u \u010diju se organizaciju uklju\u010dio i Arheolo\u0161ki muzej u Splitu, koji u isto vrijeme najavljuje otvorenje izlo\u017ebe \u201eCrkvene prilike u Hrvatskom Kraljevstvu od 9. do 11. stolje\u0107a\u201c o&nbsp; splitskim crkvenim saborima koji su od iznimne va\u017enosti za poznavanje i tuma\u010denje crkvenog ustroja hrvatske srednjovjekovne dr\u017eave.<br>&nbsp;<br>U suradnji s Hrvatskom biskupskom konferencijom Ministarstvo znanosti, obrazovanja i mladih organizira Vjeronau\u010dnu olimpijadu na temu 1100. godina od Splitskih crkvenih sabora i po\u010detaka Hrvatskog Kraljevstva. Glazbeno-scenska djela posve\u0107ena kralju Tomislavu izvest \u0107e se u Hrvatskom narodnom kazali\u0161tu u Zagrebu i u Hrvatskom narodnom kazali\u0161tu u Splitu.<\/p>\n\n\n\n<hr class=\"wp-block-separator has-alpha-channel-opacity\"\/>\n\n\n\n<p>Op\u0161irnije:<\/p>\n\n\n\n<p><a href=\"https:\/\/min-kulture.gov.hr\/vijesti-8\/godina-obiljezavanja-1100-obljetnice-hrvatskoga-kraljevstva\/godina-obiljezavanja-1100-obljetnice-hrvatskoga-kraljevstva-27747\/27747\">https:\/\/min-kulture.gov.hr\/vijesti-8\/godina-obiljezavanja-1100-obljetnice-hrvatskoga-kraljevstva\/godina-obiljezavanja-1100-obljetnice-hrvatskoga-kraljevstva-27747\/27747<\/a><\/p>\n\n\n\n<hr class=\"wp-block-separator has-alpha-channel-opacity\"\/>\n","protected":false},"excerpt":{"rendered":"","protected":false},"author":2,"featured_media":45780,"comment_status":"open","ping_status":"open","sticky":false,"template":"","format":"standard","meta":{"_acf_changed":false,"jetpack_post_was_ever_published":false,"_jetpack_newsletter_access":"","_jetpack_dont_email_post_to_subs":false,"_jetpack_newsletter_tier_id":0,"_jetpack_memberships_contains_paywalled_content":false,"_jetpack_memberships_contains_paid_content":false,"footnotes":"","jetpack_publicize_message":"","jetpack_publicize_feature_enabled":true,"jetpack_social_post_already_shared":true,"jetpack_social_options":{"image_generator_settings":{"template":"highway","default_image_id":0,"font":"","enabled":false},"version":2}},"categories":[3],"tags":[],"class_list":["post-45779","post","type-post","status-publish","format-standard","has-post-thumbnail","hentry","category-novosti"],"acf":{"facebook_opis":""},"jetpack_publicize_connections":[],"jetpack_featured_media_url":"https:\/\/i0.wp.com\/historiografija.hr\/wp-content\/uploads\/2025\/04\/naslovnica-1100.jpg?fit=1592%2C1992&ssl=1","jetpack_sharing_enabled":true,"jetpack-related-posts":[],"_links":{"self":[{"href":"https:\/\/historiografija.hr\/index.php?rest_route=\/wp\/v2\/posts\/45779","targetHints":{"allow":["GET"]}}],"collection":[{"href":"https:\/\/historiografija.hr\/index.php?rest_route=\/wp\/v2\/posts"}],"about":[{"href":"https:\/\/historiografija.hr\/index.php?rest_route=\/wp\/v2\/types\/post"}],"author":[{"embeddable":true,"href":"https:\/\/historiografija.hr\/index.php?rest_route=\/wp\/v2\/users\/2"}],"replies":[{"embeddable":true,"href":"https:\/\/historiografija.hr\/index.php?rest_route=%2Fwp%2Fv2%2Fcomments&post=45779"}],"version-history":[{"count":1,"href":"https:\/\/historiografija.hr\/index.php?rest_route=\/wp\/v2\/posts\/45779\/revisions"}],"predecessor-version":[{"id":45781,"href":"https:\/\/historiografija.hr\/index.php?rest_route=\/wp\/v2\/posts\/45779\/revisions\/45781"}],"wp:featuredmedia":[{"embeddable":true,"href":"https:\/\/historiografija.hr\/index.php?rest_route=\/wp\/v2\/media\/45780"}],"wp:attachment":[{"href":"https:\/\/historiografija.hr\/index.php?rest_route=%2Fwp%2Fv2%2Fmedia&parent=45779"}],"wp:term":[{"taxonomy":"category","embeddable":true,"href":"https:\/\/historiografija.hr\/index.php?rest_route=%2Fwp%2Fv2%2Fcategories&post=45779"},{"taxonomy":"post_tag","embeddable":true,"href":"https:\/\/historiografija.hr\/index.php?rest_route=%2Fwp%2Fv2%2Ftags&post=45779"}],"curies":[{"name":"wp","href":"https:\/\/api.w.org\/{rel}","templated":true}]}}