{"id":45763,"date":"2025-04-09T14:38:28","date_gmt":"2025-04-09T14:38:28","guid":{"rendered":"https:\/\/historiografija.hr\/?p=45763"},"modified":"2025-04-09T14:38:28","modified_gmt":"2025-04-09T14:38:28","slug":"festival-svjetla-animacija-o-kralju-tomislavu","status":"publish","type":"post","link":"https:\/\/historiografija.hr\/?p=45763","title":{"rendered":"Festival svjetla: Animacija o kralju Tomislavu"},"content":{"rendered":"\n<p>U sklopu Festivala svjetla koji je odr\u017ean u o\u017eujku 2025. u Zagrebu prire\u0111ena je animacija \u201ekoja prikazuje krunidbu prvog hrvatskog kralja\u201c.<\/p>\n\n\n\n<p>\u201eU povodu 1100. obljetnice Hrvatskog Kraljevstva, atrakciju su ondje postavili njema\u010dki umjetnici i to u suradnji s Ve\u010dernjim listom i glavnim urednikom Dra\u017eenom Klari\u0107em \u010diji je film o kralju Tomislavu poslu\u017eio kao inspiracija za scenarij animacije koja se prikazuje na pro\u010delju uz pozadinsku glazbu koju potpisuje pijanist i skladatelj Matej Me\u0161trovi\u0107.\u201c<\/p>\n\n\n\n<hr class=\"wp-block-separator has-alpha-channel-opacity\"\/>\n\n\n\n<p>Op\u0161irnije:<\/p>\n\n\n\n<p><a href=\"https:\/\/www.vecernji.hr\/zagreb\/video-foto-pogledajte-kako-izgleda-spektakl-o-kralju-tomislavu-koji-je-osvanuo-na-procelju-umjetnickog-paviljona-1846912\">https:\/\/www.vecernji.hr\/zagreb\/video-foto-pogledajte-kako-izgleda-spektakl-o-kralju-tomislavu-koji-je-osvanuo-na-procelju-umjetnickog-paviljona-1846912<\/a><\/p>\n\n\n\n<hr class=\"wp-block-separator has-alpha-channel-opacity\"\/>\n","protected":false},"excerpt":{"rendered":"","protected":false},"author":2,"featured_media":45764,"comment_status":"open","ping_status":"open","sticky":false,"template":"","format":"standard","meta":{"_acf_changed":false,"jetpack_post_was_ever_published":false,"_jetpack_newsletter_access":"","_jetpack_dont_email_post_to_subs":false,"_jetpack_newsletter_tier_id":0,"_jetpack_memberships_contains_paywalled_content":false,"_jetpack_memberships_contains_paid_content":false,"footnotes":"","jetpack_publicize_message":"","jetpack_publicize_feature_enabled":true,"jetpack_social_post_already_shared":true,"jetpack_social_options":{"image_generator_settings":{"template":"highway","default_image_id":0,"font":"","enabled":false},"version":2}},"categories":[3],"tags":[],"class_list":["post-45763","post","type-post","status-publish","format-standard","has-post-thumbnail","hentry","category-novosti"],"acf":{"facebook_opis":""},"jetpack_publicize_connections":[],"jetpack_featured_media_url":"https:\/\/i0.wp.com\/historiografija.hr\/wp-content\/uploads\/2025\/04\/Festival-svjetla.jpeg?fit=1440%2C1080&ssl=1","jetpack_sharing_enabled":true,"jetpack-related-posts":[],"_links":{"self":[{"href":"https:\/\/historiografija.hr\/index.php?rest_route=\/wp\/v2\/posts\/45763","targetHints":{"allow":["GET"]}}],"collection":[{"href":"https:\/\/historiografija.hr\/index.php?rest_route=\/wp\/v2\/posts"}],"about":[{"href":"https:\/\/historiografija.hr\/index.php?rest_route=\/wp\/v2\/types\/post"}],"author":[{"embeddable":true,"href":"https:\/\/historiografija.hr\/index.php?rest_route=\/wp\/v2\/users\/2"}],"replies":[{"embeddable":true,"href":"https:\/\/historiografija.hr\/index.php?rest_route=%2Fwp%2Fv2%2Fcomments&post=45763"}],"version-history":[{"count":1,"href":"https:\/\/historiografija.hr\/index.php?rest_route=\/wp\/v2\/posts\/45763\/revisions"}],"predecessor-version":[{"id":45765,"href":"https:\/\/historiografija.hr\/index.php?rest_route=\/wp\/v2\/posts\/45763\/revisions\/45765"}],"wp:featuredmedia":[{"embeddable":true,"href":"https:\/\/historiografija.hr\/index.php?rest_route=\/wp\/v2\/media\/45764"}],"wp:attachment":[{"href":"https:\/\/historiografija.hr\/index.php?rest_route=%2Fwp%2Fv2%2Fmedia&parent=45763"}],"wp:term":[{"taxonomy":"category","embeddable":true,"href":"https:\/\/historiografija.hr\/index.php?rest_route=%2Fwp%2Fv2%2Fcategories&post=45763"},{"taxonomy":"post_tag","embeddable":true,"href":"https:\/\/historiografija.hr\/index.php?rest_route=%2Fwp%2Fv2%2Ftags&post=45763"}],"curies":[{"name":"wp","href":"https:\/\/api.w.org\/{rel}","templated":true}]}}