{"id":45750,"date":"2025-04-08T22:21:53","date_gmt":"2025-04-08T22:21:53","guid":{"rendered":"https:\/\/historiografija.hr\/?p=45750"},"modified":"2025-04-08T22:21:53","modified_gmt":"2025-04-08T22:21:53","slug":"predstava-tomislav-i-adriana","status":"publish","type":"post","link":"https:\/\/historiografija.hr\/?p=45750","title":{"rendered":"Predstava \u201eTomislav i Adriana\u201c"},"content":{"rendered":"\n<p><strong>Kazali\u0161te Tre\u0161nja<\/strong>, Zagreb<\/p>\n\n\n\n<p>Re\u017eija: Zoran Mu\u017ei\u0107<\/p>\n\n\n\n<p>Tekst: Hrvoje Hitrec<\/p>\n\n\n\n<p>Trajanje: 60 minuta<\/p>\n\n\n\n<p>Premijerna izvedba: 21. 02. 2025.<\/p>\n\n\n\n<hr class=\"wp-block-separator has-alpha-channel-opacity\"\/>\n\n\n\n<p>Kazali\u0161te Tre\u0161nja premijerom drame za djecu i mlade Tomislav i Adriana daje svoj prilog 1100. obljetnici Hrvatskoga kraljevstva. U prepletu povijesti i bajke, radnja se odvija u doba mladosti budu\u0107ega kralja Tomislava, kojemu je otac namijenio za \u017eenu frana\u010dku princezu, ali se mladi\u0107 zaljubi u djevojku skromnog porijekla. Tomislavov otac, knez Muncimir, nastoji ukloniti djevojku, no sve \u0161to poku\u0161ava izjalovi se. Nakon mnogih spletaka i burnih sukoba oca i sina, Muncimir uvi\u0111a da ne mo\u017ee sprije\u010diti \u0161to je zapisano u zvijezdama. Drama se razvija u dinami\u010dnoj izmjeni scena ispunjenih emocijama i neo\u010dekivanim obratima. Radnja je smje\u0161tena na nekoliko lokacija u Dalmaciji \u2013 Splitu, Zadru i na dvoru u Bija\u0107ima podno Kozjaka. Na nenametljiv na\u010din djeci i mlade\u017ei postaju bliske i tada\u0161nje prilike u Hrvatskoj, odnosi i obi\u010daji, svagdanji \u017eivot puka i vladarske obitelji, te sve ve\u0107i upliv na dalmatinske gradove.<\/p>\n\n\n\n<hr class=\"wp-block-separator has-alpha-channel-opacity\"\/>\n\n\n\n<p>Izvor i dodatne obavijesti:<\/p>\n\n\n\n<figure class=\"wp-block-embed is-type-wp-embed is-provider-kazali-te-tre-nja wp-block-embed-kazali-te-tre-nja\"><div class=\"wp-block-embed__wrapper\">\n<blockquote class=\"wp-embedded-content\" data-secret=\"j18FDNox62\"><a href=\"https:\/\/www.kazaliste-tresnja.hr\/predstave\/tomislav-i-adriana\/\">Tomislav i Adriana<\/a><\/blockquote><iframe loading=\"lazy\" class=\"wp-embedded-content\" sandbox=\"allow-scripts\" security=\"restricted\" style=\"position: absolute; visibility: hidden;\" title=\"&#8220;Tomislav i Adriana&#8221; &#8212; Kazali\u0161te Tre\u0161nja\" src=\"https:\/\/www.kazaliste-tresnja.hr\/predstave\/tomislav-i-adriana\/embed\/#?secret=j18FDNox62\" data-secret=\"j18FDNox62\" width=\"600\" height=\"338\" frameborder=\"0\" marginwidth=\"0\" marginheight=\"0\" scrolling=\"no\"><\/iframe>\n<\/div><\/figure>\n\n\n\n<hr class=\"wp-block-separator has-alpha-channel-opacity\"\/>\n","protected":false},"excerpt":{"rendered":"","protected":false},"author":2,"featured_media":45751,"comment_status":"open","ping_status":"open","sticky":false,"template":"","format":"standard","meta":{"_acf_changed":false,"jetpack_post_was_ever_published":false,"_jetpack_newsletter_access":"","_jetpack_dont_email_post_to_subs":false,"_jetpack_newsletter_tier_id":0,"_jetpack_memberships_contains_paywalled_content":false,"_jetpack_memberships_contains_paid_content":false,"footnotes":"","jetpack_publicize_message":"","jetpack_publicize_feature_enabled":true,"jetpack_social_post_already_shared":true,"jetpack_social_options":{"image_generator_settings":{"template":"highway","default_image_id":0,"font":"","enabled":false},"version":2}},"categories":[22,3],"tags":[],"class_list":["post-45750","post","type-post","status-publish","format-standard","has-post-thumbnail","hentry","category-kazalisne-predstave","category-novosti"],"acf":{"facebook_opis":""},"jetpack_publicize_connections":[],"jetpack_featured_media_url":"https:\/\/i0.wp.com\/historiografija.hr\/wp-content\/uploads\/2025\/04\/Tomislav-i-Adriana_plakat.jpg?fit=1280%2C845&ssl=1","jetpack_sharing_enabled":true,"jetpack-related-posts":[],"_links":{"self":[{"href":"https:\/\/historiografija.hr\/index.php?rest_route=\/wp\/v2\/posts\/45750","targetHints":{"allow":["GET"]}}],"collection":[{"href":"https:\/\/historiografija.hr\/index.php?rest_route=\/wp\/v2\/posts"}],"about":[{"href":"https:\/\/historiografija.hr\/index.php?rest_route=\/wp\/v2\/types\/post"}],"author":[{"embeddable":true,"href":"https:\/\/historiografija.hr\/index.php?rest_route=\/wp\/v2\/users\/2"}],"replies":[{"embeddable":true,"href":"https:\/\/historiografija.hr\/index.php?rest_route=%2Fwp%2Fv2%2Fcomments&post=45750"}],"version-history":[{"count":1,"href":"https:\/\/historiografija.hr\/index.php?rest_route=\/wp\/v2\/posts\/45750\/revisions"}],"predecessor-version":[{"id":45752,"href":"https:\/\/historiografija.hr\/index.php?rest_route=\/wp\/v2\/posts\/45750\/revisions\/45752"}],"wp:featuredmedia":[{"embeddable":true,"href":"https:\/\/historiografija.hr\/index.php?rest_route=\/wp\/v2\/media\/45751"}],"wp:attachment":[{"href":"https:\/\/historiografija.hr\/index.php?rest_route=%2Fwp%2Fv2%2Fmedia&parent=45750"}],"wp:term":[{"taxonomy":"category","embeddable":true,"href":"https:\/\/historiografija.hr\/index.php?rest_route=%2Fwp%2Fv2%2Fcategories&post=45750"},{"taxonomy":"post_tag","embeddable":true,"href":"https:\/\/historiografija.hr\/index.php?rest_route=%2Fwp%2Fv2%2Ftags&post=45750"}],"curies":[{"name":"wp","href":"https:\/\/api.w.org\/{rel}","templated":true}]}}