{"id":45738,"date":"2025-04-08T21:43:14","date_gmt":"2025-04-08T21:43:14","guid":{"rendered":"https:\/\/historiografija.hr\/?p=45738"},"modified":"2025-04-08T21:43:14","modified_gmt":"2025-04-08T21:43:14","slug":"odrzan-okrugli-stol-obiljezavanje-1100-obljetnice-hrvatskog-kraljevstva-925-2025-u-dubrovniku","status":"publish","type":"post","link":"https:\/\/historiografija.hr\/?p=45738","title":{"rendered":"Odr\u017ean okrugli stol \u201eObilje\u017eavanje 1100. obljetnice Hrvatskog Kraljevstva (925.-2025.) u Dubrovniku\u201c"},"content":{"rendered":"\n<p>Okrugli stol \u201eObilje\u017eavanje 1100. obljetnice Hrvatskog Kraljevstva (925.-2025.) u Dubrovniku\u201c odr\u017ean je 21. o\u017eujka 2025. u dvorani Ivana Pavla II. u Dubrovniku.<\/p>\n\n\n\n<p>Na skupu su govorili znanstveni savjetnik Hrvatskog instituta za povijest i potpredsjednik Matice hrvatske prof. dr. sc. Mario Jareb, profesor na Odsjeku za povijest Filozofskog fakulteta u Zagrebu izv. prof. dr. sc. Trpimir Vedri\u0161 i vi\u0161i kustos u Muzejima Grada Dubrovnika mr. sc. Tonko Marun\u010di\u0107. Moderator je bio voditelj studija Povijest Jadrana i Mediterana na Sveu\u010dili\u0161tu u Dubrovniku izv. prof. dr. sc. Marinko Mari\u0107.<\/p>\n\n\n\n<p>Na po\u010detku ve\u010deri okupljenima su se obratili dubrova\u010dki biskup Roko Glasnovi\u0107 i predsjednik Gradskog vije\u0107a Grada Dubrovnika mr. sc. Marko Potrebica uime odsutnog gradona\u010delnika Mata Frankovi\u0107a, a znanstvena savjetnica prof. dr. sc. Slavica Stojan predstavila je knjigu dr. Jareba napisanu povodom proslave obljetnice \u201eKralj Tomislav kroz tisu\u0107u godina\u201c.<\/p>\n\n\n\n<hr class=\"wp-block-separator has-alpha-channel-opacity\"\/>\n\n\n\n<p>Op\u0161irnije:<\/p>\n\n\n\n<figure class=\"wp-block-embed is-type-wp-embed is-provider-ika wp-block-embed-ika\"><div class=\"wp-block-embed__wrapper\">\n<blockquote class=\"wp-embedded-content\" data-secret=\"kPpyocrASk\"><a href=\"https:\/\/ika.hkm.hr\/novosti\/okrugli-stol-obiljezavanje-1100-obljetnice-hrvatskog-kraljevstva-925-2025-u-dubrovniku\/\">Okrugli stol \u201eObilje\u017eavanje 1100. obljetnice Hrvatskog Kraljevstva (925.-2025.) u Dubrovniku\u201c<\/a><\/blockquote><iframe loading=\"lazy\" class=\"wp-embedded-content\" sandbox=\"allow-scripts\" security=\"restricted\" style=\"position: absolute; visibility: hidden;\" title=\"&#8220;Okrugli stol \u201eObilje\u017eavanje 1100. obljetnice Hrvatskog Kraljevstva (925.-2025.) u Dubrovniku\u201c&#8221; &#8212; IKA\" src=\"https:\/\/ika.hkm.hr\/novosti\/okrugli-stol-obiljezavanje-1100-obljetnice-hrvatskog-kraljevstva-925-2025-u-dubrovniku\/embed\/#?secret=Qcnb65Lwng#?secret=kPpyocrASk\" data-secret=\"kPpyocrASk\" width=\"600\" height=\"338\" frameborder=\"0\" marginwidth=\"0\" marginheight=\"0\" scrolling=\"no\"><\/iframe>\n<\/div><\/figure>\n\n\n\n<hr class=\"wp-block-separator has-alpha-channel-opacity\"\/>\n","protected":false},"excerpt":{"rendered":"","protected":false},"author":2,"featured_media":45739,"comment_status":"open","ping_status":"open","sticky":false,"template":"","format":"standard","meta":{"_acf_changed":false,"jetpack_post_was_ever_published":false,"_jetpack_newsletter_access":"","_jetpack_dont_email_post_to_subs":false,"_jetpack_newsletter_tier_id":0,"_jetpack_memberships_contains_paywalled_content":false,"_jetpack_memberships_contains_paid_content":false,"footnotes":"","jetpack_publicize_message":"","jetpack_publicize_feature_enabled":true,"jetpack_social_post_already_shared":true,"jetpack_social_options":{"image_generator_settings":{"template":"highway","default_image_id":0,"font":"","enabled":false},"version":2}},"categories":[3],"tags":[],"class_list":["post-45738","post","type-post","status-publish","format-standard","has-post-thumbnail","hentry","category-novosti"],"acf":{"facebook_opis":""},"jetpack_publicize_connections":[],"jetpack_featured_media_url":"https:\/\/i0.wp.com\/historiografija.hr\/wp-content\/uploads\/2025\/04\/1100_obljetnica_HK.jpg?fit=1515%2C1011&ssl=1","jetpack_sharing_enabled":true,"jetpack-related-posts":[],"_links":{"self":[{"href":"https:\/\/historiografija.hr\/index.php?rest_route=\/wp\/v2\/posts\/45738","targetHints":{"allow":["GET"]}}],"collection":[{"href":"https:\/\/historiografija.hr\/index.php?rest_route=\/wp\/v2\/posts"}],"about":[{"href":"https:\/\/historiografija.hr\/index.php?rest_route=\/wp\/v2\/types\/post"}],"author":[{"embeddable":true,"href":"https:\/\/historiografija.hr\/index.php?rest_route=\/wp\/v2\/users\/2"}],"replies":[{"embeddable":true,"href":"https:\/\/historiografija.hr\/index.php?rest_route=%2Fwp%2Fv2%2Fcomments&post=45738"}],"version-history":[{"count":1,"href":"https:\/\/historiografija.hr\/index.php?rest_route=\/wp\/v2\/posts\/45738\/revisions"}],"predecessor-version":[{"id":45740,"href":"https:\/\/historiografija.hr\/index.php?rest_route=\/wp\/v2\/posts\/45738\/revisions\/45740"}],"wp:featuredmedia":[{"embeddable":true,"href":"https:\/\/historiografija.hr\/index.php?rest_route=\/wp\/v2\/media\/45739"}],"wp:attachment":[{"href":"https:\/\/historiografija.hr\/index.php?rest_route=%2Fwp%2Fv2%2Fmedia&parent=45738"}],"wp:term":[{"taxonomy":"category","embeddable":true,"href":"https:\/\/historiografija.hr\/index.php?rest_route=%2Fwp%2Fv2%2Fcategories&post=45738"},{"taxonomy":"post_tag","embeddable":true,"href":"https:\/\/historiografija.hr\/index.php?rest_route=%2Fwp%2Fv2%2Ftags&post=45738"}],"curies":[{"name":"wp","href":"https:\/\/api.w.org\/{rel}","templated":true}]}}