{"id":45732,"date":"2025-04-07T11:25:39","date_gmt":"2025-04-07T11:25:39","guid":{"rendered":"https:\/\/historiografija.hr\/?p=45732"},"modified":"2025-04-10T17:42:40","modified_gmt":"2025-04-10T17:42:40","slug":"polemicki-prilozi-povodom-obiljezavanja-1100-obljetnice-hrvatskoga-kraljevstva-i-kralja-tomislava","status":"publish","type":"post","link":"https:\/\/historiografija.hr\/?p=45732","title":{"rendered":"Polemi\u010dki prilozi povodom obilje\u017eavanja 1100. obljetnice Hrvatskoga Kraljevstva i kralja Tomislava"},"content":{"rendered":"\n<p>Tijekom obilje\u017eavanja 1100. obljetnice Hrvatskoga Kraljevstva i kralja Tomislava sve je vi\u0161e polemi\u010dkih priloga koji su usmjereni na sredi\u0161nje pitanje kako se postaviti prema obilje\u017eavanju obljetnice, kao i na reakcije povodom izlo\u017ebe \u201cDuvno polje \u2013 kraljevsko prijestolje: Suvremena interpretacija predaje o krunidbi kralja Tomislava\u201d ili pak rezultate Javnog poziva Ministarstva kulture Republike Hrvatske za obilje\u017eavanje 1100. obljetnice Hrvatskog Kraljevstva u 2025. godini.<\/p>\n\n\n\n<hr class=\"wp-block-separator has-alpha-channel-opacity\"\/>\n\n\n\n<p><strong>Iz medija:<\/strong><\/p>\n\n\n\n<hr class=\"wp-block-separator has-alpha-channel-opacity\"\/>\n\n\n\n<p>Trpimir Vedri\u0161<\/p>\n\n\n\n<figure class=\"wp-block-embed is-type-wp-embed is-provider-misao-hr wp-block-embed-misao-hr\"><div class=\"wp-block-embed__wrapper\">\n<blockquote class=\"wp-embedded-content\" data-secret=\"QfkG5UiCxy\"><a href=\"https:\/\/misao.hr\/2025\/03\/16\/trpimir-vedris-daleko-zrcalo-kralj-ponovno-u-saboru\/\">Trpimir Vedri\u0161: Kralj ponovno u Saboru<\/a><\/blockquote><iframe loading=\"lazy\" class=\"wp-embedded-content\" sandbox=\"allow-scripts\" security=\"restricted\" style=\"position: absolute; visibility: hidden;\" title=\"&#8220;Trpimir Vedri\u0161: Kralj ponovno u Saboru&#8221; &#8212; Misao.hr\" src=\"https:\/\/misao.hr\/2025\/03\/16\/trpimir-vedris-daleko-zrcalo-kralj-ponovno-u-saboru\/embed\/#?secret=5pRMZEBvL1#?secret=QfkG5UiCxy\" data-secret=\"QfkG5UiCxy\" width=\"600\" height=\"338\" frameborder=\"0\" marginwidth=\"0\" marginheight=\"0\" scrolling=\"no\"><\/iframe>\n<\/div><\/figure>\n\n\n\n<p><a href=\"https:\/\/www.bitno.net\/academicus\/podcast\/kralj-tomislav-izmedu-estradizacije-i-cinicne-relativizacije\">https:\/\/www.bitno.net\/academicus\/podcast\/kralj-tomislav-izmedu-estradizacije-i-cinicne-relativizacije<\/a><\/p>\n\n\n\n<hr class=\"wp-block-separator has-alpha-channel-opacity\"\/>\n\n\n\n<p>Neven Budak<\/p>\n\n\n\n<p><a href=\"https:\/\/www.jutarnji.hr\/kultura\/art\/ugledni-povjesnicar-otkriva-istinu-kralj-tomislav-sigurno-nije-okrunjen-na-duvanjskom-polju-pa-to-je-znanstvena-fantastika-15555772\">https:\/\/www.jutarnji.hr\/kultura\/art\/ugledni-povjesnicar-otkriva-istinu-kralj-tomislav-sigurno-nije-okrunjen-na-duvanjskom-polju-pa-to-je-znanstvena-fantastika-15555772<\/a><\/p>\n\n\n\n<figure class=\"wp-block-embed is-type-wp-embed is-provider-nacional-hr wp-block-embed-nacional-hr\"><div class=\"wp-block-embed__wrapper\">\n<blockquote class=\"wp-embedded-content\" data-secret=\"pkwwr58Lam\"><a href=\"https:\/\/www.nacional.hr\/mitomani-protiv-republike-vjerovali-ili-ne-hdz-zeli-proslavu-1100-godina-hrvatskog-kraljevstva-donosimo-analizu-nevena-budaka\/\">MITOMANI PROTIV REPUBLIKE: Vjerovali ili ne, HDZ \u017eeli proslavu &#8216;1100 godina Hrvatskog Kraljevstva&#8217;. Donosimo analizu\u00a0Nevena\u00a0Budaka<\/a><\/blockquote><iframe loading=\"lazy\" class=\"wp-embedded-content\" sandbox=\"allow-scripts\" security=\"restricted\" style=\"position: absolute; visibility: hidden;\" title=\"&#8220;MITOMANI PROTIV REPUBLIKE: Vjerovali ili ne, HDZ \u017eeli proslavu &#8216;1100 godina Hrvatskog Kraljevstva&#8217;. Donosimo analizu\u00a0Nevena\u00a0Budaka&#8221; &#8212; NACIONAL.HR\" src=\"https:\/\/www.nacional.hr\/mitomani-protiv-republike-vjerovali-ili-ne-hdz-zeli-proslavu-1100-godina-hrvatskog-kraljevstva-donosimo-analizu-nevena-budaka\/embed\/#?secret=aoCrq6mOcW#?secret=pkwwr58Lam\" data-secret=\"pkwwr58Lam\" width=\"600\" height=\"338\" frameborder=\"0\" marginwidth=\"0\" marginheight=\"0\" scrolling=\"no\"><\/iframe>\n<\/div><\/figure>\n\n\n\n<hr class=\"wp-block-separator has-alpha-channel-opacity\"\/>\n\n\n\n<p>Dru\u017eba \u201eBra\u0107a Hrvatskoga Zmaja\u201c<\/p>\n\n\n\n<figure class=\"wp-block-embed is-type-wp-embed is-provider-dru-ba-quot-bra-a-hrvatskoga-zmaja-quot wp-block-embed-dru-ba-quot-bra-a-hrvatskoga-zmaja-quot\"><div class=\"wp-block-embed__wrapper\">\n<blockquote class=\"wp-embedded-content\" data-secret=\"x3PQm4ybHF\"><a href=\"https:\/\/dbhz.hr\/ministarstvo-kulture-i-medija-odbilo-projekte-trajne-kulturne-vrijednosti-vezane-za-1100-obljetnicu-hrvatskoga-kraljevstva-zagreb-30-ozujka-2025\/\">MINISTARSTVO KULTURE I MEDIJA ODBILO PROJEKTE TRAJNE KULTURNE VRIJEDNOSTI VEZANE ZA 1100. OBLJETNICU HRVATSKOGA KRALJEVSTVA, Zagreb, 30. o\u017eujka 2025.<\/a><\/blockquote><iframe loading=\"lazy\" class=\"wp-embedded-content\" sandbox=\"allow-scripts\" security=\"restricted\" style=\"position: absolute; visibility: hidden;\" title=\"&#8220;MINISTARSTVO KULTURE I MEDIJA ODBILO PROJEKTE TRAJNE KULTURNE VRIJEDNOSTI VEZANE ZA 1100. OBLJETNICU HRVATSKOGA KRALJEVSTVA, Zagreb, 30. o\u017eujka 2025.&#8221; &#8212; Dru\u017eba &quot;Bra\u0107a Hrvatskoga Zmaja&quot;\" src=\"https:\/\/dbhz.hr\/ministarstvo-kulture-i-medija-odbilo-projekte-trajne-kulturne-vrijednosti-vezane-za-1100-obljetnicu-hrvatskoga-kraljevstva-zagreb-30-ozujka-2025\/embed\/#?secret=NLHvNHoYDb#?secret=x3PQm4ybHF\" data-secret=\"x3PQm4ybHF\" width=\"600\" height=\"338\" frameborder=\"0\" marginwidth=\"0\" marginheight=\"0\" scrolling=\"no\"><\/iframe>\n<\/div><\/figure>\n\n\n\n<p><a href=\"https:\/\/narod.hr\/vjera-i-kultura\/braca-hrvatskoga-zmaja-ministarstvo-odbilo-financiranje-7-projekata-1100-obljetnice-hrvatskog-kraljevstva\">https:\/\/narod.hr\/vjera-i-kultura\/braca-hrvatskoga-zmaja-ministarstvo-odbilo-financiranje-7-projekata-1100-obljetnice-hrvatskog-kraljevstva<\/a><\/p>\n\n\n\n<hr class=\"wp-block-separator has-alpha-channel-opacity\"\/>\n\n\n\n<p>Boris De\u017eulovi\u0107<\/p>\n\n\n\n<figure class=\"wp-block-embed is-type-wp-embed is-provider-n-1 wp-block-embed-n-1\"><div class=\"wp-block-embed__wrapper\">\n<blockquote class=\"wp-embedded-content\" data-secret=\"kTEUgVtb6O\"><a href=\"https:\/\/n1info.hr\/kolumne\/boris-dezulovic\/zmajevi-demoni-i-kralj-tomislav\/\">Zmajevi, demoni i kralj Tomislav<\/a><\/blockquote><iframe loading=\"lazy\" class=\"wp-embedded-content\" sandbox=\"allow-scripts\" security=\"restricted\" style=\"position: absolute; visibility: hidden;\" title=\"&#8220;Zmajevi, demoni i kralj Tomislav&#8221; &#8212; N1\" src=\"https:\/\/n1info.hr\/kolumne\/boris-dezulovic\/zmajevi-demoni-i-kralj-tomislav\/embed\/#?secret=mDEgzJeksE#?secret=kTEUgVtb6O\" data-secret=\"kTEUgVtb6O\" width=\"600\" height=\"338\" frameborder=\"0\" marginwidth=\"0\" marginheight=\"0\" scrolling=\"no\"><\/iframe>\n<\/div><\/figure>\n\n\n\n<hr class=\"wp-block-separator has-alpha-channel-opacity\"\/>\n\n\n\n<p>Boris Postnikov<\/p>\n\n\n\n<p><a href=\"https:\/\/portalnovosti.com\/kraljevo-nanovo-ruho\">https:\/\/portalnovosti.com\/kraljevo-nanovo-ruho<\/a><\/p>\n\n\n\n<hr class=\"wp-block-separator has-alpha-channel-opacity\"\/>\n\n\n\n<p>Luka \u0160ari\u0107<\/p>\n\n\n\n<p><a href=\"https:\/\/narod.hr\/vjera-i-kultura\/historiografija-o-kralju-tomislavu-u-opreci-s-istoriografijom-u-reziji-pupovcevih-novosti\">https:\/\/narod.hr\/vjera-i-kultura\/historiografija-o-kralju-tomislavu-u-opreci-s-istoriografijom-u-reziji-pupovcevih-novosti<\/a><\/p>\n\n\n\n<hr class=\"wp-block-separator has-alpha-channel-opacity\"\/>\n\n\n\n<p>Boris Postnikov<\/p>\n\n\n\n<p><a href=\"https:\/\/portalnovosti.com\/losa-zmajebancija\">https:\/\/portalnovosti.com\/losa-zmajebancija<\/a><\/p>\n\n\n\n<hr class=\"wp-block-separator has-alpha-channel-opacity\"\/>\n\n\n\n<p>Mario Jareb<\/p>\n\n\n\n<p><a href=\"https:\/\/www.hkv.hr\/razgovori\/44591-povjesnicar-m-jareb.html\">https:\/\/www.hkv.hr\/razgovori\/44591-povjesnicar-m-jareb.html<\/a><\/p>\n\n\n\n<hr class=\"wp-block-separator has-alpha-channel-opacity\"\/>\n\n\n\n<p>Jakov Blagojevi\u0107<\/p>\n\n\n\n<figure class=\"wp-block-embed is-type-wp-embed is-provider-framost wp-block-embed-framost\"><div class=\"wp-block-embed__wrapper\">\n<blockquote class=\"wp-embedded-content\" data-secret=\"ZUsMQaueFR\"><a href=\"https:\/\/www.framost.com\/2025\/02\/13\/u-spomen-na-prvog-kralja-tomislava-i-obiljezavanje-1100-obljetnice-hrvatskog-kraljevstva\/\">U spomen na prvog kralja Tomislava i obilje\u017eavanje 1100. obljetnice Hrvatskog Kraljevstva<\/a><\/blockquote><iframe loading=\"lazy\" class=\"wp-embedded-content\" sandbox=\"allow-scripts\" security=\"restricted\" style=\"position: absolute; visibility: hidden;\" title=\"&#8220;U spomen na prvog kralja Tomislava i obilje\u017eavanje 1100. obljetnice Hrvatskog Kraljevstva&#8221; &#8212; Framost\" src=\"https:\/\/www.framost.com\/2025\/02\/13\/u-spomen-na-prvog-kralja-tomislava-i-obiljezavanje-1100-obljetnice-hrvatskog-kraljevstva\/embed\/#?secret=uyMmk88VFl#?secret=ZUsMQaueFR\" data-secret=\"ZUsMQaueFR\" width=\"600\" height=\"338\" frameborder=\"0\" marginwidth=\"0\" marginheight=\"0\" scrolling=\"no\"><\/iframe>\n<\/div><\/figure>\n\n\n\n<figure class=\"wp-block-embed is-type-wp-embed is-provider-misao-hr wp-block-embed-misao-hr\"><div class=\"wp-block-embed__wrapper\">\n<blockquote class=\"wp-embedded-content\" data-secret=\"E4YSxScO35\"><a href=\"https:\/\/misao.hr\/2025\/02\/10\/dragom-sinu-tomislavu-kralju-hrvata-iz-pisma-pape-925\/\">\u201eDragom sinu Tomislavu, kralju Hrvata\u201c- iz pisma Pape 925.<\/a><\/blockquote><iframe loading=\"lazy\" class=\"wp-embedded-content\" sandbox=\"allow-scripts\" security=\"restricted\" style=\"position: absolute; visibility: hidden;\" title=\"&#8220;\u201eDragom sinu Tomislavu, kralju Hrvata\u201c- iz pisma Pape 925.&#8221; &#8212; Misao.hr\" src=\"https:\/\/misao.hr\/2025\/02\/10\/dragom-sinu-tomislavu-kralju-hrvata-iz-pisma-pape-925\/embed\/#?secret=ALgsIeVeTv#?secret=E4YSxScO35\" data-secret=\"E4YSxScO35\" width=\"600\" height=\"338\" frameborder=\"0\" marginwidth=\"0\" marginheight=\"0\" scrolling=\"no\"><\/iframe>\n<\/div><\/figure>\n\n\n\n<hr class=\"wp-block-separator has-alpha-channel-opacity\"\/>\n\n\n\n<p>Marino Erceg<\/p>\n\n\n\n<figure class=\"wp-block-embed is-type-wp-embed is-provider-glas-koncila wp-block-embed-glas-koncila\"><div class=\"wp-block-embed__wrapper\">\n<blockquote class=\"wp-embedded-content\" data-secret=\"3IFijRSywZ\"><a href=\"https:\/\/www.glas-koncila.hr\/smisao-i-znacaj-1100-obljetnice-splitskih-crkvenih-sabora-i-prvoga-spomena-hrvatskoga-kralja-iz-danasnjih-ocista-kralj-tomislav-bio-je-vladar-ciji-bi-dvor-pohodili-i-suvremeni-istaknuti-drzavnici\/\">SMISAO I ZNA\u010cAJ 1100. OBLJETNICE PRVOGA SPOMENA HRVATSKOGA KRALJA IZ DANA\u0160NJIH O\u010cI\u0160TA Kralj Tomislav bio je vladar \u010diji bi dvor pohodili i suvremeni istaknuti dr\u017eavnici<\/a><\/blockquote><iframe loading=\"lazy\" class=\"wp-embedded-content\" sandbox=\"allow-scripts\" security=\"restricted\" style=\"position: absolute; visibility: hidden;\" title=\"&#8220;SMISAO I ZNA\u010cAJ 1100. OBLJETNICE PRVOGA SPOMENA HRVATSKOGA KRALJA IZ DANA\u0160NJIH O\u010cI\u0160TA Kralj Tomislav bio je vladar \u010diji bi dvor pohodili i suvremeni istaknuti dr\u017eavnici&#8221; &#8212; Glas Koncila\" src=\"https:\/\/www.glas-koncila.hr\/smisao-i-znacaj-1100-obljetnice-splitskih-crkvenih-sabora-i-prvoga-spomena-hrvatskoga-kralja-iz-danasnjih-ocista-kralj-tomislav-bio-je-vladar-ciji-bi-dvor-pohodili-i-suvremeni-istaknuti-drzavnici\/embed\/#?secret=2CWRZg2gnC#?secret=3IFijRSywZ\" data-secret=\"3IFijRSywZ\" width=\"600\" height=\"338\" frameborder=\"0\" marginwidth=\"0\" marginheight=\"0\" scrolling=\"no\"><\/iframe>\n<\/div><\/figure>\n\n\n\n<hr class=\"wp-block-separator has-alpha-channel-opacity\"\/>\n\n\n\n<p>Marijan Lipovac<\/p>\n\n\n\n<figure class=\"wp-block-embed is-type-wp-embed is-provider-identitet wp-block-embed-identitet\"><div class=\"wp-block-embed__wrapper\">\n<blockquote class=\"wp-embedded-content\" data-secret=\"tOZMNmsk6Y\"><a href=\"https:\/\/identitet.hr\/1100-godina-hrvatskog-kraljevstva-hoce-li-autocestu-zagreb-dubrovnik-doista-ukrasiti-spomenik-dolazak-hrvata-na-jadran\/\">1100 godina Hrvatskog kraljevstva: Ho\u0107e li autocestu Zagreb-Dubrovnik doista ukrasiti spomenik \u201eDolazak Hrvata na Jadran\u201c?<\/a><\/blockquote><iframe loading=\"lazy\" class=\"wp-embedded-content\" sandbox=\"allow-scripts\" security=\"restricted\" style=\"position: absolute; visibility: hidden;\" title=\"&#8220;1100 godina Hrvatskog kraljevstva: Ho\u0107e li autocestu Zagreb-Dubrovnik doista ukrasiti spomenik \u201eDolazak Hrvata na Jadran\u201c?&#8221; &#8212; Identitet\" src=\"https:\/\/identitet.hr\/1100-godina-hrvatskog-kraljevstva-hoce-li-autocestu-zagreb-dubrovnik-doista-ukrasiti-spomenik-dolazak-hrvata-na-jadran\/embed\/#?secret=whEwV15q7q#?secret=tOZMNmsk6Y\" data-secret=\"tOZMNmsk6Y\" width=\"600\" height=\"338\" frameborder=\"0\" marginwidth=\"0\" marginheight=\"0\" scrolling=\"no\"><\/iframe>\n<\/div><\/figure>\n\n\n\n<figure class=\"wp-block-embed is-type-wp-embed is-provider-hrvatska-matica-iseljenika-hmi wp-block-embed-hrvatska-matica-iseljenika-hmi\"><div class=\"wp-block-embed__wrapper\">\n<blockquote class=\"wp-embedded-content\" data-secret=\"VrCtif4PZ7\"><a href=\"https:\/\/matis.hr\/casopis_matica_sadrzaj\/matica_clanak\/mitski-status-kralja-tomislava\/\">Mitski status kralja Tomislava<\/a><\/blockquote><iframe loading=\"lazy\" class=\"wp-embedded-content\" sandbox=\"allow-scripts\" security=\"restricted\" style=\"position: absolute; visibility: hidden;\" title=\"&#8220;Mitski status kralja Tomislava&#8221; &#8212; HRVATSKA MATICA ISELJENIKA - HMI\" src=\"https:\/\/matis.hr\/casopis_matica_sadrzaj\/matica_clanak\/mitski-status-kralja-tomislava\/embed\/#?secret=nfcWlXYfJ0#?secret=VrCtif4PZ7\" data-secret=\"VrCtif4PZ7\" width=\"600\" height=\"338\" frameborder=\"0\" marginwidth=\"0\" marginheight=\"0\" scrolling=\"no\"><\/iframe>\n<\/div><\/figure>\n\n\n\n<hr class=\"wp-block-separator has-alpha-channel-opacity\"\/>\n\n\n\n<p>Dragan Markovina<\/p>\n\n\n\n<figure class=\"wp-block-embed is-type-wp-embed is-provider-pe-anik wp-block-embed-pe-anik\"><div class=\"wp-block-embed__wrapper\">\n<blockquote class=\"wp-embedded-content\" data-secret=\"fptLNrxCdQ\"><a href=\"https:\/\/pescanik.net\/sabor-na-putu-kraljevine-i-aleksandra\/\">Sabor na putu Kraljevine i Aleksandra<\/a><\/blockquote><iframe loading=\"lazy\" class=\"wp-embedded-content\" sandbox=\"allow-scripts\" security=\"restricted\" style=\"position: absolute; visibility: hidden;\" title=\"&#8220;Sabor na putu Kraljevine i Aleksandra&#8221; &#8212; Pe\u0161\u010danik\" src=\"https:\/\/pescanik.net\/sabor-na-putu-kraljevine-i-aleksandra\/embed\/#?secret=xgA0gxsoug#?secret=fptLNrxCdQ\" data-secret=\"fptLNrxCdQ\" width=\"600\" height=\"338\" frameborder=\"0\" marginwidth=\"0\" marginheight=\"0\" scrolling=\"no\"><\/iframe>\n<\/div><\/figure>\n\n\n\n<figure class=\"wp-block-embed is-type-wp-embed is-provider-tacno-net wp-block-embed-tacno-net\"><div class=\"wp-block-embed__wrapper\">\n<blockquote class=\"wp-embedded-content\" data-secret=\"yanJaaGqzt\"><a href=\"https:\/\/tacno.net\/nacionalisticki-kic-35-godina-hdz-a-ili-1100-obljetnica-hrvatskog-kraljevstva\/\">Nacionalisti\u010dki ki\u010d: 35 godina HDZ-a ili 1100. obljetnica Hrvatskog kraljevstva<\/a><\/blockquote><iframe loading=\"lazy\" class=\"wp-embedded-content\" sandbox=\"allow-scripts\" security=\"restricted\" style=\"position: absolute; visibility: hidden;\" title=\"&#8220;Nacionalisti\u010dki ki\u010d: 35 godina HDZ-a ili 1100. obljetnica Hrvatskog kraljevstva&#8221; &#8212; Tacno.net\" src=\"https:\/\/tacno.net\/nacionalisticki-kic-35-godina-hdz-a-ili-1100-obljetnica-hrvatskog-kraljevstva\/embed\/#?secret=eO666cFuP1#?secret=yanJaaGqzt\" data-secret=\"yanJaaGqzt\" width=\"600\" height=\"338\" frameborder=\"0\" marginwidth=\"0\" marginheight=\"0\" scrolling=\"no\"><\/iframe>\n<\/div><\/figure>\n\n\n\n<hr class=\"wp-block-separator has-alpha-channel-opacity\"\/>\n\n\n\n<p><strong>Povodi polemi\u010dkih reakcija:<\/strong><\/p>\n\n\n\n<hr class=\"wp-block-separator has-alpha-channel-opacity\"\/>\n\n\n\n<p><strong>Javni poziv za obilje\u017eavanje 1100. obljetnice Hrvatskog Kraljevstva u 2025. godini<\/strong><\/p>\n\n\n\n<figure class=\"wp-block-embed is-type-wp-embed is-provider-historiografija-hr wp-block-embed-historiografija-hr\"><div class=\"wp-block-embed__wrapper\">\n<blockquote class=\"wp-embedded-content\" data-secret=\"wxjz2a7NEg\"><a href=\"https:\/\/historiografija.hr\/?p=45754\">Javni poziv za obilje\u017eavanje 1100. obljetnice Hrvatskog Kraljevstva u 2025. godini<\/a><\/blockquote><iframe loading=\"lazy\" class=\"wp-embedded-content\" sandbox=\"allow-scripts\" security=\"restricted\" style=\"position: absolute; visibility: hidden;\" title=\"&#8220;Javni poziv za obilje\u017eavanje 1100. obljetnice Hrvatskog Kraljevstva u 2025. godini&#8221; &#8212; Historiografija.hr\" src=\"https:\/\/historiografija.hr\/?p=45754&#038;embed=true#?secret=GEnxgXM92I#?secret=wxjz2a7NEg\" data-secret=\"wxjz2a7NEg\" width=\"600\" height=\"338\" frameborder=\"0\" marginwidth=\"0\" marginheight=\"0\" scrolling=\"no\"><\/iframe>\n<\/div><\/figure>\n\n\n\n<hr class=\"wp-block-separator has-alpha-channel-opacity\"\/>\n\n\n\n<p><strong>Izlo\u017eba \u201cDuvno polje \u2013 kraljevsko prijestolje: Suvremena interpretacija predaje o krunidbi kralja Tomislava\u201d<\/strong><\/p>\n\n\n\n<figure class=\"wp-block-embed is-type-wp-embed is-provider-historiografija-hr wp-block-embed-historiografija-hr\"><div class=\"wp-block-embed__wrapper\">\n<blockquote class=\"wp-embedded-content\" data-secret=\"QFWkMl2feL\"><a href=\"https:\/\/historiografija.hr\/?p=45757\">Izlo\u017eba \u201cDuvno polje \u2013 kraljevsko prijestolje: Suvremena interpretacija predaje o krunidbi kralja Tomislava\u201d<\/a><\/blockquote><iframe loading=\"lazy\" class=\"wp-embedded-content\" sandbox=\"allow-scripts\" security=\"restricted\" style=\"position: absolute; visibility: hidden;\" title=\"&#8220;Izlo\u017eba \u201cDuvno polje \u2013 kraljevsko prijestolje: Suvremena interpretacija predaje o krunidbi kralja Tomislava\u201d&#8221; &#8212; Historiografija.hr\" src=\"https:\/\/historiografija.hr\/?p=45757&#038;embed=true#?secret=bwFl9xUY6T#?secret=QFWkMl2feL\" data-secret=\"QFWkMl2feL\" width=\"600\" height=\"338\" frameborder=\"0\" marginwidth=\"0\" marginheight=\"0\" scrolling=\"no\"><\/iframe>\n<\/div><\/figure>\n\n\n\n<hr class=\"wp-block-separator has-alpha-channel-opacity\"\/>\n\n\n\n<p><strong>Hrvatski sabor 2025. godinu proglasio \u201cGodinom obilje\u017eavanja 1100. obljetnice hrvatskoga kraljevstva\u201d<\/strong><\/p>\n\n\n\n<figure class=\"wp-block-embed is-type-wp-embed is-provider-historiografija-hr wp-block-embed-historiografija-hr\"><div class=\"wp-block-embed__wrapper\">\n<blockquote class=\"wp-embedded-content\" data-secret=\"tBQtPLZc0s\"><a href=\"https:\/\/historiografija.hr\/?p=40172\">Hrvatski sabor 2025. godinu proglasio &#8220;Godinom obilje\u017eavanja 1100. obljetnice hrvatskoga kraljevstva&#8221;<\/a><\/blockquote><iframe loading=\"lazy\" class=\"wp-embedded-content\" sandbox=\"allow-scripts\" security=\"restricted\" style=\"position: absolute; visibility: hidden;\" title=\"&#8220;Hrvatski sabor 2025. godinu proglasio &#8220;Godinom obilje\u017eavanja 1100. obljetnice hrvatskoga kraljevstva&#8221;&#8221; &#8212; Historiografija.hr\" src=\"https:\/\/historiografija.hr\/?p=40172&#038;embed=true#?secret=RLlBKdWtNP#?secret=tBQtPLZc0s\" data-secret=\"tBQtPLZc0s\" width=\"600\" height=\"338\" frameborder=\"0\" marginwidth=\"0\" marginheight=\"0\" scrolling=\"no\"><\/iframe>\n<\/div><\/figure>\n\n\n\n<hr class=\"wp-block-separator has-alpha-channel-opacity\"\/>\n","protected":false},"excerpt":{"rendered":"","protected":false},"author":2,"featured_media":40173,"comment_status":"open","ping_status":"open","sticky":false,"template":"","format":"standard","meta":{"_acf_changed":false,"jetpack_post_was_ever_published":false,"_jetpack_newsletter_access":"","_jetpack_dont_email_post_to_subs":false,"_jetpack_newsletter_tier_id":0,"_jetpack_memberships_contains_paywalled_content":false,"_jetpack_memberships_contains_paid_content":false,"footnotes":"","jetpack_publicize_message":"","jetpack_publicize_feature_enabled":true,"jetpack_social_post_already_shared":true,"jetpack_social_options":{"image_generator_settings":{"template":"highway","default_image_id":0,"font":"","enabled":false},"version":2}},"categories":[3,17],"tags":[],"class_list":["post-45732","post","type-post","status-publish","format-standard","has-post-thumbnail","hentry","category-novosti","category-rasprave"],"acf":{"facebook_opis":""},"jetpack_publicize_connections":[],"jetpack_featured_media_url":"https:\/\/i0.wp.com\/historiografija.hr\/wp-content\/uploads\/2024\/03\/1100_godina.jpg?fit=709%2C531&ssl=1","jetpack_sharing_enabled":true,"jetpack-related-posts":[],"_links":{"self":[{"href":"https:\/\/historiografija.hr\/index.php?rest_route=\/wp\/v2\/posts\/45732","targetHints":{"allow":["GET"]}}],"collection":[{"href":"https:\/\/historiografija.hr\/index.php?rest_route=\/wp\/v2\/posts"}],"about":[{"href":"https:\/\/historiografija.hr\/index.php?rest_route=\/wp\/v2\/types\/post"}],"author":[{"embeddable":true,"href":"https:\/\/historiografija.hr\/index.php?rest_route=\/wp\/v2\/users\/2"}],"replies":[{"embeddable":true,"href":"https:\/\/historiografija.hr\/index.php?rest_route=%2Fwp%2Fv2%2Fcomments&post=45732"}],"version-history":[{"count":7,"href":"https:\/\/historiografija.hr\/index.php?rest_route=\/wp\/v2\/posts\/45732\/revisions"}],"predecessor-version":[{"id":45802,"href":"https:\/\/historiografija.hr\/index.php?rest_route=\/wp\/v2\/posts\/45732\/revisions\/45802"}],"wp:featuredmedia":[{"embeddable":true,"href":"https:\/\/historiografija.hr\/index.php?rest_route=\/wp\/v2\/media\/40173"}],"wp:attachment":[{"href":"https:\/\/historiografija.hr\/index.php?rest_route=%2Fwp%2Fv2%2Fmedia&parent=45732"}],"wp:term":[{"taxonomy":"category","embeddable":true,"href":"https:\/\/historiografija.hr\/index.php?rest_route=%2Fwp%2Fv2%2Fcategories&post=45732"},{"taxonomy":"post_tag","embeddable":true,"href":"https:\/\/historiografija.hr\/index.php?rest_route=%2Fwp%2Fv2%2Ftags&post=45732"}],"curies":[{"name":"wp","href":"https:\/\/api.w.org\/{rel}","templated":true}]}}