{"id":45705,"date":"2025-04-07T09:36:01","date_gmt":"2025-04-07T09:36:01","guid":{"rendered":"https:\/\/historiografija.hr\/?p=45705"},"modified":"2025-04-07T09:44:04","modified_gmt":"2025-04-07T09:44:04","slug":"odrzano-predavanje-gordana-ravancica-povijesni-izvori-i-historiografija-o-kralju-tomislavu-u-kotoru","status":"publish","type":"post","link":"https:\/\/historiografija.hr\/?p=45705","title":{"rendered":"Odr\u017eano predavanje Gordana Ravan\u010di\u0107a \u201ePovijesni izvori i historiografija o kralju Tomislavu\u201c u Kotoru i Baru"},"content":{"rendered":"\n<p>U sklopu obilje\u017eavanja 1100. obljetnice Hrvatskoga Kraljevstva predavanje na temu \u201ePovijesni izvori i historigrafija o kralju Tomislavu\u201c odr\u017eao je 5. travnja u Kotoru dr. sc. Gordan Ravan\u010di\u0107 iz Hrvatskog instituta za povijest. Predavanje na istu temu odr\u017eano je 6. travnja 2025. i u Baru.<\/p>\n\n\n\n<hr class=\"wp-block-separator has-alpha-channel-opacity\"\/>\n\n\n\n<figure class=\"wp-block-image size-large is-resized\"><img data-recalc-dims=\"1\" loading=\"lazy\" decoding=\"async\" width=\"860\" height=\"860\" data-attachment-id=\"45706\" data-permalink=\"https:\/\/historiografija.hr\/?attachment_id=45706\" data-orig-file=\"https:\/\/i0.wp.com\/historiografija.hr\/wp-content\/uploads\/2025\/04\/Predavanje_Ravancic-scaled.jpg?fit=2560%2C2560&amp;ssl=1\" data-orig-size=\"2560,2560\" data-comments-opened=\"1\" data-image-meta=\"{&quot;aperture&quot;:&quot;1.8&quot;,&quot;credit&quot;:&quot;&quot;,&quot;camera&quot;:&quot;SM-A736B&quot;,&quot;caption&quot;:&quot;&quot;,&quot;created_timestamp&quot;:&quot;1743880322&quot;,&quot;copyright&quot;:&quot;&quot;,&quot;focal_length&quot;:&quot;5.06&quot;,&quot;iso&quot;:&quot;125&quot;,&quot;shutter_speed&quot;:&quot;0.02&quot;,&quot;title&quot;:&quot;&quot;,&quot;orientation&quot;:&quot;1&quot;}\" data-image-title=\"Predavanje_Ravan\u010di\u0107\" data-image-description=\"\" data-image-caption=\"\" data-large-file=\"https:\/\/i0.wp.com\/historiografija.hr\/wp-content\/uploads\/2025\/04\/Predavanje_Ravancic-scaled.jpg?fit=860%2C860&amp;ssl=1\" src=\"https:\/\/i0.wp.com\/historiografija.hr\/wp-content\/uploads\/2025\/04\/Predavanje_Ravancic.jpg?resize=860%2C860&#038;ssl=1\" alt=\"\" class=\"wp-image-45706\" style=\"width:410px;height:auto\" srcset=\"https:\/\/i0.wp.com\/historiografija.hr\/wp-content\/uploads\/2025\/04\/Predavanje_Ravancic-scaled.jpg?resize=1024%2C1024&amp;ssl=1 1024w, https:\/\/i0.wp.com\/historiografija.hr\/wp-content\/uploads\/2025\/04\/Predavanje_Ravancic-scaled.jpg?resize=300%2C300&amp;ssl=1 300w, https:\/\/i0.wp.com\/historiografija.hr\/wp-content\/uploads\/2025\/04\/Predavanje_Ravancic-scaled.jpg?resize=150%2C150&amp;ssl=1 150w, https:\/\/i0.wp.com\/historiografija.hr\/wp-content\/uploads\/2025\/04\/Predavanje_Ravancic-scaled.jpg?resize=768%2C768&amp;ssl=1 768w, https:\/\/i0.wp.com\/historiografija.hr\/wp-content\/uploads\/2025\/04\/Predavanje_Ravancic-scaled.jpg?resize=1536%2C1536&amp;ssl=1 1536w, https:\/\/i0.wp.com\/historiografija.hr\/wp-content\/uploads\/2025\/04\/Predavanje_Ravancic-scaled.jpg?resize=2048%2C2048&amp;ssl=1 2048w, https:\/\/i0.wp.com\/historiografija.hr\/wp-content\/uploads\/2025\/04\/Predavanje_Ravancic-scaled.jpg?resize=90%2C90&amp;ssl=1 90w, https:\/\/i0.wp.com\/historiografija.hr\/wp-content\/uploads\/2025\/04\/Predavanje_Ravancic-scaled.jpg?resize=75%2C75&amp;ssl=1 75w, https:\/\/i0.wp.com\/historiografija.hr\/wp-content\/uploads\/2025\/04\/Predavanje_Ravancic-scaled.jpg?w=1720&amp;ssl=1 1720w\" sizes=\"auto, (max-width: 860px) 100vw, 860px\" \/><\/figure>\n\n\n\n<hr class=\"wp-block-separator has-alpha-channel-opacity\"\/>\n\n\n\n<p>Op\u0161irnije:<\/p>\n\n\n\n<figure class=\"wp-block-embed is-type-wp-embed is-provider-boka-news wp-block-embed-boka-news\"><div class=\"wp-block-embed__wrapper\">\n<blockquote class=\"wp-embedded-content\" data-secret=\"O0yDj1STAc\"><a href=\"https:\/\/bokanews.me\/u-kotoru-odrzano-predavanje-na-temu-1100-godina-hrvatskoga-kraljevstva\/\">U Kotoru odr\u017eano predavanje na temu \u201c1100 godina Hrvatskoga Kraljevstva \u201c<\/a><\/blockquote><iframe loading=\"lazy\" class=\"wp-embedded-content\" sandbox=\"allow-scripts\" security=\"restricted\" style=\"position: absolute; visibility: hidden;\" title=\"&#8220;U Kotoru odr\u017eano predavanje na temu \u201c1100 godina Hrvatskoga Kraljevstva \u201c&#8221; &#8212; Boka News\" src=\"https:\/\/bokanews.me\/u-kotoru-odrzano-predavanje-na-temu-1100-godina-hrvatskoga-kraljevstva\/embed\/#?secret=hafdy31tC8#?secret=O0yDj1STAc\" data-secret=\"O0yDj1STAc\" width=\"600\" height=\"338\" frameborder=\"0\" marginwidth=\"0\" marginheight=\"0\" scrolling=\"no\"><\/iframe>\n<\/div><\/figure>\n\n\n\n<p><a href=\"https:\/\/radiokotor.info\/clanak\/kultura\/predavanje-1100-godina-hrvatskoga-kraljevstva:-istorija-treba-slu%C5%BDiti-boljoj-budu%C4%86nosti-\/2\">https:\/\/radiokotor.info\/clanak\/kultura\/predavanje-1100-godina-hrvatskoga-kraljevstva:-istorija-treba-slu%C5%BDiti-boljoj-budu%C4%86nosti-\/2<\/a><\/p>\n\n\n\n<p><a href=\"https:\/\/feral.bar\/post\/35791\">https:\/\/feral.bar\/post\/35791<\/a><\/p>\n\n\n\n<hr class=\"wp-block-separator has-alpha-channel-opacity\"\/>\n","protected":false},"excerpt":{"rendered":"","protected":false},"author":2,"featured_media":45710,"comment_status":"open","ping_status":"open","sticky":false,"template":"","format":"standard","meta":{"_acf_changed":false,"jetpack_post_was_ever_published":false,"_jetpack_newsletter_access":"","_jetpack_dont_email_post_to_subs":false,"_jetpack_newsletter_tier_id":0,"_jetpack_memberships_contains_paywalled_content":false,"_jetpack_memberships_contains_paid_content":false,"footnotes":"","jetpack_publicize_message":"","jetpack_publicize_feature_enabled":true,"jetpack_social_post_already_shared":true,"jetpack_social_options":{"image_generator_settings":{"template":"highway","default_image_id":0,"font":"","enabled":false},"version":2}},"categories":[3],"tags":[],"class_list":["post-45705","post","type-post","status-publish","format-standard","has-post-thumbnail","hentry","category-novosti"],"acf":{"facebook_opis":""},"jetpack_publicize_connections":[],"jetpack_featured_media_url":"https:\/\/i0.wp.com\/historiografija.hr\/wp-content\/uploads\/2025\/04\/Bar.jpg?fit=1000%2C563&ssl=1","jetpack_sharing_enabled":true,"jetpack-related-posts":[],"_links":{"self":[{"href":"https:\/\/historiografija.hr\/index.php?rest_route=\/wp\/v2\/posts\/45705","targetHints":{"allow":["GET"]}}],"collection":[{"href":"https:\/\/historiografija.hr\/index.php?rest_route=\/wp\/v2\/posts"}],"about":[{"href":"https:\/\/historiografija.hr\/index.php?rest_route=\/wp\/v2\/types\/post"}],"author":[{"embeddable":true,"href":"https:\/\/historiografija.hr\/index.php?rest_route=\/wp\/v2\/users\/2"}],"replies":[{"embeddable":true,"href":"https:\/\/historiografija.hr\/index.php?rest_route=%2Fwp%2Fv2%2Fcomments&post=45705"}],"version-history":[{"count":5,"href":"https:\/\/historiografija.hr\/index.php?rest_route=\/wp\/v2\/posts\/45705\/revisions"}],"predecessor-version":[{"id":45712,"href":"https:\/\/historiografija.hr\/index.php?rest_route=\/wp\/v2\/posts\/45705\/revisions\/45712"}],"wp:featuredmedia":[{"embeddable":true,"href":"https:\/\/historiografija.hr\/index.php?rest_route=\/wp\/v2\/media\/45710"}],"wp:attachment":[{"href":"https:\/\/historiografija.hr\/index.php?rest_route=%2Fwp%2Fv2%2Fmedia&parent=45705"}],"wp:term":[{"taxonomy":"category","embeddable":true,"href":"https:\/\/historiografija.hr\/index.php?rest_route=%2Fwp%2Fv2%2Fcategories&post=45705"},{"taxonomy":"post_tag","embeddable":true,"href":"https:\/\/historiografija.hr\/index.php?rest_route=%2Fwp%2Fv2%2Ftags&post=45705"}],"curies":[{"name":"wp","href":"https:\/\/api.w.org\/{rel}","templated":true}]}}