{"id":45701,"date":"2025-04-07T09:18:59","date_gmt":"2025-04-07T09:18:59","guid":{"rendered":"https:\/\/historiografija.hr\/?p=45701"},"modified":"2025-04-07T09:18:59","modified_gmt":"2025-04-07T09:18:59","slug":"odrzano-predavanje-nevena-budaka-sto-nam-je-znacio-i-sto-nam-danas-znaci-tomislav-u-krizevcima","status":"publish","type":"post","link":"https:\/\/historiografija.hr\/?p=45701","title":{"rendered":"Odr\u017eano predavanje Nevena Budaka \u201c\u0160to nam je zna\u010dio i \u0161to nam danas zna\u010di Tomislav?\u201d u Kri\u017eevcima"},"content":{"rendered":"\n<p>Zavod za znanstvenoistra\u017eiva\u010dki i umjetni\u010dki rad HAZU Koprivni\u010dko-kri\u017eeva\u010dke \u017eupanije organizirao je u \u010detvrtak 20. o\u017eujka 2025. multimedijskoj dvorani u Gradskoj knji\u017enici \u201cFranjo Markovi\u0107\u201d predavanje prof. dr. sc. Nevena Budaka pod nazivom \u201c\u0160to nam je zna\u010dio i \u0161to nam danas zna\u010di Tomislav?\u201d<\/p>\n\n\n\n<p>U predavanju je istaknuo da je o kralju Tomislavu poznato vrlo malo podataka. Postoje samo dva vjerodostojna izvora koja ne\u0161to o njemu ka\u017eu te jedan izvor koji govori o tada\u0161njoj Hrvatskoj. Sigurno je da je Tomislav postojao i da je na po\u010detku vladavine nosio latinsku titulu \u201cdux\u201d, \u0161to danas prevodimo kao vojvoda ili knez. U jednom trenutku papa Ivan X. nazvao ga je \u201crex\u201d, \u0161to prevodimo kao kralj. Me\u0111utim, kako su ga tada\u0161nji Hrvati nazivali na hrvatskom jeziku nije poznato jer nema sa\u010duvanih izvora. Tako\u0111er, pouzdano se zna da je sudjelovao na Crkvenom saboru u Splitu 925. godine. Sve ostalo su kasnije nadogradnje povjesni\u010dara iz 19. stolje\u0107a, koji su koriste\u0107i nepouzdane izvore stvorili mit o njegovoj krunidbi na Duvanjskom polju 925. godine, za \u0161to ne postoje povijesni dokazi,\u201d kazao je Budak, istaknuv\u0161i va\u017enost ovakvih predavanja kako bi se javnost upoznala s rezultatima znanstvene historiografije, za razliku od popularnih mitolo\u0161kih interpretacija koje prevladavaju u javnom diskursu.<\/p>\n\n\n\n<p>\u201cNa taj na\u010din razvijamo kriti\u010dku svijest, \u0161to smatram iznimno va\u017enim. \u0160to vi\u0161e ljudi treba imati sposobnost procjene vlastite nacionalne povijesti kako bi razumjeli za\u0161to smo danas takvi kakvi jesmo. Trebamo sami istra\u017eivati i procjenjivati \u0161to je to\u010dno, a \u0161to nije. Povijesna istina u apsolutnom smislu ne postoji, ali joj se mo\u017eemo nastojati pribli\u017eiti analizom sa\u010duvanih izvora i njihovih interpretacija, umjesto da prihva\u0107amo prve informacije koje pro\u010ditamo na internetu ili u nekoj knjizi\u201d, zaklju\u010dio je Budak.<\/p>\n\n\n\n<hr class=\"wp-block-separator has-alpha-channel-opacity\"\/>\n\n\n\n<p>Izvor:<\/p>\n\n\n\n<figure class=\"wp-block-embed is-type-wp-embed is-provider-hazu wp-block-embed-hazu\"><div class=\"wp-block-embed__wrapper\">\n<blockquote class=\"wp-embedded-content\" data-secret=\"5RSepM8hkO\"><a href=\"https:\/\/www.info.hazu.hr\/events\/u-krizevcima-predavanje-prof-dr-sc-nevena-budaka-pod-nazivom-sto-nam-je-znacio-i-sto-nam-danas-znaci-tomislav\/\">U Kri\u017eevcima predavanje prof. dr. sc. Nevena Budaka pod nazivom \u201c\u0160to nam je zna\u010dio i \u0161to nam danas zna\u010di Tomislav?\u201d<\/a><\/blockquote><iframe loading=\"lazy\" class=\"wp-embedded-content\" sandbox=\"allow-scripts\" security=\"restricted\" style=\"position: absolute; visibility: hidden;\" title=\"&#8220;U Kri\u017eevcima predavanje prof. dr. sc. Nevena Budaka pod nazivom \u201c\u0160to nam je zna\u010dio i \u0161to nam danas zna\u010di Tomislav?\u201d&#8221; &#8212; HAZU\" src=\"https:\/\/www.info.hazu.hr\/events\/u-krizevcima-predavanje-prof-dr-sc-nevena-budaka-pod-nazivom-sto-nam-je-znacio-i-sto-nam-danas-znaci-tomislav\/embed\/#?secret=5RSepM8hkO\" data-secret=\"5RSepM8hkO\" width=\"600\" height=\"338\" frameborder=\"0\" marginwidth=\"0\" marginheight=\"0\" scrolling=\"no\"><\/iframe>\n<\/div><\/figure>\n\n\n\n<hr class=\"wp-block-separator has-alpha-channel-opacity\"\/>\n","protected":false},"excerpt":{"rendered":"","protected":false},"author":2,"featured_media":45702,"comment_status":"open","ping_status":"open","sticky":false,"template":"","format":"standard","meta":{"_acf_changed":false,"jetpack_post_was_ever_published":false,"_jetpack_newsletter_access":"","_jetpack_dont_email_post_to_subs":false,"_jetpack_newsletter_tier_id":0,"_jetpack_memberships_contains_paywalled_content":false,"_jetpack_memberships_contains_paid_content":false,"footnotes":"","jetpack_publicize_message":"","jetpack_publicize_feature_enabled":true,"jetpack_social_post_already_shared":true,"jetpack_social_options":{"image_generator_settings":{"template":"highway","default_image_id":0,"font":"","enabled":false},"version":2}},"categories":[3],"tags":[],"class_list":["post-45701","post","type-post","status-publish","format-standard","has-post-thumbnail","hentry","category-novosti"],"acf":{"facebook_opis":""},"jetpack_publicize_connections":[],"jetpack_featured_media_url":"https:\/\/i0.wp.com\/historiografija.hr\/wp-content\/uploads\/2025\/04\/Budak-Krizevci.png?fit=1200%2C771&ssl=1","jetpack_sharing_enabled":true,"jetpack-related-posts":[],"_links":{"self":[{"href":"https:\/\/historiografija.hr\/index.php?rest_route=\/wp\/v2\/posts\/45701","targetHints":{"allow":["GET"]}}],"collection":[{"href":"https:\/\/historiografija.hr\/index.php?rest_route=\/wp\/v2\/posts"}],"about":[{"href":"https:\/\/historiografija.hr\/index.php?rest_route=\/wp\/v2\/types\/post"}],"author":[{"embeddable":true,"href":"https:\/\/historiografija.hr\/index.php?rest_route=\/wp\/v2\/users\/2"}],"replies":[{"embeddable":true,"href":"https:\/\/historiografija.hr\/index.php?rest_route=%2Fwp%2Fv2%2Fcomments&post=45701"}],"version-history":[{"count":1,"href":"https:\/\/historiografija.hr\/index.php?rest_route=\/wp\/v2\/posts\/45701\/revisions"}],"predecessor-version":[{"id":45703,"href":"https:\/\/historiografija.hr\/index.php?rest_route=\/wp\/v2\/posts\/45701\/revisions\/45703"}],"wp:featuredmedia":[{"embeddable":true,"href":"https:\/\/historiografija.hr\/index.php?rest_route=\/wp\/v2\/media\/45702"}],"wp:attachment":[{"href":"https:\/\/historiografija.hr\/index.php?rest_route=%2Fwp%2Fv2%2Fmedia&parent=45701"}],"wp:term":[{"taxonomy":"category","embeddable":true,"href":"https:\/\/historiografija.hr\/index.php?rest_route=%2Fwp%2Fv2%2Fcategories&post=45701"},{"taxonomy":"post_tag","embeddable":true,"href":"https:\/\/historiografija.hr\/index.php?rest_route=%2Fwp%2Fv2%2Ftags&post=45701"}],"curies":[{"name":"wp","href":"https:\/\/api.w.org\/{rel}","templated":true}]}}