{"id":4570,"date":"2017-05-26T08:48:50","date_gmt":"2017-05-26T08:48:50","guid":{"rendered":"http:\/\/historiografija.hr\/?p=4570"},"modified":"2017-05-26T08:48:50","modified_gmt":"2017-05-26T08:48:50","slug":"rubrika-kako-nas-vide-drugi-nobelovka-svetlana-aleksievic","status":"publish","type":"post","link":"https:\/\/historiografija.hr\/?p=4570","title":{"rendered":"Rubrika \u201cKako nas vide drugi\u201d \u2013 Nobelovka Svetlana Aleksievi\u010d"},"content":{"rendered":"<p>Nobelovka Svetlana Aleksievi\u010d zapisala je u svom djelu Rabljeno doba \u2013 kraj crvenog \u010dovjeka: \u201cPovijest zanimaju samo \u010dinjenice, a emocije ostaju izvan kadra.\u201d To poku\u0161ava promijeniti povijest emocija, o kojoj je prire\u0111en temat u Historijskom zborniku.<\/p>\n<p>&nbsp;<\/p>\n<p>&#8212;<\/p>\n<p>&nbsp;<\/p>\n<p>Nobelovka Svetlana Aleksievi\u010d zapisala je u svom djelu Rabljeno doba \u2013 kraj crvenog \u010dovjeka:<\/p>\n<p>&nbsp;<\/p>\n<p>\u201cPovijest zanimaju samo \u010dinjenice, a emocije ostaju izvan kadra. Nemaju obi\u010daj pripu\u0161tati ih u povijest. A ja pak gledam na svijet o\u010dima humanista, a ne povjesni\u010dara. Divim se \u010dovjeku\u2026\u201c<\/p>\n<p>&nbsp;<\/p>\n<p>To poku\u0161ava promijeniti povijest emocija, o kojoj je prire\u0111en temat u Historijskom zborniku (LXVIII, br. 2, Zagreb 2015), s izlaganjima na okruglom stolu odr\u017eanom 13. svibnja 2015. na Festivalu povijesti\u2013Kliofest 2015. Temat uklju\u010duje i ocjene i prikaze, diskusiju i prijevod:<\/p>\n<p>&nbsp;<\/p>\n<p>https:\/\/historiografija.hr\/news.php?id=2765<\/p>\n<p>&nbsp;<\/p>\n<p>&#8212;<\/p>\n<p>&nbsp;<\/p>\n<p>Svetlana Aleksievi\u010d<\/p>\n<p>&nbsp;<\/p>\n<p>Rabljeno doba: kraj crvenog \u010dovjeka<\/p>\n<p>&nbsp;<\/p>\n<p>Izdava\u010d: Edicije Bo\u017ei\u010devi\u0107<br \/>\nGodina izdanja: 2013<br \/>\nJezik: Hrvatski<br \/>\nPrijevod: Preveo s ruskog Fikret Cacan<br \/>\nBroj stranica: 407<\/p>\n<p>&nbsp;<\/p>\n<p>Knjiga Svetlane Aleksievi\u010d &#8220;Rabljeno doba \u2013 kraj crvenog \u010dovjeka&#8221; vrhunac je dokumentarne proze o rusko-sovjetskoj tranzicijskoj stvarnosti, o tragediji komunizma kao i onoj koja je nakon raspada Sovjetskog Saveza kulminirala u etni\u010dkim sukobima, gra\u0111anskim ratovima i terorizmu. Potresne sudbine ljudi svih nara\u0161taja i dru\u0161tvenih slojeva, \u010dije je ispovijedi Aleksievi\u010d godinama bilje\u017eila te ih pomnom dramaturgijom stopila u \u201eroman glasova\u201d, svjedo\u010danstva su o iznimnoj snazi i izdr\u017eljivost ljudskog bi\u0107a, ali i njegovoj okrutnoj prirodi.<\/p>\n<p>&nbsp;<\/p>\n<p>\u201eSovjetska civilizacija\u2026 \u017durim se zabilje\u017eiti njezine tragove. Poznata lica. Ne ispitujem ih o socijalizmu, nego o ljubavi, ljubomori, djetinjstvu i starosti. O glazbi, plesovima i frizurama. O tisu\u0107ama detalja nestalog \u017eivota. To je jedini na\u010din da strpam katastrofu u okvire onoga na \u0161to smo se navikli i poku\u0161am ne\u0161to ispripovijedati. Ne\u010demu se dosjetiti. Ne prestajem se diviti tome kako je zanimljiv obi\u010dni ljudski \u017eivot. Beskrajna koli\u010dina ljudskih istina\u2026 Povijest zanimaju samo \u010dinjenice, a emocije ostaju izvan kadra. Nemaju obi\u010daj pripu\u0161tati ih u povijest. A ja pak gledam na svijet o\u010dima humanista, a ne povjesni\u010dara. Divim se \u010dovjeku\u2026\u201c<\/p>\n<p>&nbsp;<\/p>\n<p>Izvor i dodatne informacije:<\/p>\n<p>&nbsp;<\/p>\n<blockquote data-secret=\"DLopfEZ1Fs\" class=\"wp-embedded-content\"><p><a href=\"http:\/\/www.edicije-bozicevic.com\/katalog\/rabljeno-doba-kraj-crvenog-covjeka\/\">Rabljeno doba \u2013 kraj crvenog \u010dovjeka<\/a><\/p><\/blockquote>\n<p><iframe loading=\"lazy\" class=\"wp-embedded-content\" sandbox=\"allow-scripts\" security=\"restricted\" style=\"position: absolute; clip: rect(1px, 1px, 1px, 1px);\" src=\"http:\/\/www.edicije-bozicevic.com\/katalog\/rabljeno-doba-kraj-crvenog-covjeka\/embed\/#?secret=DLopfEZ1Fs\" data-secret=\"DLopfEZ1Fs\" width=\"600\" height=\"338\" title=\"&#8220;Rabljeno doba \u2013 kraj crvenog \u010dovjeka&#8221; &#8212; Edicije Bo\u017ei\u010devi\u0107\" frameborder=\"0\" marginwidth=\"0\" marginheight=\"0\" scrolling=\"no\"><\/iframe><\/p>\n<p>&nbsp;<\/p>\n<p>&nbsp;<\/p>\n","protected":false},"excerpt":{"rendered":"","protected":false},"author":2,"featured_media":0,"comment_status":"open","ping_status":"open","sticky":false,"template":"","format":"standard","meta":{"_acf_changed":false,"jetpack_post_was_ever_published":false,"_jetpack_newsletter_access":"","_jetpack_dont_email_post_to_subs":false,"_jetpack_newsletter_tier_id":0,"_jetpack_memberships_contains_paywalled_content":false,"_jetpack_memberships_contains_paid_content":false,"footnotes":"","jetpack_publicize_message":"","jetpack_publicize_feature_enabled":true,"jetpack_social_post_already_shared":true,"jetpack_social_options":{"image_generator_settings":{"template":"highway","default_image_id":0,"font":"","enabled":false},"version":2}},"categories":[11],"tags":[],"class_list":["post-4570","post","type-post","status-publish","format-standard","hentry","category-rubrike"],"acf":{"facebook_opis":""},"jetpack_publicize_connections":[],"jetpack_featured_media_url":"","jetpack_sharing_enabled":true,"jetpack-related-posts":[{"id":52633,"url":"https:\/\/historiografija.hr\/?p=52633","url_meta":{"origin":4570,"position":0},"title":"POVIJEST TRE\u0160NJEVA\u010cKE GLAZBE: prikupljanje virtualnog fundusa Muzeja susjedstva Tre\u0161njevka","author":"Branimir Jankovi\u0107","date":"23. travnja 2026.","format":false,"excerpt":"utorak 28. 4. 2026. 14 - 18 h Nova BAZA, Nova cesta 66, Zagreb Prvi su dani ljeta 1957. godine. Bo\u017eica Kalafati\u0107 poha\u0111a drugi razred Osnovne \u0161kole Bratstvo i jedinstvo, danas kralja Tomislava, a ide i na muzi\u010dke satove u Mo\u0161\u0107eni\u010dkoj ulici. Na fotografiji s harmonikom u rukama stoji u\u2026","rel":"","context":"U &quot;Novosti&quot;","block_context":{"text":"Novosti","link":"https:\/\/historiografija.hr\/?cat=3"},"img":{"alt_text":"","src":"https:\/\/i0.wp.com\/historiografija.hr\/wp-content\/uploads\/2026\/04\/MST_prikupljanje.jpg?fit=380%2C475&ssl=1&resize=350%2C200","width":350,"height":200},"classes":[]},{"id":52496,"url":"https:\/\/historiografija.hr\/?p=52496","url_meta":{"origin":4570,"position":1},"title":"30 godina Podru\u017enice \u2013 Javno predavanje Matea \u010calu\u0161i\u0107a \u201eSlavonski Brod u Domovinskom ratu\u201c","author":"Branimir Jankovi\u0107","date":"17. travnja 2026.","format":false,"excerpt":"U 2026. navr\u0161ava se trideset godina od osnutka Podru\u017enice za povijest Slavonije, Srijema i Baranje Hrvatskoga instituta za povijest. Obilje\u017eavanje ove zna\u010dajne obljetnice zapo\u010dinje ciklusom javnih povijesnih predavanja znanstvenika Instituta. Tre\u0107e po redu je predavanje Matea \u010calu\u0161i\u0107a \u2013 \u201eSLAVONSKI BROD U DOMOVINSKOM RATU\u201c. Predavanje \u0107e se odr\u017eati 21. travnja 2026.\u2026","rel":"","context":"U &quot;Novosti&quot;","block_context":{"text":"Novosti","link":"https:\/\/historiografija.hr\/?cat=3"},"img":{"alt_text":"","src":"https:\/\/i0.wp.com\/historiografija.hr\/wp-content\/uploads\/2026\/04\/Predavanje-Calusic.png?fit=860%2C1200&ssl=1&resize=350%2C200","width":350,"height":200,"srcset":"https:\/\/i0.wp.com\/historiografija.hr\/wp-content\/uploads\/2026\/04\/Predavanje-Calusic.png?fit=860%2C1200&ssl=1&resize=350%2C200 1x, https:\/\/i0.wp.com\/historiografija.hr\/wp-content\/uploads\/2026\/04\/Predavanje-Calusic.png?fit=860%2C1200&ssl=1&resize=525%2C300 1.5x, https:\/\/i0.wp.com\/historiografija.hr\/wp-content\/uploads\/2026\/04\/Predavanje-Calusic.png?fit=860%2C1200&ssl=1&resize=700%2C400 2x"},"classes":[]},{"id":52573,"url":"https:\/\/historiografija.hr\/?p=52573","url_meta":{"origin":4570,"position":2},"title":"Znanstvena konferencija &#8220;Filozofija odgoja: povijest, praksa, perspektive&#8221;","author":"Branimir Jankovi\u0107","date":"21. travnja 2026.","format":false,"excerpt":"Znanstvena konferencija \"Filozofija odgoja: povijest, praksa, perspektive\" odr\u017eat \u0107e se 23. i 24. travnja 2026. u Konferencijskoj dvorani Knji\u017enice Filozofskog fakulteta u Zagrebu (2. kat).\u00a0Konferencija je organizirana u okviru projekta\u00a0SUMKOS (voditeljica prof. dr. sc. Ivana Zagorac, financiran\u00a0sredstvima NextGenerationEU), uz potporu Odsjeka za filozofiju.\u00a0 Uz izlaga\u010dki dio, konferencija obuhva\u0107a i izlo\u017ebu\u2026","rel":"","context":"U &quot;Novosti&quot;","block_context":{"text":"Novosti","link":"https:\/\/historiografija.hr\/?cat=3"},"img":{"alt_text":"","src":"","width":0,"height":0},"classes":[]},{"id":52502,"url":"https:\/\/historiografija.hr\/?p=52502","url_meta":{"origin":4570,"position":3},"title":"Novi znanstveni projekt Hrvatskog instituta za povijest: \u201c\u017drtve ratova i dr\u017eavnog\/politi\u010dkog nasilja u hrvatskoj povijesti 20. stolje\u0107a\u201d","author":"Branimir Jankovi\u0107","date":"17. travnja 2026.","format":false,"excerpt":"Na redovitoj sjednici Vlade RH, 16. travnja 2026., donijet je Zaklju\u010dak kojim se pokre\u0107e znanstveni projekt \u201c\u017drtve ratova i dr\u017eavnog\/politi\u010dkog nasilja u hrvatskoj povijesti 20. stolje\u0107a\u201d. Projekt \u0107e provoditi i koordinirati Hrvatski institut za povijest u razdoblju trajanja projekta od pet godina. Zakljucak Vlade RH Iz teksta projektnog prijedloga: Problematika\u2026","rel":"","context":"U &quot;Novosti&quot;","block_context":{"text":"Novosti","link":"https:\/\/historiografija.hr\/?cat=3"},"img":{"alt_text":"","src":"https:\/\/i0.wp.com\/historiografija.hr\/wp-content\/uploads\/2026\/04\/Vlada-RH.jpg?fit=1200%2C557&ssl=1&resize=350%2C200","width":350,"height":200,"srcset":"https:\/\/i0.wp.com\/historiografija.hr\/wp-content\/uploads\/2026\/04\/Vlada-RH.jpg?fit=1200%2C557&ssl=1&resize=350%2C200 1x, https:\/\/i0.wp.com\/historiografija.hr\/wp-content\/uploads\/2026\/04\/Vlada-RH.jpg?fit=1200%2C557&ssl=1&resize=525%2C300 1.5x, https:\/\/i0.wp.com\/historiografija.hr\/wp-content\/uploads\/2026\/04\/Vlada-RH.jpg?fit=1200%2C557&ssl=1&resize=700%2C400 2x, https:\/\/i0.wp.com\/historiografija.hr\/wp-content\/uploads\/2026\/04\/Vlada-RH.jpg?fit=1200%2C557&ssl=1&resize=1050%2C600 3x"},"classes":[]},{"id":52505,"url":"https:\/\/historiografija.hr\/?p=52505","url_meta":{"origin":4570,"position":4},"title":"Izlo\u017eba &#8220;Eschenstock \/ Jasenov prut&#8221;","author":"Branimir Jankovi\u0107","date":"17. travnja 2026.","format":false,"excerpt":"Srpsko narodno vije\u0107e (SNV) i Vizura aperta postavljaju izlo\u017ebu \u0161vicarskog slikara Velimira Ili\u0161evi\u0107a: Eschenstock \/ Jasenov prut. Izlo\u017eba se uz prisustvo autora otvara povodom 81. godi\u0161njice proboja logora\u0161a iz usta\u0161kog logora smrti Jasenovac 22. aprila 2026. u 19 sati u Srpskom kulturnom centru (SKC) u Preradovi\u0107evoj ulici 21 u Zagrebu.\u2026","rel":"","context":"U &quot;Izlo\u017ebe&quot;","block_context":{"text":"Izlo\u017ebe","link":"https:\/\/historiografija.hr\/?cat=10"},"img":{"alt_text":"","src":"https:\/\/i0.wp.com\/historiografija.hr\/wp-content\/uploads\/2026\/04\/Jasenov_prut.jpg?fit=1024%2C640&ssl=1&resize=350%2C200","width":350,"height":200,"srcset":"https:\/\/i0.wp.com\/historiografija.hr\/wp-content\/uploads\/2026\/04\/Jasenov_prut.jpg?fit=1024%2C640&ssl=1&resize=350%2C200 1x, https:\/\/i0.wp.com\/historiografija.hr\/wp-content\/uploads\/2026\/04\/Jasenov_prut.jpg?fit=1024%2C640&ssl=1&resize=525%2C300 1.5x, https:\/\/i0.wp.com\/historiografija.hr\/wp-content\/uploads\/2026\/04\/Jasenov_prut.jpg?fit=1024%2C640&ssl=1&resize=700%2C400 2x"},"classes":[]},{"id":52559,"url":"https:\/\/historiografija.hr\/?p=52559","url_meta":{"origin":4570,"position":5},"title":"Dobitnici dr\u017eavne nagrade za znanost za 2024. godinu","author":"Branimir Jankovi\u0107","date":"20. travnja 2026.","format":false,"excerpt":"Na sjednici Odbora za podjelu dr\u017eavnih nagrada za znanost odr\u017eanoj 16. travnja 2026. godine donesena je Odluka o dodjeli dr\u017eavnih nagrada za znanost za 2024. godinu. Godi\u0161njom nagradom za popularizaciju i promid\u017ebu znanosti nagra\u0111eni su u podru\u010dju humanisti\u010dkih znanosti znanstveni suradnici dr. sc. Josip Mihaljevi\u0107 i dr. sc. Gordan Ravan\u010di\u0107,\u2026","rel":"","context":"U &quot;Novosti&quot;","block_context":{"text":"Novosti","link":"https:\/\/historiografija.hr\/?cat=3"},"img":{"alt_text":"","src":"https:\/\/i0.wp.com\/historiografija.hr\/wp-content\/uploads\/2021\/12\/povijesne-kontroverze.jpg?fit=1200%2C675&ssl=1&resize=350%2C200","width":350,"height":200,"srcset":"https:\/\/i0.wp.com\/historiografija.hr\/wp-content\/uploads\/2021\/12\/povijesne-kontroverze.jpg?fit=1200%2C675&ssl=1&resize=350%2C200 1x, https:\/\/i0.wp.com\/historiografija.hr\/wp-content\/uploads\/2021\/12\/povijesne-kontroverze.jpg?fit=1200%2C675&ssl=1&resize=525%2C300 1.5x, https:\/\/i0.wp.com\/historiografija.hr\/wp-content\/uploads\/2021\/12\/povijesne-kontroverze.jpg?fit=1200%2C675&ssl=1&resize=700%2C400 2x, https:\/\/i0.wp.com\/historiografija.hr\/wp-content\/uploads\/2021\/12\/povijesne-kontroverze.jpg?fit=1200%2C675&ssl=1&resize=1050%2C600 3x"},"classes":[]}],"_links":{"self":[{"href":"https:\/\/historiografija.hr\/index.php?rest_route=\/wp\/v2\/posts\/4570","targetHints":{"allow":["GET"]}}],"collection":[{"href":"https:\/\/historiografija.hr\/index.php?rest_route=\/wp\/v2\/posts"}],"about":[{"href":"https:\/\/historiografija.hr\/index.php?rest_route=\/wp\/v2\/types\/post"}],"author":[{"embeddable":true,"href":"https:\/\/historiografija.hr\/index.php?rest_route=\/wp\/v2\/users\/2"}],"replies":[{"embeddable":true,"href":"https:\/\/historiografija.hr\/index.php?rest_route=%2Fwp%2Fv2%2Fcomments&post=4570"}],"version-history":[{"count":1,"href":"https:\/\/historiografija.hr\/index.php?rest_route=\/wp\/v2\/posts\/4570\/revisions"}],"predecessor-version":[{"id":4571,"href":"https:\/\/historiografija.hr\/index.php?rest_route=\/wp\/v2\/posts\/4570\/revisions\/4571"}],"wp:attachment":[{"href":"https:\/\/historiografija.hr\/index.php?rest_route=%2Fwp%2Fv2%2Fmedia&parent=4570"}],"wp:term":[{"taxonomy":"category","embeddable":true,"href":"https:\/\/historiografija.hr\/index.php?rest_route=%2Fwp%2Fv2%2Fcategories&post=4570"},{"taxonomy":"post_tag","embeddable":true,"href":"https:\/\/historiografija.hr\/index.php?rest_route=%2Fwp%2Fv2%2Ftags&post=4570"}],"curies":[{"name":"wp","href":"https:\/\/api.w.org\/{rel}","templated":true}]}}