{"id":45695,"date":"2025-04-07T09:02:44","date_gmt":"2025-04-07T09:02:44","guid":{"rendered":"https:\/\/historiografija.hr\/?p=45695"},"modified":"2025-04-07T09:05:48","modified_gmt":"2025-04-07T09:05:48","slug":"znanstveno-strucni-skup-desetljeca-slobode-povodom-30-obljetnice-vojno-redarstvenih-operacija-bljesak-i-oluja","status":"publish","type":"post","link":"https:\/\/historiografija.hr\/?p=45695","title":{"rendered":"Znanstveno-stru\u010dni skup \u201cDesetlje\u0107a slobode\u201d. Povodom 30. obljetnice vojno-redarstvenih operacija \u201cBljesak\u201d i \u201cOluja\u201d"},"content":{"rendered":"\n<p>U Galeriji Kulturno-povijesnog centra Sisa\u010dko-moslava\u010dke \u017eupanije u Rimskoj ul. 19 u Sisku u ponedjeljak, 14. travnja 2025. godine odr\u017eat \u0107e se znanstveno-stru\u010dni skup \u201cDesetlje\u0107a slobode\u201d povodom 30. obljetnice vojno-redarstvenih operacija \u201cBljesak\u201d i \u201cOluja\u201d.<\/p>\n\n\n\n<p>Realizacija skupa produkt je suradnje Memorijalnog odjela Domovinskog rata koji djeluje pri Kulturno-povijesnom centru Sisa\u010dko-moslava\u010dke \u017eupanije i Znanstvenog zavoda Fakulteta hrvatskih studija, koji za cilj ima potaknuti znanstvenike i stru\u010dnjake iz cijele Republike Hrvatske na istra\u017eivanje tema vezanih uz posljednju etapu Domovinskog rata \u010dijom \u0107e se prezentacijom utjecati na o\u010duvanje kulture sje\u0107anja na Domovinski rat u Republici Hrvatskoj.<\/p>\n\n\n\n<p>Ulaz je slobodan, a sva predavanja bit \u0107e odr\u017eana na hrvatskom jeziku.<\/p>\n\n\n\n<p>Program skupa i popis sa\u017eetaka izlaganja mo\u017eete vidjeti ovdje:<\/p>\n\n\n\n<div data-wp-interactive=\"core\/file\" class=\"wp-block-file\"><object data-wp-bind--hidden=\"!state.hasPdfPreview\" hidden class=\"wp-block-file__embed\" data=\"https:\/\/historiografija.hr\/wp-content\/uploads\/2025\/04\/PROGRAMSKA-KNJIZICA-DESETLJECA-SLOBODE.pdf\" type=\"application\/pdf\" style=\"width:100%;height:600px\" aria-label=\"Ugra\u0111eno PROGRAMSKA KNJIZ\u030cICA DESETLJEC\u0301A SLOBODE.\"><\/object><a id=\"wp-block-file--media-9d0fac05-cbc0-4ba8-88e3-8e65c099b637\" href=\"https:\/\/historiografija.hr\/wp-content\/uploads\/2025\/04\/PROGRAMSKA-KNJIZICA-DESETLJECA-SLOBODE.pdf\">PROGRAMSKA KNJIZ\u030cICA DESETLJEC\u0301A SLOBODE<\/a><a href=\"https:\/\/historiografija.hr\/wp-content\/uploads\/2025\/04\/PROGRAMSKA-KNJIZICA-DESETLJECA-SLOBODE.pdf\" class=\"wp-block-file__button wp-element-button\" download aria-describedby=\"wp-block-file--media-9d0fac05-cbc0-4ba8-88e3-8e65c099b637\">Preuzmi<\/a><\/div>\n\n\n\n<hr class=\"wp-block-separator has-alpha-channel-opacity\"\/>\n","protected":false},"excerpt":{"rendered":"","protected":false},"author":2,"featured_media":45700,"comment_status":"open","ping_status":"open","sticky":false,"template":"","format":"standard","meta":{"_acf_changed":false,"jetpack_post_was_ever_published":false,"_jetpack_newsletter_access":"","_jetpack_dont_email_post_to_subs":false,"_jetpack_newsletter_tier_id":0,"_jetpack_memberships_contains_paywalled_content":false,"_jetpack_memberships_contains_paid_content":false,"footnotes":"","jetpack_publicize_message":"","jetpack_publicize_feature_enabled":true,"jetpack_social_post_already_shared":true,"jetpack_social_options":{"image_generator_settings":{"template":"highway","default_image_id":0,"font":"","enabled":false},"version":2}},"categories":[3,9],"tags":[],"class_list":["post-45695","post","type-post","status-publish","format-standard","has-post-thumbnail","hentry","category-novosti","category-skupovi"],"acf":{"facebook_opis":""},"jetpack_publicize_connections":[],"jetpack_featured_media_url":"https:\/\/i0.wp.com\/historiografija.hr\/wp-content\/uploads\/2025\/04\/NASLOVNICA-OBJAVE.jpg?fit=2000%2C1414&ssl=1","jetpack_sharing_enabled":true,"jetpack-related-posts":[],"_links":{"self":[{"href":"https:\/\/historiografija.hr\/index.php?rest_route=\/wp\/v2\/posts\/45695","targetHints":{"allow":["GET"]}}],"collection":[{"href":"https:\/\/historiografija.hr\/index.php?rest_route=\/wp\/v2\/posts"}],"about":[{"href":"https:\/\/historiografija.hr\/index.php?rest_route=\/wp\/v2\/types\/post"}],"author":[{"embeddable":true,"href":"https:\/\/historiografija.hr\/index.php?rest_route=\/wp\/v2\/users\/2"}],"replies":[{"embeddable":true,"href":"https:\/\/historiografija.hr\/index.php?rest_route=%2Fwp%2Fv2%2Fcomments&post=45695"}],"version-history":[{"count":3,"href":"https:\/\/historiografija.hr\/index.php?rest_route=\/wp\/v2\/posts\/45695\/revisions"}],"predecessor-version":[{"id":45699,"href":"https:\/\/historiografija.hr\/index.php?rest_route=\/wp\/v2\/posts\/45695\/revisions\/45699"}],"wp:featuredmedia":[{"embeddable":true,"href":"https:\/\/historiografija.hr\/index.php?rest_route=\/wp\/v2\/media\/45700"}],"wp:attachment":[{"href":"https:\/\/historiografija.hr\/index.php?rest_route=%2Fwp%2Fv2%2Fmedia&parent=45695"}],"wp:term":[{"taxonomy":"category","embeddable":true,"href":"https:\/\/historiografija.hr\/index.php?rest_route=%2Fwp%2Fv2%2Fcategories&post=45695"},{"taxonomy":"post_tag","embeddable":true,"href":"https:\/\/historiografija.hr\/index.php?rest_route=%2Fwp%2Fv2%2Ftags&post=45695"}],"curies":[{"name":"wp","href":"https:\/\/api.w.org\/{rel}","templated":true}]}}