{"id":45692,"date":"2025-04-07T08:56:11","date_gmt":"2025-04-07T08:56:11","guid":{"rendered":"https:\/\/historiografija.hr\/?p=45692"},"modified":"2025-04-07T08:56:34","modified_gmt":"2025-04-07T08:56:34","slug":"promocija-knjige-borisa-pavelica-homo-liber-iz-ostavstine-slavka-goldsteina","status":"publish","type":"post","link":"https:\/\/historiografija.hr\/?p=45692","title":{"rendered":"Promocija knjige Borisa Paveli\u0107a &#8220;Homo Liber \u2013 Iz ostav\u0161tine Slavka Goldsteina&#8221;"},"content":{"rendered":"\n<p>Promocija knjige novinara i publicista Borisa Paveli\u0107a &#8220;Homo Liber \u2013 Iz ostav\u0161tine Slavka Goldsteina&#8221; odr\u017eat \u0107e se u srijedu, 9. travnja 2025., u 20 sati u galeriji Srpskog kulturnog centra (SKC) u Zagrebu, Preradovi\u0107eva 21. Uz autora Borisa Paveli\u0107a, o knjizi i svojim sje\u0107anjima na jednog od najsvestranijih i najanga\u017eiranijih hrvatskih intelektualaca Slavka Goldsteina govorit \u0107e prof. dr. sc. Vesna Pusi\u0107, prof. dr. sc. Milorad Pupovac i lingvistkinja Nina \u010colovi\u0107, a razgovor \u0107e moderirati urednik izdanja Nikola Bajto.<\/p>\n\n\n\n<hr class=\"wp-block-separator has-alpha-channel-opacity\"\/>\n\n\n\n<p>Izvor i dodatne obavijesti:<\/p>\n\n\n\n<p><a href=\"https:\/\/www.portalnovosti.com\/promocija-knjige-posvecene-slavku-goldsteinu\">https:\/\/www.portalnovosti.com\/promocija-knjige-posvecene-slavku-goldsteinu<\/a><\/p>\n\n\n\n<hr class=\"wp-block-separator has-alpha-channel-opacity\"\/>\n\n\n\n<figure class=\"wp-block-embed is-type-wp-embed is-provider-historiografija-hr wp-block-embed-historiografija-hr\"><div class=\"wp-block-embed__wrapper\">\n<blockquote class=\"wp-embedded-content\" data-secret=\"qcBiKqm8kX\"><a href=\"https:\/\/historiografija.hr\/?p=44791\">Boris Paveli\u0107, \u201eHOMO LIBER \u2013 Iz ostav\u0161tine Slavka Goldsteina\u201c<\/a><\/blockquote><iframe loading=\"lazy\" class=\"wp-embedded-content\" sandbox=\"allow-scripts\" security=\"restricted\" style=\"position: absolute; visibility: hidden;\" title=\"&#8220;Boris Paveli\u0107, \u201eHOMO LIBER \u2013 Iz ostav\u0161tine Slavka Goldsteina\u201c&#8221; &#8212; Historiografija.hr\" src=\"https:\/\/historiografija.hr\/?p=44791&#038;embed=true#?secret=GDSZSgFM9m#?secret=qcBiKqm8kX\" data-secret=\"qcBiKqm8kX\" width=\"600\" height=\"338\" frameborder=\"0\" marginwidth=\"0\" marginheight=\"0\" scrolling=\"no\"><\/iframe>\n<\/div><\/figure>\n\n\n\n<hr class=\"wp-block-separator has-alpha-channel-opacity\"\/>\n","protected":false},"excerpt":{"rendered":"","protected":false},"author":2,"featured_media":44792,"comment_status":"open","ping_status":"open","sticky":false,"template":"","format":"standard","meta":{"_acf_changed":false,"jetpack_post_was_ever_published":false,"_jetpack_newsletter_access":"","_jetpack_dont_email_post_to_subs":false,"_jetpack_newsletter_tier_id":0,"_jetpack_memberships_contains_paywalled_content":false,"_jetpack_memberships_contains_paid_content":false,"footnotes":"","jetpack_publicize_message":"","jetpack_publicize_feature_enabled":true,"jetpack_social_post_already_shared":true,"jetpack_social_options":{"image_generator_settings":{"template":"highway","default_image_id":0,"font":"","enabled":false},"version":2}},"categories":[3],"tags":[],"class_list":["post-45692","post","type-post","status-publish","format-standard","has-post-thumbnail","hentry","category-novosti"],"acf":{"facebook_opis":""},"jetpack_publicize_connections":[],"jetpack_featured_media_url":"https:\/\/i0.wp.com\/historiografija.hr\/wp-content\/uploads\/2025\/02\/Slavko_Goldstein.jpg?fit=926%2C661&ssl=1","jetpack_sharing_enabled":true,"jetpack-related-posts":[],"_links":{"self":[{"href":"https:\/\/historiografija.hr\/index.php?rest_route=\/wp\/v2\/posts\/45692","targetHints":{"allow":["GET"]}}],"collection":[{"href":"https:\/\/historiografija.hr\/index.php?rest_route=\/wp\/v2\/posts"}],"about":[{"href":"https:\/\/historiografija.hr\/index.php?rest_route=\/wp\/v2\/types\/post"}],"author":[{"embeddable":true,"href":"https:\/\/historiografija.hr\/index.php?rest_route=\/wp\/v2\/users\/2"}],"replies":[{"embeddable":true,"href":"https:\/\/historiografija.hr\/index.php?rest_route=%2Fwp%2Fv2%2Fcomments&post=45692"}],"version-history":[{"count":2,"href":"https:\/\/historiografija.hr\/index.php?rest_route=\/wp\/v2\/posts\/45692\/revisions"}],"predecessor-version":[{"id":45694,"href":"https:\/\/historiografija.hr\/index.php?rest_route=\/wp\/v2\/posts\/45692\/revisions\/45694"}],"wp:featuredmedia":[{"embeddable":true,"href":"https:\/\/historiografija.hr\/index.php?rest_route=\/wp\/v2\/media\/44792"}],"wp:attachment":[{"href":"https:\/\/historiografija.hr\/index.php?rest_route=%2Fwp%2Fv2%2Fmedia&parent=45692"}],"wp:term":[{"taxonomy":"category","embeddable":true,"href":"https:\/\/historiografija.hr\/index.php?rest_route=%2Fwp%2Fv2%2Fcategories&post=45692"},{"taxonomy":"post_tag","embeddable":true,"href":"https:\/\/historiografija.hr\/index.php?rest_route=%2Fwp%2Fv2%2Ftags&post=45692"}],"curies":[{"name":"wp","href":"https:\/\/api.w.org\/{rel}","templated":true}]}}