{"id":45687,"date":"2025-04-07T08:35:05","date_gmt":"2025-04-07T08:35:05","guid":{"rendered":"https:\/\/historiografija.hr\/?p=45687"},"modified":"2025-04-07T08:35:05","modified_gmt":"2025-04-07T08:35:05","slug":"predstavljanje-zbornika-radova-historija-roma-u-bosni-i-hercegovini-u-sarajevu","status":"publish","type":"post","link":"https:\/\/historiografija.hr\/?p=45687","title":{"rendered":"Predstavljanje zbornika radova &#8220;Historija Roma u Bosni i Hercegovini&#8221; u Sarajevu"},"content":{"rendered":"\n<p>Institut za historiju Univerziteta u Sarajevu organizira predstavljanje zbornika radova <em>Historija Roma u Bosni i Hercegovini<\/em>.<\/p>\n\n\n\n<p>Rije\u010d je o zborniku radova \u0161to su ga skupa objavili Institut za historiju Univerziteta u Sarajevu i Institut dru\u0161tvenih znanosti \u201eIvo Pilar\u201c iz Zagreba.&nbsp;Urednici zbornika su Danijel Vojak i Sanja Gladanac-Petrovi\u0107.<\/p>\n\n\n\n<p>O knjizi \u0107e govoriti Sedad Be\u0161lija, \u017deljko Holjevac, Danijel Vojak i Sanja Petrovi\u0107-Gladanac. Promociju \u0107e moderirati Mehmed Hod\u017ei\u0107.<\/p>\n\n\n\n<p>Promocija \u0107e biti u srijedu, 9. aprila 2025. u 11.00 sati u sve\u010danoj sali Rektorata Univerziteta u Sarajevu.<\/p>\n\n\n\n<hr class=\"wp-block-separator has-alpha-channel-opacity\"\/>\n\n\n\n<p>Izvor:<\/p>\n\n\n\n<p><a href=\"https:\/\/historiografija.ba\/historija-u-javnosti\/dogadjaji\/promocija-knjige-o-romima-u-bih\">https:\/\/historiografija.ba\/historija-u-javnosti\/dogadjaji\/promocija-knjige-o-romima-u-bih<\/a><\/p>\n\n\n\n<hr class=\"wp-block-separator has-alpha-channel-opacity\"\/>\n","protected":false},"excerpt":{"rendered":"","protected":false},"author":2,"featured_media":45688,"comment_status":"open","ping_status":"open","sticky":false,"template":"","format":"standard","meta":{"_acf_changed":false,"jetpack_post_was_ever_published":false,"_jetpack_newsletter_access":"","_jetpack_dont_email_post_to_subs":false,"_jetpack_newsletter_tier_id":0,"_jetpack_memberships_contains_paywalled_content":false,"_jetpack_memberships_contains_paid_content":false,"footnotes":"","jetpack_publicize_message":"","jetpack_publicize_feature_enabled":true,"jetpack_social_post_already_shared":true,"jetpack_social_options":{"image_generator_settings":{"template":"highway","default_image_id":0,"font":"","enabled":false},"version":2}},"categories":[3],"tags":[],"class_list":["post-45687","post","type-post","status-publish","format-standard","has-post-thumbnail","hentry","category-novosti"],"acf":{"facebook_opis":""},"jetpack_publicize_connections":[],"jetpack_featured_media_url":"https:\/\/i0.wp.com\/historiografija.hr\/wp-content\/uploads\/2025\/04\/historija-roma-promocija.jpg?fit=555%2C555&ssl=1","jetpack_sharing_enabled":true,"jetpack-related-posts":[],"_links":{"self":[{"href":"https:\/\/historiografija.hr\/index.php?rest_route=\/wp\/v2\/posts\/45687","targetHints":{"allow":["GET"]}}],"collection":[{"href":"https:\/\/historiografija.hr\/index.php?rest_route=\/wp\/v2\/posts"}],"about":[{"href":"https:\/\/historiografija.hr\/index.php?rest_route=\/wp\/v2\/types\/post"}],"author":[{"embeddable":true,"href":"https:\/\/historiografija.hr\/index.php?rest_route=\/wp\/v2\/users\/2"}],"replies":[{"embeddable":true,"href":"https:\/\/historiografija.hr\/index.php?rest_route=%2Fwp%2Fv2%2Fcomments&post=45687"}],"version-history":[{"count":1,"href":"https:\/\/historiografija.hr\/index.php?rest_route=\/wp\/v2\/posts\/45687\/revisions"}],"predecessor-version":[{"id":45689,"href":"https:\/\/historiografija.hr\/index.php?rest_route=\/wp\/v2\/posts\/45687\/revisions\/45689"}],"wp:featuredmedia":[{"embeddable":true,"href":"https:\/\/historiografija.hr\/index.php?rest_route=\/wp\/v2\/media\/45688"}],"wp:attachment":[{"href":"https:\/\/historiografija.hr\/index.php?rest_route=%2Fwp%2Fv2%2Fmedia&parent=45687"}],"wp:term":[{"taxonomy":"category","embeddable":true,"href":"https:\/\/historiografija.hr\/index.php?rest_route=%2Fwp%2Fv2%2Fcategories&post=45687"},{"taxonomy":"post_tag","embeddable":true,"href":"https:\/\/historiografija.hr\/index.php?rest_route=%2Fwp%2Fv2%2Ftags&post=45687"}],"curies":[{"name":"wp","href":"https:\/\/api.w.org\/{rel}","templated":true}]}}