{"id":45671,"date":"2025-04-04T22:46:04","date_gmt":"2025-04-04T22:46:04","guid":{"rendered":"https:\/\/historiografija.hr\/?p=45671"},"modified":"2025-04-04T22:46:04","modified_gmt":"2025-04-04T22:46:04","slug":"europske-kulture-sjecanja-njemacka-u-fokusu","status":"publish","type":"post","link":"https:\/\/historiografija.hr\/?p=45671","title":{"rendered":"Europske kulture sje\u0107anja: Njema\u010dka u fokusu"},"content":{"rendered":"\n<p>Projekt \u201cEuropske kulture sje\u0107anja\u201d (European Culture(s) of Remembrance) sastoji se od \u0161est me\u0111unarodnih seminara koji \u0107e se u razdoblju 2025.-2027. odr\u017eati u \u0161est europskih zemalja. Prvi seminar u okviru projekta odr\u017ean je od 21. do 27. o\u017eujka 2025. u Njema\u010dkoj. Seminar je okupio 25 sudionika iz 13 europskih zemalja, profesionalno uklju\u010denih u razli\u010dita podru\u010dja obrazovanja o povijesti: nastavnike, istra\u017eiva\u010de, predstavnike muzeja, javnih ustanova i udruga. Tijekom \u0161est dana sudionici su boravili u Weimaru, Erfurtu i Berlinu, kombiniraju\u0107i obilaske muzeja i institucija s razgovorima s njihovim predstavnicima. Kroz intenzivno bavljenje sredi\u0161njim temama u kulturi sje\u0107anja u svakoj posje\u0107enoj zemlji, seminari pru\u017eaju uvid i u lokalne dru\u0161tvene i politi\u010dke dinamike povezane s kulturom sje\u0107anja. Pritom aktivna razmjena me\u0111u sudionicima iz cijele Europe pridonosi razumijevanju trendova u drugim europskim zemljama kao i individualnom promi\u0161ljanju dru\u0161tvenih i politi\u010dkih dinamika u vlastitoj zemlji.<\/p>\n\n\n\n<p>Sljede\u0107i seminar u sklopu projekta odr\u017eat \u0107e se u Hrvatskoj od 6. do 12. rujna 2025. Poziv za prijavu zainteresiranih sudionika kao i program seminara u Hrvatskoj bit \u0107e objavljeni u svibnju.<\/p>\n\n\n\n<p>Projekt \u201cEuropske kulture sje\u0107anja\u201d osmislili su Markus Rebitschek (EJBW, Weimar) i Boris Stameni\u0107 (Retrovizor, Zagreb). Projekt se provodi uz financijsku podr\u0161ku Europske unije i Savezne Republike Njema\u010dke.<\/p>\n\n\n\n<p>Vi\u0161e informacija o odr\u017eanom seminaru i projektu nalazi se u nastavku:<\/p>\n\n\n\n<ul class=\"wp-block-list\">\n<li>HRVATSKI:\u00a0 <a href=\"https:\/\/retrovizor.hr\/europske-kulture-sjecanja-njemacka-u-fokusu\/\" target=\"_blank\" rel=\"noreferrer noopener\">https:\/\/retrovizor.hr\/europske-kulture-sjecanja-njemacka-u-fokusu\/<\/a><\/li>\n\n\n\n<li>ENGLISH: <a href=\"https:\/\/retrovizor.hr\/european-cultures-of-remembrance-focus-on-germany\/\" target=\"_blank\" rel=\"noreferrer noopener\">https:\/\/retrovizor.hr\/european-cultures-of-remembrance-focus-on-germany\/<\/a><\/li>\n\n\n\n<li>DEUTSCH: <a href=\"https:\/\/retrovizor.hr\/europaische-erinnerungskulturen-deutschland-im-fokus\/\" target=\"_blank\" rel=\"noreferrer noopener\">https:\/\/retrovizor.hr\/europaische-erinnerungskulturen-deutschland-im-fokus\/<\/a><\/li>\n<\/ul>\n\n\n\n<hr class=\"wp-block-separator has-alpha-channel-opacity\"\/>\n","protected":false},"excerpt":{"rendered":"","protected":false},"author":2,"featured_media":45672,"comment_status":"open","ping_status":"open","sticky":false,"template":"","format":"standard","meta":{"_acf_changed":false,"jetpack_post_was_ever_published":false,"_jetpack_newsletter_access":"","_jetpack_dont_email_post_to_subs":false,"_jetpack_newsletter_tier_id":0,"_jetpack_memberships_contains_paywalled_content":false,"_jetpack_memberships_contains_paid_content":false,"footnotes":"","jetpack_publicize_message":"","jetpack_publicize_feature_enabled":true,"jetpack_social_post_already_shared":true,"jetpack_social_options":{"image_generator_settings":{"template":"highway","default_image_id":0,"font":"","enabled":false},"version":2}},"categories":[3],"tags":[],"class_list":["post-45671","post","type-post","status-publish","format-standard","has-post-thumbnail","hentry","category-novosti"],"acf":{"facebook_opis":""},"jetpack_publicize_connections":[],"jetpack_featured_media_url":"https:\/\/i0.wp.com\/historiografija.hr\/wp-content\/uploads\/2025\/04\/ECoR-Photo.jpg?fit=1600%2C800&ssl=1","jetpack_sharing_enabled":true,"jetpack-related-posts":[],"_links":{"self":[{"href":"https:\/\/historiografija.hr\/index.php?rest_route=\/wp\/v2\/posts\/45671","targetHints":{"allow":["GET"]}}],"collection":[{"href":"https:\/\/historiografija.hr\/index.php?rest_route=\/wp\/v2\/posts"}],"about":[{"href":"https:\/\/historiografija.hr\/index.php?rest_route=\/wp\/v2\/types\/post"}],"author":[{"embeddable":true,"href":"https:\/\/historiografija.hr\/index.php?rest_route=\/wp\/v2\/users\/2"}],"replies":[{"embeddable":true,"href":"https:\/\/historiografija.hr\/index.php?rest_route=%2Fwp%2Fv2%2Fcomments&post=45671"}],"version-history":[{"count":1,"href":"https:\/\/historiografija.hr\/index.php?rest_route=\/wp\/v2\/posts\/45671\/revisions"}],"predecessor-version":[{"id":45673,"href":"https:\/\/historiografija.hr\/index.php?rest_route=\/wp\/v2\/posts\/45671\/revisions\/45673"}],"wp:featuredmedia":[{"embeddable":true,"href":"https:\/\/historiografija.hr\/index.php?rest_route=\/wp\/v2\/media\/45672"}],"wp:attachment":[{"href":"https:\/\/historiografija.hr\/index.php?rest_route=%2Fwp%2Fv2%2Fmedia&parent=45671"}],"wp:term":[{"taxonomy":"category","embeddable":true,"href":"https:\/\/historiografija.hr\/index.php?rest_route=%2Fwp%2Fv2%2Fcategories&post=45671"},{"taxonomy":"post_tag","embeddable":true,"href":"https:\/\/historiografija.hr\/index.php?rest_route=%2Fwp%2Fv2%2Ftags&post=45671"}],"curies":[{"name":"wp","href":"https:\/\/api.w.org\/{rel}","templated":true}]}}