{"id":45668,"date":"2025-04-04T22:41:29","date_gmt":"2025-04-04T22:41:29","guid":{"rendered":"https:\/\/historiografija.hr\/?p=45668"},"modified":"2025-04-04T22:41:29","modified_gmt":"2025-04-04T22:41:29","slug":"poziv-za-prijavu-na-regionalnu-aktivisticku-skolu-novi-val-za-mlade-iz-hrvatske-i-srbije","status":"publish","type":"post","link":"https:\/\/historiografija.hr\/?p=45668","title":{"rendered":"Poziv za prijavu na regionalnu aktivisti\u010dku \u0161kolu Novi val za mlade iz Hrvatske i Srbije"},"content":{"rendered":"\n<p><em>Zanima te pri\u010da o poznatom osje\u010dkom crvenom fi\u0107i?<\/em><\/p>\n\n\n\n<p><em>Zna\u0161 za Josipa Reihla-Kira, ali ne zna\u0161 detalje o njegovoj sudbini?<\/em><\/p>\n\n\n\n<p><em>Nisi upoznat_a s politi\u010dkim isprikama upu\u0107enima za zlo\u010dine po\u010dinjene tijekom ratova devedesetih?&nbsp;<\/em><\/p>\n\n\n\n<p><em>\u017deli\u0161 se povezati s mladima iz regije i zajedni\u010dki raspravljati o devedesetima i njihovim posljedicama na dru\u0161tva danas?&nbsp;<\/em><\/p>\n\n\n\n<p><em>Prepoznaje\u0161 va\u017enost regionalnog povezivanja koje razbija predrasude?<\/em><\/p>\n\n\n\n<p>Tre\u0107a po redu regionalna aktivisti\u010dka \u0161kola u organizaciji Inicijative mladih za ljudska prava iz Hrvatske i Srbije odr\u017eat \u0107e se od 29.4. do 5.5. 2025. u Osijeku za mlade u dobi izme\u0111u 18 i 30 godina iz Hrvatske i Srbije!&nbsp;<\/p>\n\n\n\n<p>\u0160kola Novi val okuplja mlade ljude iz Hrvatske i Srbije koji \u017eele kriti\u010dki promi\u0161ljati o zajedni\u010dkoj pro\u0161losti i njezinom utjecaju danas, razumjeti slo\u017eene dru\u0161tvene procese i aktivno doprinositi borbi protiv (nacionalne) diskriminacije i predrasuda. Kroz simboliku imena, Novi val predstavlja novu generaciju \u2013 energi\u010dnu, anga\u017eiranu i spremnu na dijalog, koja donosi svje\u017eu perspektivu na teme poput ratnog naslje\u0111a, etni\u010dkih odnosa i politi\u010dke odgovornosti.<\/p>\n\n\n\n<p>Prijavi se ako \u017eeli\u0161 zajedno s mladima iz regije u\u010diti o povijesti kojoj nema mjesta u \u0161kolama, ulozi medija u ratu, za\u0161titi ljudskih prava i antiratnom otporu 1990-ih, ali i upoznati se s primjerima politi\u010dkih isprika i kasnijoj izgradnji (nepotpunih) narativa o ratu.&nbsp;<\/p>\n\n\n\n<p>Program \u0107e se sastojati od predavanja, studijskih posjeta, interaktivnih radionica i grupnog rada, a imat \u0107e\u0161 priliku upoznati se, povezati i dru\u017eiti s vr\u0161njacima iz razli\u010ditih krajeva Hrvatske i Srbije.&nbsp;&nbsp;<\/p>\n\n\n\n<p>Ispuni <a href=\"https:\/\/forms.gle\/MogbNmRxfxeJe7BLA\">upitnik za prijavu<\/a>, podijeli ovaj poziv s prijateljima i vidimo se u Osijeku od 29.4. do 5.5.!&nbsp;<\/p>\n\n\n\n<p>Sve tro\u0161kove putovanja, smje\u0161taja i hrane snosi organizator. Svi sudionici_e \u0161kole \u0107e po zavr\u0161etku dobiti Youthpass potvrdu o sudjelovanju, a uvjet je prisutnost na svim danima programa.&nbsp;<\/p>\n\n\n\n<p>Rok za prijave je nedjelja, 13.4.2025. u 23:59., a odabrane osobe \u0107e biti obavije\u0161tene najkasnije do 18.4.2025.&nbsp;<\/p>\n\n\n\n<p><strong>Podaci iz prijave \u010duvat \u0107e se do kraja provedbe projekta i bit \u0107e kori\u0161teni isklju\u010divo u svrhe provo\u0111enja aktivnosti u sklopu E+ akreditacije KA1 Mobilnost u svrhu u\u010denja za pojedince.\u00a0 Za sva dodatna pitanja, kontaktirajte nas na croatia@yihr.org.<\/strong><\/p>\n\n\n\n<hr class=\"wp-block-separator has-alpha-channel-opacity\"\/>\n\n\n\n<p>Izvor:<\/p>\n\n\n\n<p><a href=\"https:\/\/www.yihr.hr\/hr\/prijavi-se-regionalna-aktivisticka-skola-novi-val-za-mlade-iz-hrvatske-i-srbije\">https:\/\/www.yihr.hr\/hr\/prijavi-se-regionalna-aktivisticka-skola-novi-val-za-mlade-iz-hrvatske-i-srbije<\/a><\/p>\n\n\n\n<hr class=\"wp-block-separator has-alpha-channel-opacity\"\/>\n","protected":false},"excerpt":{"rendered":"","protected":false},"author":2,"featured_media":45669,"comment_status":"open","ping_status":"open","sticky":false,"template":"","format":"standard","meta":{"_acf_changed":false,"jetpack_post_was_ever_published":false,"_jetpack_newsletter_access":"","_jetpack_dont_email_post_to_subs":false,"_jetpack_newsletter_tier_id":0,"_jetpack_memberships_contains_paywalled_content":false,"_jetpack_memberships_contains_paid_content":false,"footnotes":"","jetpack_publicize_message":"","jetpack_publicize_feature_enabled":true,"jetpack_social_post_already_shared":true,"jetpack_social_options":{"image_generator_settings":{"template":"highway","default_image_id":0,"font":"","enabled":false},"version":2}},"categories":[3],"tags":[],"class_list":["post-45668","post","type-post","status-publish","format-standard","has-post-thumbnail","hentry","category-novosti"],"acf":{"facebook_opis":""},"jetpack_publicize_connections":[],"jetpack_featured_media_url":"https:\/\/i0.wp.com\/historiografija.hr\/wp-content\/uploads\/2025\/04\/Novi_val.png?fit=1166%2C590&ssl=1","jetpack_sharing_enabled":true,"jetpack-related-posts":[],"_links":{"self":[{"href":"https:\/\/historiografija.hr\/index.php?rest_route=\/wp\/v2\/posts\/45668","targetHints":{"allow":["GET"]}}],"collection":[{"href":"https:\/\/historiografija.hr\/index.php?rest_route=\/wp\/v2\/posts"}],"about":[{"href":"https:\/\/historiografija.hr\/index.php?rest_route=\/wp\/v2\/types\/post"}],"author":[{"embeddable":true,"href":"https:\/\/historiografija.hr\/index.php?rest_route=\/wp\/v2\/users\/2"}],"replies":[{"embeddable":true,"href":"https:\/\/historiografija.hr\/index.php?rest_route=%2Fwp%2Fv2%2Fcomments&post=45668"}],"version-history":[{"count":1,"href":"https:\/\/historiografija.hr\/index.php?rest_route=\/wp\/v2\/posts\/45668\/revisions"}],"predecessor-version":[{"id":45670,"href":"https:\/\/historiografija.hr\/index.php?rest_route=\/wp\/v2\/posts\/45668\/revisions\/45670"}],"wp:featuredmedia":[{"embeddable":true,"href":"https:\/\/historiografija.hr\/index.php?rest_route=\/wp\/v2\/media\/45669"}],"wp:attachment":[{"href":"https:\/\/historiografija.hr\/index.php?rest_route=%2Fwp%2Fv2%2Fmedia&parent=45668"}],"wp:term":[{"taxonomy":"category","embeddable":true,"href":"https:\/\/historiografija.hr\/index.php?rest_route=%2Fwp%2Fv2%2Fcategories&post=45668"},{"taxonomy":"post_tag","embeddable":true,"href":"https:\/\/historiografija.hr\/index.php?rest_route=%2Fwp%2Fv2%2Ftags&post=45668"}],"curies":[{"name":"wp","href":"https:\/\/api.w.org\/{rel}","templated":true}]}}