{"id":45661,"date":"2025-04-04T22:33:05","date_gmt":"2025-04-04T22:33:05","guid":{"rendered":"https:\/\/historiografija.hr\/?p=45661"},"modified":"2025-04-04T22:34:50","modified_gmt":"2025-04-04T22:34:50","slug":"gostujuca-predavanja-adriana-briskua-u-centru-za-historijska-istrazivanja-u-sarajevu","status":"publish","type":"post","link":"https:\/\/historiografija.hr\/?p=45661","title":{"rendered":"Gostuju\u0107a predavanja Adriana Briskua u Centru za historijska istra\u017eivanja u Sarajevu"},"content":{"rendered":"\n<p>Centar za historijska istra\u017eivanja (CeHiS) Filozofskog fakulteta Univerziteta u Sarajevu ugostit \u0107e dr. Adriana Briskua sa Karlovog Univerziteta iz Praga (Charles University, Prague). U okviru svoje nau\u010dne ekspertize dr. Brisku \u0107e odr\u017eati dva predavanja.<\/p>\n\n\n\n<p>Tema prvog predavanja je \u201cDiscourses of Smallness in Czechia, Georgia, and Albania: A Comparative Historical Perspective\u201d. O problematici manjina u \u010ce\u0161koj, Gruziji i Albaniji iz perespektive komparativne historije dr. Brisku \u0107e govoriti u ponedjeljak 7.4.2025. godine u terminu od 12-16 sati. U istom terminu u \u010detvrtak 10.4.2025. bit \u0107e odr\u017eano i drugo predavanje na temu \u201cFederalism in the Caucasus: Past and Present\u201d. Oba predavanja zainteresirani \u0107e mo\u0107i poslu\u0161ati u Sali 8 &#8211; Centar NIRSA (Univerzitet u Sarajevu &#8211; Filozofski fakultet)<\/p>\n\n\n\n<p>Moderatori predavanja bit \u0107e prof. dr. Amir Duranovi\u0107 i vi\u0161a ass. dr. Melisa Fori\u0107 Plasto sa Odsjeka za historiju (Univerzitet u Sarajevu &#8211; Filozofski fakultet). Iz Centra za historijska istra\u017eivanja napominju da dr. Adrian Brisku gostuje na Odsjeku za historiju u okviru programa ERASMUS+<\/p>\n\n\n\n<p>Kratka biografija predava\u010da:<\/p>\n\n\n\n<p>Dr. Brisku istra\u017euje \u0161irok spektar tema kroz prizmu europskih identiteta, reformi, politi\u010dke ekonomije, komparativne historije i nacionalnih ekonomija. U svom radu posebno je fokusiran na problematiku iz&nbsp; moderne historije Albanije, Gruzije i Kavkaza. Od 2017. godine radi na Karlovom Univerzitetu u Pragu, gdje je trenutno u zvanju vanrednog profesora. Kao istra\u017eiva\u010d na postdoktorskom studiju u periodu 2020-2022. boravio je na Institutu za historiju Isto\u010dne Europe na Univerzitetu u Be\u010du.<\/p>\n\n\n\n<p>Vi\u0161e o nau\u010dno-istra\u017eiva\u010dkom radu gostuju\u0107eg predava\u010da zainteresirani mogu saznati na zvani\u010dnoj web stranici Institute of International Studies Charles University, Prague:<\/p>\n\n\n\n<p><a href=\"https:\/\/ims.fsv.cuni.cz\/institut\/katedra-ruskych-vychodoevropskych-studii\/lide\/adrian-brisku-phd\">https:\/\/ims.fsv.cuni.cz\/institut\/katedra-ruskych-vychodoevropskych-studii\/lide\/adrian-brisku-phd<\/a><\/p>\n\n\n\n<hr class=\"wp-block-separator has-alpha-channel-opacity\"\/>\n\n\n\n<figure class=\"wp-block-image size-full\"><img data-recalc-dims=\"1\" loading=\"lazy\" decoding=\"async\" width=\"338\" height=\"600\" data-attachment-id=\"45663\" data-permalink=\"https:\/\/historiografija.hr\/?attachment_id=45663\" data-orig-file=\"https:\/\/i0.wp.com\/historiografija.hr\/wp-content\/uploads\/2025\/04\/Brisku_2.jpg?fit=338%2C600&amp;ssl=1\" data-orig-size=\"338,600\" data-comments-opened=\"1\" data-image-meta=\"{&quot;aperture&quot;:&quot;0&quot;,&quot;credit&quot;:&quot;&quot;,&quot;camera&quot;:&quot;&quot;,&quot;caption&quot;:&quot;&quot;,&quot;created_timestamp&quot;:&quot;0&quot;,&quot;copyright&quot;:&quot;&quot;,&quot;focal_length&quot;:&quot;0&quot;,&quot;iso&quot;:&quot;0&quot;,&quot;shutter_speed&quot;:&quot;0&quot;,&quot;title&quot;:&quot;&quot;,&quot;orientation&quot;:&quot;0&quot;}\" data-image-title=\"Brisku_2\" data-image-description=\"\" data-image-caption=\"\" data-large-file=\"https:\/\/i0.wp.com\/historiografija.hr\/wp-content\/uploads\/2025\/04\/Brisku_2.jpg?fit=338%2C600&amp;ssl=1\" src=\"https:\/\/i0.wp.com\/historiografija.hr\/wp-content\/uploads\/2025\/04\/Brisku_2.jpg?resize=338%2C600&#038;ssl=1\" alt=\"\" class=\"wp-image-45663\" srcset=\"https:\/\/i0.wp.com\/historiografija.hr\/wp-content\/uploads\/2025\/04\/Brisku_2.jpg?w=338&amp;ssl=1 338w, https:\/\/i0.wp.com\/historiografija.hr\/wp-content\/uploads\/2025\/04\/Brisku_2.jpg?resize=169%2C300&amp;ssl=1 169w\" sizes=\"auto, (max-width: 338px) 100vw, 338px\" \/><\/figure>\n\n\n\n<hr class=\"wp-block-separator has-alpha-channel-opacity\"\/>\n\n\n\n<figure class=\"wp-block-image size-large is-resized\"><img data-recalc-dims=\"1\" loading=\"lazy\" decoding=\"async\" width=\"576\" height=\"1024\" data-attachment-id=\"45662\" data-permalink=\"https:\/\/historiografija.hr\/?attachment_id=45662\" data-orig-file=\"https:\/\/i0.wp.com\/historiografija.hr\/wp-content\/uploads\/2025\/04\/Brisku_1.jpg?fit=1080%2C1920&amp;ssl=1\" data-orig-size=\"1080,1920\" data-comments-opened=\"1\" data-image-meta=\"{&quot;aperture&quot;:&quot;0&quot;,&quot;credit&quot;:&quot;&quot;,&quot;camera&quot;:&quot;&quot;,&quot;caption&quot;:&quot;&quot;,&quot;created_timestamp&quot;:&quot;0&quot;,&quot;copyright&quot;:&quot;&quot;,&quot;focal_length&quot;:&quot;0&quot;,&quot;iso&quot;:&quot;0&quot;,&quot;shutter_speed&quot;:&quot;0&quot;,&quot;title&quot;:&quot;&quot;,&quot;orientation&quot;:&quot;0&quot;}\" data-image-title=\"Brisku_1\" data-image-description=\"\" data-image-caption=\"\" data-large-file=\"https:\/\/i0.wp.com\/historiografija.hr\/wp-content\/uploads\/2025\/04\/Brisku_1.jpg?fit=576%2C1024&amp;ssl=1\" src=\"https:\/\/i0.wp.com\/historiografija.hr\/wp-content\/uploads\/2025\/04\/Brisku_1.jpg?resize=576%2C1024&#038;ssl=1\" alt=\"\" class=\"wp-image-45662\" style=\"width:336px;height:auto\" srcset=\"https:\/\/i0.wp.com\/historiografija.hr\/wp-content\/uploads\/2025\/04\/Brisku_1.jpg?resize=576%2C1024&amp;ssl=1 576w, https:\/\/i0.wp.com\/historiografija.hr\/wp-content\/uploads\/2025\/04\/Brisku_1.jpg?resize=169%2C300&amp;ssl=1 169w, https:\/\/i0.wp.com\/historiografija.hr\/wp-content\/uploads\/2025\/04\/Brisku_1.jpg?resize=768%2C1365&amp;ssl=1 768w, https:\/\/i0.wp.com\/historiografija.hr\/wp-content\/uploads\/2025\/04\/Brisku_1.jpg?resize=864%2C1536&amp;ssl=1 864w, https:\/\/i0.wp.com\/historiografija.hr\/wp-content\/uploads\/2025\/04\/Brisku_1.jpg?w=1080&amp;ssl=1 1080w\" sizes=\"auto, (max-width: 576px) 100vw, 576px\" \/><\/figure>\n\n\n\n<hr class=\"wp-block-separator has-alpha-channel-opacity\"\/>\n\n\n\n<p>Obavijest je objavljena i na portalu <strong>Historiografija.ba<\/strong>:<\/p>\n\n\n\n<p><a href=\"https:\/\/historiografija.ba\/historija-u-javnosti\/dogadjaji\/adrian-brisku-ce-odrzati-dva-predavanja-u-centru-za-historijska-istrazivanja\">https:\/\/historiografija.ba\/historija-u-javnosti\/dogadjaji\/adrian-brisku-ce-odrzati-dva-predavanja-u-centru-za-historijska-istrazivanja<\/a><\/p>\n\n\n\n<hr class=\"wp-block-separator has-alpha-channel-opacity\"\/>\n","protected":false},"excerpt":{"rendered":"","protected":false},"author":2,"featured_media":45663,"comment_status":"open","ping_status":"open","sticky":false,"template":"","format":"standard","meta":{"_acf_changed":false,"jetpack_post_was_ever_published":false,"_jetpack_newsletter_access":"","_jetpack_dont_email_post_to_subs":false,"_jetpack_newsletter_tier_id":0,"_jetpack_memberships_contains_paywalled_content":false,"_jetpack_memberships_contains_paid_content":false,"footnotes":"","jetpack_publicize_message":"","jetpack_publicize_feature_enabled":true,"jetpack_social_post_already_shared":true,"jetpack_social_options":{"image_generator_settings":{"template":"highway","default_image_id":0,"font":"","enabled":false},"version":2}},"categories":[3],"tags":[],"class_list":["post-45661","post","type-post","status-publish","format-standard","has-post-thumbnail","hentry","category-novosti"],"acf":{"facebook_opis":""},"jetpack_publicize_connections":[],"jetpack_featured_media_url":"https:\/\/i0.wp.com\/historiografija.hr\/wp-content\/uploads\/2025\/04\/Brisku_2.jpg?fit=338%2C600&ssl=1","jetpack_sharing_enabled":true,"jetpack-related-posts":[],"_links":{"self":[{"href":"https:\/\/historiografija.hr\/index.php?rest_route=\/wp\/v2\/posts\/45661","targetHints":{"allow":["GET"]}}],"collection":[{"href":"https:\/\/historiografija.hr\/index.php?rest_route=\/wp\/v2\/posts"}],"about":[{"href":"https:\/\/historiografija.hr\/index.php?rest_route=\/wp\/v2\/types\/post"}],"author":[{"embeddable":true,"href":"https:\/\/historiografija.hr\/index.php?rest_route=\/wp\/v2\/users\/2"}],"replies":[{"embeddable":true,"href":"https:\/\/historiografija.hr\/index.php?rest_route=%2Fwp%2Fv2%2Fcomments&post=45661"}],"version-history":[{"count":4,"href":"https:\/\/historiografija.hr\/index.php?rest_route=\/wp\/v2\/posts\/45661\/revisions"}],"predecessor-version":[{"id":45667,"href":"https:\/\/historiografija.hr\/index.php?rest_route=\/wp\/v2\/posts\/45661\/revisions\/45667"}],"wp:featuredmedia":[{"embeddable":true,"href":"https:\/\/historiografija.hr\/index.php?rest_route=\/wp\/v2\/media\/45663"}],"wp:attachment":[{"href":"https:\/\/historiografija.hr\/index.php?rest_route=%2Fwp%2Fv2%2Fmedia&parent=45661"}],"wp:term":[{"taxonomy":"category","embeddable":true,"href":"https:\/\/historiografija.hr\/index.php?rest_route=%2Fwp%2Fv2%2Fcategories&post=45661"},{"taxonomy":"post_tag","embeddable":true,"href":"https:\/\/historiografija.hr\/index.php?rest_route=%2Fwp%2Fv2%2Ftags&post=45661"}],"curies":[{"name":"wp","href":"https:\/\/api.w.org\/{rel}","templated":true}]}}