{"id":45649,"date":"2025-04-03T22:30:00","date_gmt":"2025-04-03T22:30:00","guid":{"rendered":"https:\/\/historiografija.hr\/?p=45649"},"modified":"2025-04-03T22:30:00","modified_gmt":"2025-04-03T22:30:00","slug":"holm-sundhaussen-gospodarska-povijest-nezavisne-drzave-hrvatske-u-nacionalsocijalistickom-veleprostoru-1941-1945","status":"publish","type":"post","link":"https:\/\/historiografija.hr\/?p=45649","title":{"rendered":"Holm Sundhaussen, \u201eGospodarska povijest Nezavisne Dr\u017eave Hrvatske u nacionalsocijalisti\u010dkom veleprostoru 1941.\u20131945.\u201c"},"content":{"rendered":"\n<p>Plejada je upravo objavila knjigu <strong>Gospodarska povijest Nezavisne Dr\u017eave Hrvatske u nacionalsocijalisti\u010dkom veleprostoru 1941.\u20131945.<\/strong> istaknutog njema\u010dkog stru\u010dnjaka za povijest Jugoisto\u010dne Europe <strong>Holma Sundhaussena<\/strong> (1942.\u20132015.) koji je na temelju op\u0161irnih arhivskih istra\u017eivanja u Njema\u010dkoj, Hrvatskoj i Srbiji te relevantne literature analizirao cjelokupno gospodarstvo Nezavisne Dr\u017eave Hrvatske u gospodarskom veleprostoru nacisti\u010dke Njema\u010dke. Po\u010dev\u0161i od me\u0111uratnih njema\u010dkih shva\u0107anja kako bi gospodarski prostor Europe trebao biti ure\u0111en i od uspostave Nezavisne Dr\u017eave Hrvatske, preko analize svih grana njezina gospodarstva u odnosu prema planovima nacisti\u010dke Njema\u010dke, Sundhaussen zaklju\u010duje da Nezavisna Dr\u017eava Hrvatska nikako nije ispunjavala o\u010dekivanja njema\u010dkih planera, ve\u0107 se razvila u podru\u010dje kojem je trebala financijska pomo\u0107. Radi se o prijevodu djela izvorno objavljenog na njema\u010dkom jeziku 1983. godine, u prijevodu istaknute hrvatske gospodarske povjesni\u010darke Mire Kolar-Dimitrijevi\u0107 i u redakciji povjesni\u010dara i urednika Matka Globa\u010dnika, s novim predgovorom i dodacima izra\u0111enima za ovo hrvatsko izdanje. Sveukupno knjiga donosi pedesetak tablica, desetak crte\u017ea, sedam tabela i sedam karata. Na kraju knjige doneseni su posebni dodaci za hrvatsko izdanje: kratki \u017eivotopis autora s bibliografijom njegovih relevantnijih radova i tematski poredan popis izabrane literature o Nezavisnoj Dr\u017eavi Hrvatskoj, objavljene nakon 1983. godine.<\/p>\n\n\n\n<hr class=\"wp-block-separator has-alpha-channel-opacity\"\/>\n\n\n\n<p>Izvor:<\/p>\n\n\n\n<figure class=\"wp-block-embed is-type-wp-embed is-provider-plejada-d-o-o wp-block-embed-plejada-d-o-o\"><div class=\"wp-block-embed__wrapper\">\nhttps:\/\/www.plejada-zg.hr\/knjiga-gospodarska-povijest-nezavisne-drzave-hrvatske-u-nacionalsocijalistickom-veleprostoru-1941-1945-upravo-je-izasla-iz-tiska\/\n<\/div><\/figure>\n\n\n\n<hr class=\"wp-block-separator has-alpha-channel-opacity\"\/>\n","protected":false},"excerpt":{"rendered":"","protected":false},"author":2,"featured_media":45650,"comment_status":"open","ping_status":"open","sticky":false,"template":"","format":"standard","meta":{"_acf_changed":false,"jetpack_post_was_ever_published":false,"_jetpack_newsletter_access":"","_jetpack_dont_email_post_to_subs":false,"_jetpack_newsletter_tier_id":0,"_jetpack_memberships_contains_paywalled_content":false,"_jetpack_memberships_contains_paid_content":false,"footnotes":"","jetpack_publicize_message":"","jetpack_publicize_feature_enabled":true,"jetpack_social_post_already_shared":true,"jetpack_social_options":{"image_generator_settings":{"template":"highway","default_image_id":0,"font":"","enabled":false},"version":2}},"categories":[8,3],"tags":[],"class_list":["post-45649","post","type-post","status-publish","format-standard","has-post-thumbnail","hentry","category-knjige","category-novosti"],"acf":{"facebook_opis":""},"jetpack_publicize_connections":[],"jetpack_featured_media_url":"https:\/\/i0.wp.com\/historiografija.hr\/wp-content\/uploads\/2025\/04\/Gospodarska-povijest-NDH.jpg?fit=1030%2C1030&ssl=1","jetpack_sharing_enabled":true,"jetpack-related-posts":[],"_links":{"self":[{"href":"https:\/\/historiografija.hr\/index.php?rest_route=\/wp\/v2\/posts\/45649","targetHints":{"allow":["GET"]}}],"collection":[{"href":"https:\/\/historiografija.hr\/index.php?rest_route=\/wp\/v2\/posts"}],"about":[{"href":"https:\/\/historiografija.hr\/index.php?rest_route=\/wp\/v2\/types\/post"}],"author":[{"embeddable":true,"href":"https:\/\/historiografija.hr\/index.php?rest_route=\/wp\/v2\/users\/2"}],"replies":[{"embeddable":true,"href":"https:\/\/historiografija.hr\/index.php?rest_route=%2Fwp%2Fv2%2Fcomments&post=45649"}],"version-history":[{"count":1,"href":"https:\/\/historiografija.hr\/index.php?rest_route=\/wp\/v2\/posts\/45649\/revisions"}],"predecessor-version":[{"id":45651,"href":"https:\/\/historiografija.hr\/index.php?rest_route=\/wp\/v2\/posts\/45649\/revisions\/45651"}],"wp:featuredmedia":[{"embeddable":true,"href":"https:\/\/historiografija.hr\/index.php?rest_route=\/wp\/v2\/media\/45650"}],"wp:attachment":[{"href":"https:\/\/historiografija.hr\/index.php?rest_route=%2Fwp%2Fv2%2Fmedia&parent=45649"}],"wp:term":[{"taxonomy":"category","embeddable":true,"href":"https:\/\/historiografija.hr\/index.php?rest_route=%2Fwp%2Fv2%2Fcategories&post=45649"},{"taxonomy":"post_tag","embeddable":true,"href":"https:\/\/historiografija.hr\/index.php?rest_route=%2Fwp%2Fv2%2Ftags&post=45649"}],"curies":[{"name":"wp","href":"https:\/\/api.w.org\/{rel}","templated":true}]}}