{"id":45646,"date":"2025-04-03T22:24:35","date_gmt":"2025-04-03T22:24:35","guid":{"rendered":"https:\/\/historiografija.hr\/?p=45646"},"modified":"2025-04-03T22:24:35","modified_gmt":"2025-04-03T22:24:35","slug":"bb-robert-austin-competing-pasts-in-albania","status":"publish","type":"post","link":"https:\/\/historiografija.hr\/?p=45646","title":{"rendered":"BB: Robert Austin &#8211; Competing Pasts in Albania"},"content":{"rendered":"\n<p>Albania\u2019s violent twentieth century was shaped by two dictatorships although most people only talk about one. The communist period (1944-1991) was arguably more brutal than the soft and even incompetent one of King Zog (1928-1939) but both periods warranted a national conversation. After the collapse of Albanian communist rule in 1991, Albania charted an uneven course towards transitional justice that focused exclusively on the communist period. But what else happened?<\/p>\n\n\n\n<p><strong>Robert C Austin<\/strong> is a professor and Associate Director at the Centre for European and Eurasian Studies at the Munk School of Global Affairs &amp; Public Policy at the University of Toronto.<\/p>\n\n\n\n<hr class=\"wp-block-separator has-alpha-channel-opacity\"\/>\n\n\n\n<p>08.04.2025<\/p>\n\n\n\n<p>13:00 &#8211; 14:00<\/p>\n\n\n\n<p>Zentrum f\u00fcr S\u00fcdosteuropastudien &amp; SEEHA &amp; S\u00fcdosteuropa-Gesellschaft<\/p>\n\n\n\n<p>LS 15.03 Universit\u00e4tsstra\u00dfe 15 Bauteil C, 8010 Graz<\/p>\n\n\n\n<hr class=\"wp-block-separator has-alpha-channel-opacity\"\/>\n\n\n\n<p><a href=\"https:\/\/suedosteuropa.uni-graz.at\/de\/veranstaltungen\/bb-competing-pasts-in-albania\">https:\/\/suedosteuropa.uni-graz.at\/de\/veranstaltungen\/bb-competing-pasts-in-albania<\/a><\/p>\n\n\n\n<hr class=\"wp-block-separator has-alpha-channel-opacity\"\/>\n","protected":false},"excerpt":{"rendered":"","protected":false},"author":2,"featured_media":45647,"comment_status":"open","ping_status":"open","sticky":false,"template":"","format":"standard","meta":{"_acf_changed":false,"jetpack_post_was_ever_published":false,"_jetpack_newsletter_access":"","_jetpack_dont_email_post_to_subs":false,"_jetpack_newsletter_tier_id":0,"_jetpack_memberships_contains_paywalled_content":false,"_jetpack_memberships_contains_paid_content":false,"footnotes":"","jetpack_publicize_message":"","jetpack_publicize_feature_enabled":true,"jetpack_social_post_already_shared":true,"jetpack_social_options":{"image_generator_settings":{"template":"highway","default_image_id":0,"font":"","enabled":false},"version":2}},"categories":[3],"tags":[],"class_list":["post-45646","post","type-post","status-publish","format-standard","has-post-thumbnail","hentry","category-novosti"],"acf":{"facebook_opis":""},"jetpack_publicize_connections":[],"jetpack_featured_media_url":"https:\/\/i0.wp.com\/historiografija.hr\/wp-content\/uploads\/2025\/04\/csm_Hoxha_Statue.png?fit=1000%2C736&ssl=1","jetpack_sharing_enabled":true,"jetpack-related-posts":[],"_links":{"self":[{"href":"https:\/\/historiografija.hr\/index.php?rest_route=\/wp\/v2\/posts\/45646","targetHints":{"allow":["GET"]}}],"collection":[{"href":"https:\/\/historiografija.hr\/index.php?rest_route=\/wp\/v2\/posts"}],"about":[{"href":"https:\/\/historiografija.hr\/index.php?rest_route=\/wp\/v2\/types\/post"}],"author":[{"embeddable":true,"href":"https:\/\/historiografija.hr\/index.php?rest_route=\/wp\/v2\/users\/2"}],"replies":[{"embeddable":true,"href":"https:\/\/historiografija.hr\/index.php?rest_route=%2Fwp%2Fv2%2Fcomments&post=45646"}],"version-history":[{"count":1,"href":"https:\/\/historiografija.hr\/index.php?rest_route=\/wp\/v2\/posts\/45646\/revisions"}],"predecessor-version":[{"id":45648,"href":"https:\/\/historiografija.hr\/index.php?rest_route=\/wp\/v2\/posts\/45646\/revisions\/45648"}],"wp:featuredmedia":[{"embeddable":true,"href":"https:\/\/historiografija.hr\/index.php?rest_route=\/wp\/v2\/media\/45647"}],"wp:attachment":[{"href":"https:\/\/historiografija.hr\/index.php?rest_route=%2Fwp%2Fv2%2Fmedia&parent=45646"}],"wp:term":[{"taxonomy":"category","embeddable":true,"href":"https:\/\/historiografija.hr\/index.php?rest_route=%2Fwp%2Fv2%2Fcategories&post=45646"},{"taxonomy":"post_tag","embeddable":true,"href":"https:\/\/historiografija.hr\/index.php?rest_route=%2Fwp%2Fv2%2Ftags&post=45646"}],"curies":[{"name":"wp","href":"https:\/\/api.w.org\/{rel}","templated":true}]}}