{"id":45643,"date":"2025-04-03T22:17:54","date_gmt":"2025-04-03T22:17:54","guid":{"rendered":"https:\/\/historiografija.hr\/?p=45643"},"modified":"2025-04-03T22:17:54","modified_gmt":"2025-04-03T22:17:54","slug":"tribina-nesvrstane-veze","status":"publish","type":"post","link":"https:\/\/historiografija.hr\/?p=45643","title":{"rendered":"Tribina \u201eNesvrstane veze\u201c"},"content":{"rendered":"\n<p><strong>U nedjelju, 6. travnja 2025., Centar za dramsku umjetnost u suradnji sa Scenom Ribnjak predstavlja triplet: predstavu, tribinu i koncert!<\/strong><\/p>\n\n\n\n<p><strong>19:00<\/strong><em><strong> SVE \u0160TO JEDNA DR\u017dAVA \u017dELI<\/strong><\/em>, predstava<\/p>\n\n\n\n<p><strong>20:00 <\/strong><em><strong>NESVRSTANE VEZE<\/strong><\/em>, tribina<\/p>\n\n\n\n<p><strong>21:00 FABE BEAUREL BAMBI (FR) &amp; ELIKIA (FR)<\/strong>, koncert<\/p>\n\n\n\n<p>&#8212;&#8211;<\/p>\n\n\n\n<p><strong>O PREDSTAVI<\/strong><\/p>\n\n\n\n<p>Dobrodo\u0161li u Malembeziju! \/ Bienvenue \u00e0 Malemb\u00e9sy! \/ Welcome to Malembesy!<\/p>\n\n\n\n<p><strong>Fabe Beaurel Bambi<\/strong> &#8211; skladatelj himne \/ music<\/p>\n\n\n\n<p><strong>Aipeur Foundou <\/strong>&#8211; predsjednik \/ choreography and performance<\/p>\n\n\n\n<p><strong>Dora Kokolj<\/strong> &#8211; stru\u010dnjakinja za me\u0111unarodne odnose \/ choreography and performance<\/p>\n\n\n\n<p><strong>Mia \u0160tark <\/strong>&#8211; predstavnica malembe\u017eanskog kanona \/ choreography and performance<\/p>\n\n\n\n<p><strong>Lucija Klari\u0107<\/strong> &#8211; ministrica kulturne birokracije \/ production and dramaturgy<\/p>\n\n\n\n<p><em>Od zvjezdane pra\u0161ine nastao je noj, noj se spojio s kuglicom, zajedno su stvorili novo bi\u0107e kojemu ne znamo imena, a iz njegove travnate kose jedna se kapljica susrela s mrvicom pepela i polako, iz te ljubavi pepela i vode, dolazimo do prvih Malembe\u017eana koji danas ve\u0107 imaju svoj tradicionalni pozdrav zdjelicama.<\/em><\/p>\n\n\n\n<p>Malembezija je &#8211; fantasti\u010dno putovanje u pro\u0161lost i sada\u0161njost zemlje kroz istra\u017eivanje njene umjetnosti: glazbe, plesa, pri\u010de.<\/p>\n\n\n\n<p>Malemebezija je &#8211; Bambi, Foudou, Klari\u0107, Kokolj, \u0160tark.<\/p>\n\n\n\n<p>Malembezija je &#8211; spoj razli\u010ditih kultura i poku\u0161aj zami\u0161ljanja zemlje novih ideala i obi\u010daja, fluidnih granica i spontanog jezika.<\/p>\n\n\n\n<p>Malembezija je &#8211; ponovno spremna pokazati se javnosti tijekom ture po prostorima od prije publici poznatima kao kulturni centar i park, u kojima \u0107e svi imati priliku otkriti pri\u010de i ba\u0161tinu Malembe\u017eana.<\/p>\n\n\n\n<p>Predstava nastala iz umjetni\u010dke suradnje i zajedni\u010dkog istra\u017eivanja hrvatskih umjetnica, Dore Kokolj, Mie \u0160tark i Lucije Klari\u0107 te kongoanskih umjetnika s pari\u0161kom adresom Fabe Beaurel Bambi i Aipeur Foundou. Multikulturalni kolektiv sastavljen od glazbenika, plesa\u010da i plesa\u010dica te dramaturginje iznjedrio je putuju\u0107u predstavu koja vodi publiku u razgledavanje kulture, obi\u010daja i teritorija imaginarne zemlje &#8220;Malembezije&#8221;. <em>Sve \u0161to jedna dr\u017eava \u017eeli <\/em>je tako javno predstavljanje novostvorene dr\u017eave u kojoj je osnovni princip \u017eivljenja &#8220;malembe&#8221; ili prevedeno na hrvatski &#8220;lagano&#8221;, a koja se otvoreno i dje\u010da\u010dki naivno opire ideji kolonijalisti\u010dkog svijeta s utvr\u0111enim granicama.<\/p>\n\n\n\n<p>&#8212;&#8211;<\/p>\n\n\n\n<p><strong>O TRIBINI<\/strong><\/p>\n\n\n\n<p>Tribina <em>Nesvrstane veze<\/em> istra\u017euje zna\u010daj i utjecaj afri\u010dke kulture, uz sudjelovanje Sanje Horvatin\u010di\u0107 i Mojce Pi\u0161kor.<\/p>\n\n\n\n<p>&#8212;&#8211;<\/p>\n\n\n\n<p><strong>O KONCERTU<\/strong><\/p>\n\n\n\n<p><strong>Fabe Beaurel Bambi<\/strong> okuplja \u010detiri pari\u0161ka glazbenika u grupu <strong>Elikia<\/strong> 2023. godine s namjerom pronalaska autenti\u010dnog zvuka koji \u0107e kombinirati njegove glazbene korijene i druge stilove glazbe koje otkriva na svom profesionalnom putu. Elikia koja na Lingala zna\u010di &#8220;nada&#8221;, a ono \u0161to rade najbolje se mo\u017ee opisati kao jazz fusion u kojem se mogu \u010duti tragovi tradicionalne kongoanske glazbe, afro beata i moderni elektro ritmovi te pigmejska polifonija. U svojoj ljubavi prema mije\u0161anju glazbenih \u017eanrova, Fabe Beaurel Bambi i Elikia ujedno prenose i ideje socijalne pravednosti, otpora i va\u017enosti o\u010duvanja prirode.&nbsp;Ovim se putem prvi put predstavljaju izvan Pariza, Francuske i donose da\u0161ak mlade, pari\u0161ke glazbene jazz scene u Zagreb.<\/p>\n\n\n\n<figure class=\"wp-block-embed is-type-rich is-provider-soundcloud wp-block-embed-soundcloud wp-embed-aspect-4-3 wp-has-aspect-ratio\"><div class=\"wp-block-embed__wrapper\">\n<iframe loading=\"lazy\" title=\"Elikia music by Fabe Beaurel Bambi\" width=\"860\" height=\"450\" scrolling=\"no\" frameborder=\"no\" src=\"https:\/\/w.soundcloud.com\/player\/?visual=true&#038;url=https%3A%2F%2Fapi.soundcloud.com%2Fplaylists%2F1932600091&#038;show_artwork=true&#038;maxheight=1000&#038;maxwidth=860\"><\/iframe>\n<\/div><\/figure>\n\n\n\n<p>&#8212;&#8211;<\/p>\n\n\n\n<p><em><strong>***Programi se izvode u okviru LUFTANJA SCENE RIBNJAK, mjeseca popusta i razmjene znanja na nezavisnoj sceni.&nbsp;Ulaz na tribinu je slobodan, a ulaznice za predstavu te koncert po promotivnim cijenama od 6 eura (po doga\u0111aju) ili 10 eura za oboje (predstavu i koncert) mo\u017eete kupiti online na&nbsp;<\/strong><\/em><a href=\"https:\/\/core-event.co\/\" target=\"_blank\" rel=\"noreferrer noopener\"><em><strong>https:\/\/core-event.co\/<\/strong><\/em><\/a><em><strong>&nbsp;ili na blagajni Scene Ribnjak koja radi sat vremena prije po\u010detka predstave.<\/strong><\/em><\/p>\n\n\n\n<hr class=\"wp-block-separator has-alpha-channel-opacity\"\/>\n\n\n\n<p>Izvor:<\/p>\n\n\n\n<p><a href=\"https:\/\/core-event.co\/events\/predstava-i-tribina-sve-sto-jedna-drzava-zeli-koncert-fabe-beaurel-bambi-fr-elikia-fr-81b1\">https:\/\/core-event.co\/events\/predstava-i-tribina-sve-sto-jedna-drzava-zeli-koncert-fabe-beaurel-bambi-fr-elikia-fr-81b1<\/a><\/p>\n\n\n\n<hr class=\"wp-block-separator has-alpha-channel-opacity\"\/>\n","protected":false},"excerpt":{"rendered":"","protected":false},"author":2,"featured_media":45644,"comment_status":"open","ping_status":"open","sticky":false,"template":"","format":"standard","meta":{"_acf_changed":false,"jetpack_post_was_ever_published":false,"_jetpack_newsletter_access":"","_jetpack_dont_email_post_to_subs":false,"_jetpack_newsletter_tier_id":0,"_jetpack_memberships_contains_paywalled_content":false,"_jetpack_memberships_contains_paid_content":false,"footnotes":"","jetpack_publicize_message":"","jetpack_publicize_feature_enabled":true,"jetpack_social_post_already_shared":true,"jetpack_social_options":{"image_generator_settings":{"template":"highway","default_image_id":0,"font":"","enabled":false},"version":2}},"categories":[3],"tags":[],"class_list":["post-45643","post","type-post","status-publish","format-standard","has-post-thumbnail","hentry","category-novosti"],"acf":{"facebook_opis":""},"jetpack_publicize_connections":[],"jetpack_featured_media_url":"https:\/\/i0.wp.com\/historiografija.hr\/wp-content\/uploads\/2025\/04\/Plakat_2025.jpg?fit=1245%2C700&ssl=1","jetpack_sharing_enabled":true,"jetpack-related-posts":[],"_links":{"self":[{"href":"https:\/\/historiografija.hr\/index.php?rest_route=\/wp\/v2\/posts\/45643","targetHints":{"allow":["GET"]}}],"collection":[{"href":"https:\/\/historiografija.hr\/index.php?rest_route=\/wp\/v2\/posts"}],"about":[{"href":"https:\/\/historiografija.hr\/index.php?rest_route=\/wp\/v2\/types\/post"}],"author":[{"embeddable":true,"href":"https:\/\/historiografija.hr\/index.php?rest_route=\/wp\/v2\/users\/2"}],"replies":[{"embeddable":true,"href":"https:\/\/historiografija.hr\/index.php?rest_route=%2Fwp%2Fv2%2Fcomments&post=45643"}],"version-history":[{"count":1,"href":"https:\/\/historiografija.hr\/index.php?rest_route=\/wp\/v2\/posts\/45643\/revisions"}],"predecessor-version":[{"id":45645,"href":"https:\/\/historiografija.hr\/index.php?rest_route=\/wp\/v2\/posts\/45643\/revisions\/45645"}],"wp:featuredmedia":[{"embeddable":true,"href":"https:\/\/historiografija.hr\/index.php?rest_route=\/wp\/v2\/media\/45644"}],"wp:attachment":[{"href":"https:\/\/historiografija.hr\/index.php?rest_route=%2Fwp%2Fv2%2Fmedia&parent=45643"}],"wp:term":[{"taxonomy":"category","embeddable":true,"href":"https:\/\/historiografija.hr\/index.php?rest_route=%2Fwp%2Fv2%2Fcategories&post=45643"},{"taxonomy":"post_tag","embeddable":true,"href":"https:\/\/historiografija.hr\/index.php?rest_route=%2Fwp%2Fv2%2Ftags&post=45643"}],"curies":[{"name":"wp","href":"https:\/\/api.w.org\/{rel}","templated":true}]}}