{"id":45640,"date":"2025-04-03T22:12:57","date_gmt":"2025-04-03T22:12:57","guid":{"rendered":"https:\/\/historiografija.hr\/?p=45640"},"modified":"2025-04-03T22:12:57","modified_gmt":"2025-04-03T22:12:57","slug":"izlozba-moja-afrika","status":"publish","type":"post","link":"https:\/\/historiografija.hr\/?p=45640","title":{"rendered":"Izlo\u017eba &#8220;Moja Afrika&#8221;"},"content":{"rendered":"\n<p>Narodni muzej Zadar i Ogranak Matice hrvatske u Zadru imaju \u010dast pozvati Vas na priredbu \u201eMOJA AFRIKA, video i foto zapisi\u201c, kojom \u0107emo s posebnim po\u0161tovanjem obilje\u017eiti 80. ro\u0111endan gospodina Miljenka Dujele, redatelja, putopisca i misionara, \u010diji su radovi u Africi ostavili neizbrisiv trag.<\/p>\n\n\n\n<p>Kroz zanimljive video i foto zapise, gospodin Dujela podijelit \u0107e s nama svoje nezaboravne do\u017eivljaje s afri\u010dkog kontinenta, otkrivaju\u0107i ljepotu i bogatstvo kulture, prirode i ljudi koji su obilje\u017eili njegova putovanja.<\/p>\n\n\n\n<p>U programu sudjeluju:<\/p>\n\n\n\n<ul class=\"wp-block-list\">\n<li>dr. sc. Radomir Juri\u0107, predsjednik Ogranka Matice hrvatske u Zadru<\/li>\n\n\n\n<li>Miljenko Dujela<\/li>\n<\/ul>\n\n\n\n<p>U glazbenom dijelu programa sudjelovat \u0107e Duo An\u0111ela i Ton\u010di.<\/p>\n\n\n\n<p>Priredba \u0107e se odr\u017eati u Gradskoj lo\u017ei u petak, 4. travnja 2025. godine, s po\u010detkom u 19:00 sati.<\/p>\n\n\n\n<p>Pridru\u017eite nam se na ovoj jedinstvenoj ve\u010deri, koja obe\u0107ava nezaboravno iskustvo kroz umjetnost, glazbu i putovanja, te budite dio slavlja \u017eivota i rada gospodina Miljenka Dujele!<\/p>\n\n\n\n<hr class=\"wp-block-separator has-alpha-channel-opacity\"\/>\n\n\n\n<p>Izvor:<\/p>\n\n\n\n<p><a href=\"https:\/\/nmz.hr\/hr\/dogadanja\/poziv-na-otvorenje-izlozbe-moja-afrika,3076.html\">https:\/\/nmz.hr\/hr\/dogadanja\/poziv-na-otvorenje-izlozbe-moja-afrika,3076.html<\/a><\/p>\n\n\n\n<hr class=\"wp-block-separator has-alpha-channel-opacity\"\/>\n","protected":false},"excerpt":{"rendered":"","protected":false},"author":2,"featured_media":45641,"comment_status":"open","ping_status":"open","sticky":false,"template":"","format":"standard","meta":{"_acf_changed":false,"jetpack_post_was_ever_published":false,"_jetpack_newsletter_access":"","_jetpack_dont_email_post_to_subs":false,"_jetpack_newsletter_tier_id":0,"_jetpack_memberships_contains_paywalled_content":false,"_jetpack_memberships_contains_paid_content":false,"footnotes":"","jetpack_publicize_message":"","jetpack_publicize_feature_enabled":true,"jetpack_social_post_already_shared":true,"jetpack_social_options":{"image_generator_settings":{"template":"highway","default_image_id":0,"font":"","enabled":false},"version":2}},"categories":[10,3],"tags":[],"class_list":["post-45640","post","type-post","status-publish","format-standard","has-post-thumbnail","hentry","category-izlozbe","category-novosti"],"acf":{"facebook_opis":""},"jetpack_publicize_connections":[],"jetpack_featured_media_url":"https:\/\/i0.wp.com\/historiografija.hr\/wp-content\/uploads\/2025\/04\/PLAKAT_DUJELA.jpg?fit=629%2C900&ssl=1","jetpack_sharing_enabled":true,"jetpack-related-posts":[],"_links":{"self":[{"href":"https:\/\/historiografija.hr\/index.php?rest_route=\/wp\/v2\/posts\/45640","targetHints":{"allow":["GET"]}}],"collection":[{"href":"https:\/\/historiografija.hr\/index.php?rest_route=\/wp\/v2\/posts"}],"about":[{"href":"https:\/\/historiografija.hr\/index.php?rest_route=\/wp\/v2\/types\/post"}],"author":[{"embeddable":true,"href":"https:\/\/historiografija.hr\/index.php?rest_route=\/wp\/v2\/users\/2"}],"replies":[{"embeddable":true,"href":"https:\/\/historiografija.hr\/index.php?rest_route=%2Fwp%2Fv2%2Fcomments&post=45640"}],"version-history":[{"count":1,"href":"https:\/\/historiografija.hr\/index.php?rest_route=\/wp\/v2\/posts\/45640\/revisions"}],"predecessor-version":[{"id":45642,"href":"https:\/\/historiografija.hr\/index.php?rest_route=\/wp\/v2\/posts\/45640\/revisions\/45642"}],"wp:featuredmedia":[{"embeddable":true,"href":"https:\/\/historiografija.hr\/index.php?rest_route=\/wp\/v2\/media\/45641"}],"wp:attachment":[{"href":"https:\/\/historiografija.hr\/index.php?rest_route=%2Fwp%2Fv2%2Fmedia&parent=45640"}],"wp:term":[{"taxonomy":"category","embeddable":true,"href":"https:\/\/historiografija.hr\/index.php?rest_route=%2Fwp%2Fv2%2Fcategories&post=45640"},{"taxonomy":"post_tag","embeddable":true,"href":"https:\/\/historiografija.hr\/index.php?rest_route=%2Fwp%2Fv2%2Ftags&post=45640"}],"curies":[{"name":"wp","href":"https:\/\/api.w.org\/{rel}","templated":true}]}}