{"id":45631,"date":"2025-04-03T21:58:51","date_gmt":"2025-04-03T21:58:51","guid":{"rendered":"https:\/\/historiografija.hr\/?p=45631"},"modified":"2025-04-03T22:01:02","modified_gmt":"2025-04-03T22:01:02","slug":"izlozba-tragom-soli-sibenska-gabela-na-grafickim-izvorima-16-19-st-i-znanstveni-skup-sibenik-i-skradin-na-imperijalnom-pogranicju-15-18-st","status":"publish","type":"post","link":"https:\/\/historiografija.hr\/?p=45631","title":{"rendered":"Izlo\u017eba \u201eTragom soli: \u0161ibenska gabela na grafi\u010dkim izvorima (16. \u2013 19. st.)\u201c i znanstveni skup \u201e\u0160ibenik i Skradin na imperijalnom pograni\u010dju (15. \u2013 18. st.)\u201c"},"content":{"rendered":"\n<p>S osobitim veseljem pozivamo vas na doga\u0111anja prire\u0111ena u povodu 500. obljetnice osnivanja gabele za sol kod \u0160ibenika u organizaciji Dr\u017eavnog arhiva u \u0160ibeniku, Tvr\u0111ave kulture \u0160ibenik i Odjela za povijest Sveu\u010dili\u0161ta u Zadru:<\/p>\n\n\n\n<ul class=\"wp-block-list\">\n<li><strong>Izlo\u017eba<em> Tragom soli: \u0161ibenska gabela na grafi\u010dkim izvorima (16. \u2013 19. st.)<br><\/em><\/strong>\u010cetvrtak, 3. travnja 2025. godine, s po\u010detkom u 19 sati \u2013 Tvr\u0111ava sv. Mihovila<\/li>\n\n\n\n<li><strong>Znanstveni skup <em>\u0160ibenik i Skradin na imperijalnom pograni\u010dju (15. \u2013 18. st.)<br><\/em><\/strong>Petak, 4. travnja 2025. godine, s po\u010detkom u 9 sati \u2013 Edukacijski kampus Tvr\u0111ava sv. Ivana<\/li>\n<\/ul>\n\n\n\n<p>Na ovaj na\u010din prisje\u0107amo se trenutka kada su \u0161ibenski knez Bernardin Taiapiera, mleta\u010dki diplomat Pietro Zeno i osmanski emin D\u017eafer \u010celebi potpisali ugovor o ustanovljenju gabele i skladi\u0161ta soli u Mandalini pokraj \u0160ibenika, 10. travnja 1525. godine. Ugovor je u zna\u010dajnoj mjeri odredio odnosno preusmjerio mleta\u010dko-osmanske odnose na \u0161irem podru\u010dju \u0160ibenika, \u0161ibenska je sol prepoznata kao potencijal za uspostavu trgova\u010dkih odnosa izme\u0111u osmanskih i mleta\u010dkih podanika, a \u0161ibenskoj je komuni time omogu\u0107en gospodarski zamah, barem do Ciparskog rata. Ugovor nam je poslu\u017eio kao podloga za razmatranje razli\u010ditih aspekata mleta\u010dko-osmanskih odnosa na \u0161ibensko-skradinskom pograni\u010dju od 15. do 18. stolje\u0107a. Prigodna izlo\u017eba i izlaganja na skupu prilika su za ispunjenja mnogih historiografskih praznina, otvaranja novih istra\u017eiva\u010dkih perspektiva i plodne rasprave o ovom zna\u010dajnom razdoblju \u0161ibenske povijesti.<\/p>\n\n\n\n<p>Radujemo se va\u0161em dolasku!<\/p>\n\n\n\n<hr class=\"wp-block-separator has-alpha-channel-opacity\"\/>\n\n\n\n<p>Izvor, program skupa i knji\u017eica sa\u017eetaka:<\/p>\n\n\n\n<figure class=\"wp-block-embed is-type-wp-embed is-provider-dr-avni-arhiv-u-ibeniku wp-block-embed-dr-avni-arhiv-u-ibeniku\"><div class=\"wp-block-embed__wrapper\">\n<blockquote class=\"wp-embedded-content\" data-secret=\"ri36BCk5Mz\"><a href=\"https:\/\/www.dasi.hr\/znanstveni-skup-sibenik-i-skradin-na-imperijalnom-pogranicju-15-18-st-uz-500-obljetnicu-mletacko-osmanskog-sporazuma-o-osnivanju-gabele-za-sol-kod-sibenika-sibenik-3-5-travnja-2025\/\">Znanstveni skup &#8220;\u0160ibenik i Skradin na imperijalnom pograni\u010dju (15.-18. st.): Uz 500. obljetnicu mleta\u010dko-osmanskog sporazuma o osnivanju gabele za sol kod \u0160ibenika&#8221;<\/a><\/blockquote><iframe loading=\"lazy\" class=\"wp-embedded-content\" sandbox=\"allow-scripts\" security=\"restricted\" style=\"position: absolute; visibility: hidden;\" title=\"&#8220;Znanstveni skup &#8220;\u0160ibenik i Skradin na imperijalnom pograni\u010dju (15.-18. st.): Uz 500. obljetnicu mleta\u010dko-osmanskog sporazuma o osnivanju gabele za sol kod \u0160ibenika&#8221;&#8221; &#8212; Dr\u017eavni arhiv u \u0160ibeniku\" src=\"https:\/\/www.dasi.hr\/znanstveni-skup-sibenik-i-skradin-na-imperijalnom-pogranicju-15-18-st-uz-500-obljetnicu-mletacko-osmanskog-sporazuma-o-osnivanju-gabele-za-sol-kod-sibenika-sibenik-3-5-travnja-2025\/embed\/#?secret=V0yPe5sxA5#?secret=ri36BCk5Mz\" data-secret=\"ri36BCk5Mz\" width=\"600\" height=\"338\" frameborder=\"0\" marginwidth=\"0\" marginheight=\"0\" scrolling=\"no\"><\/iframe>\n<\/div><\/figure>\n\n\n\n<hr class=\"wp-block-separator has-alpha-channel-opacity\"\/>\n\n\n\n<p>Dodatne obavijesti:<\/p>\n\n\n\n<p><a href=\"https:\/\/www.unizd.hr\/obavijesti\/view\/znanstveni-skup-sibenik-i-skradin-na-imperijalnom-pogranicju-15-18-st\">https:\/\/www.unizd.hr\/obavijesti\/view\/znanstveni-skup-sibenik-i-skradin-na-imperijalnom-pogranicju-15-18-st<\/a><\/p>\n\n\n\n<hr class=\"wp-block-separator has-alpha-channel-opacity\"\/>\n","protected":false},"excerpt":{"rendered":"","protected":false},"author":2,"featured_media":45632,"comment_status":"open","ping_status":"open","sticky":false,"template":"","format":"standard","meta":{"_acf_changed":false,"jetpack_post_was_ever_published":false,"_jetpack_newsletter_access":"","_jetpack_dont_email_post_to_subs":false,"_jetpack_newsletter_tier_id":0,"_jetpack_memberships_contains_paywalled_content":false,"_jetpack_memberships_contains_paid_content":false,"footnotes":"","jetpack_publicize_message":"","jetpack_publicize_feature_enabled":true,"jetpack_social_post_already_shared":true,"jetpack_social_options":{"image_generator_settings":{"template":"highway","default_image_id":0,"font":"","enabled":false},"version":2}},"categories":[10,3,9],"tags":[],"class_list":["post-45631","post","type-post","status-publish","format-standard","has-post-thumbnail","hentry","category-izlozbe","category-novosti","category-skupovi"],"acf":{"facebook_opis":""},"jetpack_publicize_connections":[],"jetpack_featured_media_url":"https:\/\/i0.wp.com\/historiografija.hr\/wp-content\/uploads\/2025\/04\/si-i-sk.webp?fit=523%2C352&ssl=1","jetpack_sharing_enabled":true,"jetpack-related-posts":[],"_links":{"self":[{"href":"https:\/\/historiografija.hr\/index.php?rest_route=\/wp\/v2\/posts\/45631","targetHints":{"allow":["GET"]}}],"collection":[{"href":"https:\/\/historiografija.hr\/index.php?rest_route=\/wp\/v2\/posts"}],"about":[{"href":"https:\/\/historiografija.hr\/index.php?rest_route=\/wp\/v2\/types\/post"}],"author":[{"embeddable":true,"href":"https:\/\/historiografija.hr\/index.php?rest_route=\/wp\/v2\/users\/2"}],"replies":[{"embeddable":true,"href":"https:\/\/historiografija.hr\/index.php?rest_route=%2Fwp%2Fv2%2Fcomments&post=45631"}],"version-history":[{"count":2,"href":"https:\/\/historiografija.hr\/index.php?rest_route=\/wp\/v2\/posts\/45631\/revisions"}],"predecessor-version":[{"id":45634,"href":"https:\/\/historiografija.hr\/index.php?rest_route=\/wp\/v2\/posts\/45631\/revisions\/45634"}],"wp:featuredmedia":[{"embeddable":true,"href":"https:\/\/historiografija.hr\/index.php?rest_route=\/wp\/v2\/media\/45632"}],"wp:attachment":[{"href":"https:\/\/historiografija.hr\/index.php?rest_route=%2Fwp%2Fv2%2Fmedia&parent=45631"}],"wp:term":[{"taxonomy":"category","embeddable":true,"href":"https:\/\/historiografija.hr\/index.php?rest_route=%2Fwp%2Fv2%2Fcategories&post=45631"},{"taxonomy":"post_tag","embeddable":true,"href":"https:\/\/historiografija.hr\/index.php?rest_route=%2Fwp%2Fv2%2Ftags&post=45631"}],"curies":[{"name":"wp","href":"https:\/\/api.w.org\/{rel}","templated":true}]}}