{"id":45627,"date":"2025-04-03T21:50:14","date_gmt":"2025-04-03T21:50:14","guid":{"rendered":"https:\/\/historiografija.hr\/?p=45627"},"modified":"2025-04-03T21:51:57","modified_gmt":"2025-04-03T21:51:57","slug":"predstavljanje-knjige-ivana-andrijanica-indija-povijest-i-kultura-i-otvorenje-izlozbe-portreti-proslosti-velikani-i-spomenici-indije","status":"publish","type":"post","link":"https:\/\/historiografija.hr\/?p=45627","title":{"rendered":"Predstavljanje knjige Ivana Andrijani\u0107a \u201dIndija: Povijest i kultura\u201d i otvorenje izlo\u017ebe \u201dPortreti pro\u0161losti. Velikani i spomenici Indije\u201d"},"content":{"rendered":"\n<p>Pozivamo sve zainteresirane na predstavljanje knjige profesora Ivana Andrijani\u0107a s Katedre za indologiju \u201dIndija: Povijest i kultura\u201d i na otvorenje izlo\u017ebe \u201dPortreti pro\u0161losti. Velikani i spomenici Indije\u201d, na kojoj \u0107e biti izlo\u017eeni crte\u017ei i akvareli koji su slu\u017eili kao ilustracije za knjigu.<\/p>\n\n\n\n<p>Predstavljanje \u0107e se odr\u017eati u ponedjeljak 7. travnja u 12 sati u Vije\u0107nici Filozofskoga fakulteta u Zagrebu, a odmah zatim \u0107e biti i otvorenje izlo\u017ebe u auli Knji\u017enice.<\/p>\n\n\n\n<hr class=\"wp-block-separator has-alpha-channel-opacity\"\/>\n\n\n\n<p>Izvor:<\/p>\n\n\n\n<figure class=\"wp-block-embed is-type-wp-embed is-provider-filozofski-fakultet-sveu-ili-ta-u-zagrebu wp-block-embed-filozofski-fakultet-sveu-ili-ta-u-zagrebu\"><div class=\"wp-block-embed__wrapper\">\n<blockquote class=\"wp-embedded-content\" data-secret=\"ces161Yzvm\"><a href=\"https:\/\/web2020.ffzg.unizg.hr\/blog\/2025\/04\/03\/poziv-na-predstavljanje-knjige-ivana-andrijanica-indija-povijest-i-kultura-i-otvorenje-izlozbe-portreti-proslosti-velikani-i-spomenici-indije\/\">Poziv na predstavljanje knjige Ivana Andrijani\u0107a &#8221;Indija: Povijest i kultura&#8221; i otvorenje izlo\u017ebe &#8221;Portreti pros\u030closti Velikani i spomenici Indije&#8221;<\/a><\/blockquote><iframe loading=\"lazy\" class=\"wp-embedded-content\" sandbox=\"allow-scripts\" security=\"restricted\" style=\"position: absolute; visibility: hidden;\" title=\"&#8220;Poziv na predstavljanje knjige Ivana Andrijani\u0107a &#8221;Indija: Povijest i kultura&#8221; i otvorenje izlo\u017ebe &#8221;Portreti pros\u030closti Velikani i spomenici Indije&#8221;&#8221; &#8212; Filozofski fakultet Sveu\u010dili\u0161ta u Zagrebu\" src=\"https:\/\/web2020.ffzg.unizg.hr\/blog\/2025\/04\/03\/poziv-na-predstavljanje-knjige-ivana-andrijanica-indija-povijest-i-kultura-i-otvorenje-izlozbe-portreti-proslosti-velikani-i-spomenici-indije\/embed\/#?secret=ces161Yzvm\" data-secret=\"ces161Yzvm\" width=\"600\" height=\"338\" frameborder=\"0\" marginwidth=\"0\" marginheight=\"0\" scrolling=\"no\"><\/iframe>\n<\/div><\/figure>\n\n\n\n<hr class=\"wp-block-separator has-alpha-channel-opacity\"\/>\n","protected":false},"excerpt":{"rendered":"","protected":false},"author":2,"featured_media":45628,"comment_status":"open","ping_status":"open","sticky":false,"template":"","format":"standard","meta":{"_acf_changed":false,"jetpack_post_was_ever_published":false,"_jetpack_newsletter_access":"","_jetpack_dont_email_post_to_subs":false,"_jetpack_newsletter_tier_id":0,"_jetpack_memberships_contains_paywalled_content":false,"_jetpack_memberships_contains_paid_content":false,"footnotes":"","jetpack_publicize_message":"","jetpack_publicize_feature_enabled":true,"jetpack_social_post_already_shared":true,"jetpack_social_options":{"image_generator_settings":{"template":"highway","default_image_id":0,"font":"","enabled":false},"version":2}},"categories":[3],"tags":[],"class_list":["post-45627","post","type-post","status-publish","format-standard","has-post-thumbnail","hentry","category-novosti"],"acf":{"facebook_opis":""},"jetpack_publicize_connections":[],"jetpack_featured_media_url":"https:\/\/i0.wp.com\/historiografija.hr\/wp-content\/uploads\/2025\/04\/Andrijanic.jpg?fit=1536%2C1090&ssl=1","jetpack_sharing_enabled":true,"jetpack-related-posts":[],"_links":{"self":[{"href":"https:\/\/historiografija.hr\/index.php?rest_route=\/wp\/v2\/posts\/45627","targetHints":{"allow":["GET"]}}],"collection":[{"href":"https:\/\/historiografija.hr\/index.php?rest_route=\/wp\/v2\/posts"}],"about":[{"href":"https:\/\/historiografija.hr\/index.php?rest_route=\/wp\/v2\/types\/post"}],"author":[{"embeddable":true,"href":"https:\/\/historiografija.hr\/index.php?rest_route=\/wp\/v2\/users\/2"}],"replies":[{"embeddable":true,"href":"https:\/\/historiografija.hr\/index.php?rest_route=%2Fwp%2Fv2%2Fcomments&post=45627"}],"version-history":[{"count":2,"href":"https:\/\/historiografija.hr\/index.php?rest_route=\/wp\/v2\/posts\/45627\/revisions"}],"predecessor-version":[{"id":45630,"href":"https:\/\/historiografija.hr\/index.php?rest_route=\/wp\/v2\/posts\/45627\/revisions\/45630"}],"wp:featuredmedia":[{"embeddable":true,"href":"https:\/\/historiografija.hr\/index.php?rest_route=\/wp\/v2\/media\/45628"}],"wp:attachment":[{"href":"https:\/\/historiografija.hr\/index.php?rest_route=%2Fwp%2Fv2%2Fmedia&parent=45627"}],"wp:term":[{"taxonomy":"category","embeddable":true,"href":"https:\/\/historiografija.hr\/index.php?rest_route=%2Fwp%2Fv2%2Fcategories&post=45627"},{"taxonomy":"post_tag","embeddable":true,"href":"https:\/\/historiografija.hr\/index.php?rest_route=%2Fwp%2Fv2%2Ftags&post=45627"}],"curies":[{"name":"wp","href":"https:\/\/api.w.org\/{rel}","templated":true}]}}