{"id":45624,"date":"2025-04-03T21:43:54","date_gmt":"2025-04-03T21:43:54","guid":{"rendered":"https:\/\/historiografija.hr\/?p=45624"},"modified":"2025-04-03T21:43:54","modified_gmt":"2025-04-03T21:43:54","slug":"promocija-knjige-nasilje-nad-zenama-diskursi-perspektive-lekcije-iz-bh-povijesti-u-sarajevu","status":"publish","type":"post","link":"https:\/\/historiografija.hr\/?p=45624","title":{"rendered":"Promocija knjige \u201eNasilje nad \u017eenama: Diskursi, perspektive, lekcije iz bh. povijesti\u201c u Sarajevu"},"content":{"rendered":"\n<p>Univerzitet u Sarajevu &#8211; Filozofski fakultet i Fondacija Heinrich B\u00f6ll Sarajevo organiziraju promociju knjige <em>Nasilje nad \u017eenama: Diskursi, perspektive, lekcije iz bh. povijesti<\/em>.<\/p>\n\n\n\n<p>Knjiga je nastala kao rezultat projekta kojeg su podr\u017eali Ministarstvo za nauku, visoko obrazovanje i mlade Kantona Sarajevo i Fondacija Heinrich B\u00f6ll Sarajevo. O knjizi \u0107e govoriti prof. dr. Edin Radu\u0161i\u0107 (Univerzitet u Sarajevu \u2013 Filozofski fakultet)&nbsp;i dr. Melisa Fori\u0107 Plasto (Univerzitet u Sarajevu \u2013 Filozofski fakultet), uz uvodna obra\u0107anja i rije\u010d urednika.<\/p>\n\n\n\n<p>Moderatorica promocije bit \u0107e prof. dr. Selma \u0110uliman, dok \u0107e prigodan muzi\u010dki program upotpuniti solistica na violon\u010delu prof. dr. Belma Ali\u0107.<\/p>\n\n\n\n<p><strong>Promocija \u0107e se odr\u017eati u utorak, 8. aprila 2025. godine u 13:00 sati u Sve\u010danoj sali Rektorata Univerziteta u Sarajevu<\/strong>.&nbsp;<\/p>\n\n\n\n<hr class=\"wp-block-separator has-alpha-channel-opacity\"\/>\n\n\n\n<p>Izvor:<\/p>\n\n\n\n<p><a href=\"https:\/\/historiografija.ba\/historija-u-javnosti\/dogadjaji\/najava-promocije-knjige-nasilje-nad-zenama-diskursi-perspektive-lekcije-iz-bh-povijesti\">https:\/\/historiografija.ba\/historija-u-javnosti\/dogadjaji\/najava-promocije-knjige-nasilje-nad-zenama-diskursi-perspektive-lekcije-iz-bh-povijesti<\/a><\/p>\n\n\n\n<hr class=\"wp-block-separator has-alpha-channel-opacity\"\/>\n","protected":false},"excerpt":{"rendered":"","protected":false},"author":2,"featured_media":45625,"comment_status":"open","ping_status":"open","sticky":false,"template":"","format":"standard","meta":{"_acf_changed":false,"jetpack_post_was_ever_published":false,"_jetpack_newsletter_access":"","_jetpack_dont_email_post_to_subs":false,"_jetpack_newsletter_tier_id":0,"_jetpack_memberships_contains_paywalled_content":false,"_jetpack_memberships_contains_paid_content":false,"footnotes":"","jetpack_publicize_message":"","jetpack_publicize_feature_enabled":true,"jetpack_social_post_already_shared":true,"jetpack_social_options":{"image_generator_settings":{"template":"highway","default_image_id":0,"font":"","enabled":false},"version":2}},"categories":[3],"tags":[],"class_list":["post-45624","post","type-post","status-publish","format-standard","has-post-thumbnail","hentry","category-novosti"],"acf":{"facebook_opis":""},"jetpack_publicize_connections":[],"jetpack_featured_media_url":"https:\/\/i0.wp.com\/historiografija.hr\/wp-content\/uploads\/2025\/04\/zene-promocija-unsa.jpg?fit=450%2C630&ssl=1","jetpack_sharing_enabled":true,"jetpack-related-posts":[],"_links":{"self":[{"href":"https:\/\/historiografija.hr\/index.php?rest_route=\/wp\/v2\/posts\/45624","targetHints":{"allow":["GET"]}}],"collection":[{"href":"https:\/\/historiografija.hr\/index.php?rest_route=\/wp\/v2\/posts"}],"about":[{"href":"https:\/\/historiografija.hr\/index.php?rest_route=\/wp\/v2\/types\/post"}],"author":[{"embeddable":true,"href":"https:\/\/historiografija.hr\/index.php?rest_route=\/wp\/v2\/users\/2"}],"replies":[{"embeddable":true,"href":"https:\/\/historiografija.hr\/index.php?rest_route=%2Fwp%2Fv2%2Fcomments&post=45624"}],"version-history":[{"count":1,"href":"https:\/\/historiografija.hr\/index.php?rest_route=\/wp\/v2\/posts\/45624\/revisions"}],"predecessor-version":[{"id":45626,"href":"https:\/\/historiografija.hr\/index.php?rest_route=\/wp\/v2\/posts\/45624\/revisions\/45626"}],"wp:featuredmedia":[{"embeddable":true,"href":"https:\/\/historiografija.hr\/index.php?rest_route=\/wp\/v2\/media\/45625"}],"wp:attachment":[{"href":"https:\/\/historiografija.hr\/index.php?rest_route=%2Fwp%2Fv2%2Fmedia&parent=45624"}],"wp:term":[{"taxonomy":"category","embeddable":true,"href":"https:\/\/historiografija.hr\/index.php?rest_route=%2Fwp%2Fv2%2Fcategories&post=45624"},{"taxonomy":"post_tag","embeddable":true,"href":"https:\/\/historiografija.hr\/index.php?rest_route=%2Fwp%2Fv2%2Ftags&post=45624"}],"curies":[{"name":"wp","href":"https:\/\/api.w.org\/{rel}","templated":true}]}}