{"id":45620,"date":"2025-04-02T21:56:38","date_gmt":"2025-04-02T21:56:38","guid":{"rendered":"https:\/\/historiografija.hr\/?p=45620"},"modified":"2025-04-02T21:56:38","modified_gmt":"2025-04-02T21:56:38","slug":"simpozij-kvir-u-znanosti-i-umjetnosti","status":"publish","type":"post","link":"https:\/\/historiografija.hr\/?p=45620","title":{"rendered":"Simpozij \u201eKvir u znanosti i umjetnosti\u201c"},"content":{"rendered":"\n<p><strong><a href=\"https:\/\/fb.me\/e\/33pllsDRS\" target=\"_blank\" rel=\"noreferrer noopener\">simpozij<\/a>&nbsp;Kvir u znanosti i umjetnosti<\/strong>&nbsp;odr\u017eat \u0107e se 10. i 11. travnja 2025. <strong>u konferencijskoj dvorani na 2. katu knji\u017enice<\/strong>&nbsp;Filozofskog fakulteta u Zagrebu, a organiziraju ga tri kvir studentske organizacije na Sveu\u010dili\u0161tu u Zagrebu &#8211; Kvir inicijativa Aut (FFZG), Studentska inicijativa Kaleidoskop (ERF) i udruga ZaPravo (PFZG).<\/p>\n\n\n\n<p><strong>Program mo\u017eete vidjeti <a href=\"https:\/\/drive.google.com\/file\/d\/1YUU99sC8N8xqNc50yW4-oous6hOFI-TQ\/view?usp=sharing\" target=\"_blank\" rel=\"noreferrer noopener\">ovdje<\/a>.<\/strong><\/p>\n\n\n\n<p>Sva izlaganja \u0107e biti na hrvatskom jeziku, osim &#8220;Facing traces&#8221; koje \u0107e se odr\u017eati na engleskom.<\/p>\n\n\n\n<p>Cilj je simpozija potaknuti studente_ice na bavljenje kvir temama u znanosti i umjetnostima te podsjetiti na <strong>sveprisutnost kvira<\/strong>&nbsp;u svijetu oko nas. Uz brojna studentska izlaganja, na simpoziju mo\u017eete tako\u0111er \u010duti nekoliko pozvanih profesora i profesorica.&nbsp;<\/p>\n\n\n\n<p><strong><a href=\"https:\/\/fb.me\/e\/5q0Joiz8S\" target=\"_blank\" rel=\"noreferrer noopener\">simpozijski after party<\/a><\/strong>&nbsp;odr\u017eat \u0107e se u prostoru biv\u0161eg (kultnog) gay <strong>kluba Rush (Savska cesta 120) u petak, 11.4. od 22 sata.<\/strong><\/p>\n\n\n\n<p>Do\u0111ite nau\u010diti ne\u0161to novo, podru\u017eiti se i budite dio doma\u0107e kvir povijesti.<\/p>\n\n\n\n<hr class=\"wp-block-separator has-alpha-channel-opacity\"\/>\n","protected":false},"excerpt":{"rendered":"","protected":false},"author":2,"featured_media":45621,"comment_status":"open","ping_status":"open","sticky":false,"template":"","format":"standard","meta":{"_acf_changed":false,"jetpack_post_was_ever_published":false,"_jetpack_newsletter_access":"","_jetpack_dont_email_post_to_subs":false,"_jetpack_newsletter_tier_id":0,"_jetpack_memberships_contains_paywalled_content":false,"_jetpack_memberships_contains_paid_content":false,"footnotes":"","jetpack_publicize_message":"","jetpack_publicize_feature_enabled":true,"jetpack_social_post_already_shared":true,"jetpack_social_options":{"image_generator_settings":{"template":"highway","default_image_id":0,"font":"","enabled":false},"version":2}},"categories":[3,9],"tags":[],"class_list":["post-45620","post","type-post","status-publish","format-standard","has-post-thumbnail","hentry","category-novosti","category-skupovi"],"acf":{"facebook_opis":""},"jetpack_publicize_connections":[],"jetpack_featured_media_url":"https:\/\/i0.wp.com\/historiografija.hr\/wp-content\/uploads\/2025\/04\/Kvir.jpg?fit=1640%2C720&ssl=1","jetpack_sharing_enabled":true,"jetpack-related-posts":[],"_links":{"self":[{"href":"https:\/\/historiografija.hr\/index.php?rest_route=\/wp\/v2\/posts\/45620","targetHints":{"allow":["GET"]}}],"collection":[{"href":"https:\/\/historiografija.hr\/index.php?rest_route=\/wp\/v2\/posts"}],"about":[{"href":"https:\/\/historiografija.hr\/index.php?rest_route=\/wp\/v2\/types\/post"}],"author":[{"embeddable":true,"href":"https:\/\/historiografija.hr\/index.php?rest_route=\/wp\/v2\/users\/2"}],"replies":[{"embeddable":true,"href":"https:\/\/historiografija.hr\/index.php?rest_route=%2Fwp%2Fv2%2Fcomments&post=45620"}],"version-history":[{"count":1,"href":"https:\/\/historiografija.hr\/index.php?rest_route=\/wp\/v2\/posts\/45620\/revisions"}],"predecessor-version":[{"id":45622,"href":"https:\/\/historiografija.hr\/index.php?rest_route=\/wp\/v2\/posts\/45620\/revisions\/45622"}],"wp:featuredmedia":[{"embeddable":true,"href":"https:\/\/historiografija.hr\/index.php?rest_route=\/wp\/v2\/media\/45621"}],"wp:attachment":[{"href":"https:\/\/historiografija.hr\/index.php?rest_route=%2Fwp%2Fv2%2Fmedia&parent=45620"}],"wp:term":[{"taxonomy":"category","embeddable":true,"href":"https:\/\/historiografija.hr\/index.php?rest_route=%2Fwp%2Fv2%2Fcategories&post=45620"},{"taxonomy":"post_tag","embeddable":true,"href":"https:\/\/historiografija.hr\/index.php?rest_route=%2Fwp%2Fv2%2Ftags&post=45620"}],"curies":[{"name":"wp","href":"https:\/\/api.w.org\/{rel}","templated":true}]}}