{"id":45608,"date":"2025-04-02T21:13:14","date_gmt":"2025-04-02T21:13:14","guid":{"rendered":"https:\/\/historiografija.hr\/?p=45608"},"modified":"2025-04-02T21:13:14","modified_gmt":"2025-04-02T21:13:14","slug":"predstavljanje-knjige-erica-usica-zidovi-pamte-vizualna-etnografija-politickih-grafita-iz-drugog-svjetskog-rata-i-poraca-u-istri-u-vodnjanu","status":"publish","type":"post","link":"https:\/\/historiografija.hr\/?p=45608","title":{"rendered":"Predstavljanje knjige Erica U\u0161i\u0107a \u201eZidovi pamte: vizualna etnografija politi\u010dkih grafita iz Drugog svjetskog rata i pora\u0107a u Istri\u201c u Vodnjanu"},"content":{"rendered":"\n<p>U petak, 4. travnja 2025, u prostoru Sale za vjen\u010danja na Narodnom trgu u Vodnjanu, s po\u010detkom u 18 sati, odr\u017eat \u0107e se predstavljanje knjige dr. sc. Erica U\u0161i\u0107a, pod naslovom Zidovi pamte \u2013 Vizualna etnografija politi\u010dkih grafita iz Drugog svjetskog rata i pora\u0107a u Istri.<\/p>\n\n\n\n<p>Knjiga je rezultat autorovog vi\u0161egodi\u0161njeg istra\u017eivanja politi\u010dkih parola koje i danas susre\u0107emo na zidovima diljem Istre, a koje su nastajale t\u0133ekom i neposredno nakon Drugog svjetskog rata. Parole poput \u201eViva Tito\u201c, \u201eHo\u0107emo Jugoslaviju\u201c ili \u201e\u017divio Staljin\u201c, kao i simboli poput crvene zvijezde ili srpa i \u010deki\u0107a, prenosile su poruke partizana i antifa\u0161isti\u010dkog otpora, socijalisti\u010dke revolucije te poslijeratne zahtjeve za priklju\u010denjem Jugoslaviji.<\/p>\n\n\n\n<p>Grafiti su pisani na hrvatskom i talijanskom jeziku, a ispisivali su ih prete\u017eito mladi aktivisti i aktivistkinje pokreta otpora. Danas, ovi pre\u017eivjeli grafiti stvaraju jedinstveni korpus tekstova i simbola u javnom prostoru, koje je mogu\u0107e shvatiti i kao specifi\u010dan krajolik sje\u0107anja i arhiv na otvorenom koji obilje\u017eava istarsko dvadeseto stolje\u0107e.<\/p>\n\n\n\n<p>U svojoj knjizi, koja je objavljena krajem 2024. godine u izdanju Srednje Europe, autor se detaljno pozabavio povijesnom i politi\u010dkom pozadinom grafita, kao i njihovim suvremenim zna\u010denjem uz opse\u017eno dokumentiranje pre\u017eivjelih parola.<\/p>\n\n\n\n<p>Uz autora Erica U\u0161i\u0107a, knjigu \u0107e predstaviti i urednik publikacije, prof. dr. sc. Damir Agi\u010di\u0107, u ime nakladnika Srednja Europa, a predstavljanje moderira Iris Mo\u0161nja. Nakon predstavljanja, zainteresirani \u0107e imati priliku kupiti knjigu.<\/p>\n\n\n\n<p><strong>O autoru:<\/strong><br>Dr. sc. Eric U\u0161i\u0107, kulturolog iz Vodnjana, doktorirao na Fakultetu za dru\u0161tvene znanosti u Ljubljani s temom politi\u010dkih grafita iz Drugog svetskog rata i poratnog perioda u Istri. Na Filozofskom fakultetu u Rijeci diplomirao na Odsjeku za kulturalne studije. Autor je znanstvenih i stru\u010dnih \u010dlanaka, eseja, likovnih kritika i prijevoda s talijanskog na hrvatski jezik. Koautor nekoliko igranih filmova i dio organizacije Vodnjan film festivala u Fa\u017eani film festivala.<\/p>\n\n\n\n<hr class=\"wp-block-separator has-alpha-channel-opacity\"\/>\n\n\n\n<p>Izvor:<\/p>\n\n\n\n<p><a href=\"https:\/\/www.istra24.hr\/kultura\/u-petak-predstavljanje-knjige-erica-usica-zidovi-pamte-u-vodnjanu\">https:\/\/www.istra24.hr\/kultura\/u-petak-predstavljanje-knjige-erica-usica-zidovi-pamte-u-vodnjanu<\/a><\/p>\n\n\n\n<hr class=\"wp-block-separator has-alpha-channel-opacity\"\/>\n","protected":false},"excerpt":{"rendered":"","protected":false},"author":2,"featured_media":45609,"comment_status":"open","ping_status":"open","sticky":false,"template":"","format":"standard","meta":{"_acf_changed":false,"jetpack_post_was_ever_published":false,"_jetpack_newsletter_access":"","_jetpack_dont_email_post_to_subs":false,"_jetpack_newsletter_tier_id":0,"_jetpack_memberships_contains_paywalled_content":false,"_jetpack_memberships_contains_paid_content":false,"footnotes":"","jetpack_publicize_message":"","jetpack_publicize_feature_enabled":true,"jetpack_social_post_already_shared":true,"jetpack_social_options":{"image_generator_settings":{"template":"highway","default_image_id":0,"font":"","enabled":false},"version":2}},"categories":[3],"tags":[],"class_list":["post-45608","post","type-post","status-publish","format-standard","has-post-thumbnail","hentry","category-novosti"],"acf":{"facebook_opis":""},"jetpack_publicize_connections":[],"jetpack_featured_media_url":"https:\/\/i0.wp.com\/historiografija.hr\/wp-content\/uploads\/2025\/04\/Predstavljanje_knjige_Erica_Usica_Zidovi_Pamte-1.jpg?fit=830%2C567&ssl=1","jetpack_sharing_enabled":true,"jetpack-related-posts":[],"_links":{"self":[{"href":"https:\/\/historiografija.hr\/index.php?rest_route=\/wp\/v2\/posts\/45608","targetHints":{"allow":["GET"]}}],"collection":[{"href":"https:\/\/historiografija.hr\/index.php?rest_route=\/wp\/v2\/posts"}],"about":[{"href":"https:\/\/historiografija.hr\/index.php?rest_route=\/wp\/v2\/types\/post"}],"author":[{"embeddable":true,"href":"https:\/\/historiografija.hr\/index.php?rest_route=\/wp\/v2\/users\/2"}],"replies":[{"embeddable":true,"href":"https:\/\/historiografija.hr\/index.php?rest_route=%2Fwp%2Fv2%2Fcomments&post=45608"}],"version-history":[{"count":1,"href":"https:\/\/historiografija.hr\/index.php?rest_route=\/wp\/v2\/posts\/45608\/revisions"}],"predecessor-version":[{"id":45610,"href":"https:\/\/historiografija.hr\/index.php?rest_route=\/wp\/v2\/posts\/45608\/revisions\/45610"}],"wp:featuredmedia":[{"embeddable":true,"href":"https:\/\/historiografija.hr\/index.php?rest_route=\/wp\/v2\/media\/45609"}],"wp:attachment":[{"href":"https:\/\/historiografija.hr\/index.php?rest_route=%2Fwp%2Fv2%2Fmedia&parent=45608"}],"wp:term":[{"taxonomy":"category","embeddable":true,"href":"https:\/\/historiografija.hr\/index.php?rest_route=%2Fwp%2Fv2%2Fcategories&post=45608"},{"taxonomy":"post_tag","embeddable":true,"href":"https:\/\/historiografija.hr\/index.php?rest_route=%2Fwp%2Fv2%2Ftags&post=45608"}],"curies":[{"name":"wp","href":"https:\/\/api.w.org\/{rel}","templated":true}]}}