{"id":45605,"date":"2025-04-02T21:02:14","date_gmt":"2025-04-02T21:02:14","guid":{"rendered":"https:\/\/historiografija.hr\/?p=45605"},"modified":"2025-04-02T21:02:14","modified_gmt":"2025-04-02T21:02:14","slug":"damirka-mihaljevic-komunizam-nacija-demokracija","status":"publish","type":"post","link":"https:\/\/historiografija.hr\/?p=45605","title":{"rendered":"Damirka Mihaljevi\u0107, \u201eKomunizam, nacija, demokracija\u201c"},"content":{"rendered":"\n<p>Knjiga predstavlja poku\u0161aj osvjetljavanja odnosa komunizma i nacija te uzro\u010dno-posljedi\u010dne veze tog odnosa na demokratsku tranziciju. Ne sadr\u017ei uvrije\u017eeni politolo\u0161ko-sociolo\u0161ki repertoar interpretacija koje su postale svojevrsnim pravorijekom za razumijevanje dru\u0161tvenih i politi\u010dkih procesa u ovome dijelu svijeta. Osnovni je argument da nacionalni pokreti nisu slomljeni u komunisti\u010dkoj epohi niti je komunisti\u010dko razdoblje bio neki vakuum u procesu formiranja nacija.<br><br>Damirka Mihaljevi\u0107 je profesorica politologije na Filozofskom fakultetu Sveu\u010dili\u0161ta u Mostaru.<\/p>\n\n\n\n<hr class=\"wp-block-separator has-alpha-channel-opacity\"\/>\n\n\n\n<p>Izvor:<\/p>\n\n\n\n<figure class=\"wp-block-embed is-type-wp-embed is-provider-srednja-europa wp-block-embed-srednja-europa\"><div class=\"wp-block-embed__wrapper\">\n<blockquote class=\"wp-embedded-content\" data-secret=\"qB1ggaFOMx\"><a href=\"https:\/\/srednja-europa.hr\/proizvod\/komunizam-nacija-demokracija\/\">Komunizam, nacija, demokracija<\/a><\/blockquote><iframe loading=\"lazy\" class=\"wp-embedded-content\" sandbox=\"allow-scripts\" security=\"restricted\" style=\"position: absolute; visibility: hidden;\" title=\"&#8220;Komunizam, nacija, demokracija&#8221; &#8212; Srednja Europa\" src=\"https:\/\/srednja-europa.hr\/proizvod\/komunizam-nacija-demokracija\/embed\/#?secret=qB1ggaFOMx\" data-secret=\"qB1ggaFOMx\" width=\"600\" height=\"338\" frameborder=\"0\" marginwidth=\"0\" marginheight=\"0\" scrolling=\"no\"><\/iframe>\n<\/div><\/figure>\n\n\n\n<hr class=\"wp-block-separator has-alpha-channel-opacity\"\/>\n","protected":false},"excerpt":{"rendered":"","protected":false},"author":2,"featured_media":45606,"comment_status":"open","ping_status":"open","sticky":false,"template":"","format":"standard","meta":{"_acf_changed":false,"jetpack_post_was_ever_published":false,"_jetpack_newsletter_access":"","_jetpack_dont_email_post_to_subs":false,"_jetpack_newsletter_tier_id":0,"_jetpack_memberships_contains_paywalled_content":false,"_jetpack_memberships_contains_paid_content":false,"footnotes":"","jetpack_publicize_message":"","jetpack_publicize_feature_enabled":true,"jetpack_social_post_already_shared":true,"jetpack_social_options":{"image_generator_settings":{"template":"highway","default_image_id":0,"font":"","enabled":false},"version":2}},"categories":[8,3],"tags":[],"class_list":["post-45605","post","type-post","status-publish","format-standard","has-post-thumbnail","hentry","category-knjige","category-novosti"],"acf":{"facebook_opis":""},"jetpack_publicize_connections":[],"jetpack_featured_media_url":"https:\/\/i0.wp.com\/historiografija.hr\/wp-content\/uploads\/2025\/04\/Komunizam.jpg?fit=512%2C640&ssl=1","jetpack_sharing_enabled":true,"jetpack-related-posts":[],"_links":{"self":[{"href":"https:\/\/historiografija.hr\/index.php?rest_route=\/wp\/v2\/posts\/45605","targetHints":{"allow":["GET"]}}],"collection":[{"href":"https:\/\/historiografija.hr\/index.php?rest_route=\/wp\/v2\/posts"}],"about":[{"href":"https:\/\/historiografija.hr\/index.php?rest_route=\/wp\/v2\/types\/post"}],"author":[{"embeddable":true,"href":"https:\/\/historiografija.hr\/index.php?rest_route=\/wp\/v2\/users\/2"}],"replies":[{"embeddable":true,"href":"https:\/\/historiografija.hr\/index.php?rest_route=%2Fwp%2Fv2%2Fcomments&post=45605"}],"version-history":[{"count":1,"href":"https:\/\/historiografija.hr\/index.php?rest_route=\/wp\/v2\/posts\/45605\/revisions"}],"predecessor-version":[{"id":45607,"href":"https:\/\/historiografija.hr\/index.php?rest_route=\/wp\/v2\/posts\/45605\/revisions\/45607"}],"wp:featuredmedia":[{"embeddable":true,"href":"https:\/\/historiografija.hr\/index.php?rest_route=\/wp\/v2\/media\/45606"}],"wp:attachment":[{"href":"https:\/\/historiografija.hr\/index.php?rest_route=%2Fwp%2Fv2%2Fmedia&parent=45605"}],"wp:term":[{"taxonomy":"category","embeddable":true,"href":"https:\/\/historiografija.hr\/index.php?rest_route=%2Fwp%2Fv2%2Fcategories&post=45605"},{"taxonomy":"post_tag","embeddable":true,"href":"https:\/\/historiografija.hr\/index.php?rest_route=%2Fwp%2Fv2%2Ftags&post=45605"}],"curies":[{"name":"wp","href":"https:\/\/api.w.org\/{rel}","templated":true}]}}