{"id":45602,"date":"2025-04-02T20:59:04","date_gmt":"2025-04-02T20:59:04","guid":{"rendered":"https:\/\/historiografija.hr\/?p=45602"},"modified":"2025-04-02T20:59:04","modified_gmt":"2025-04-02T20:59:04","slug":"u-matici-hrvatskoj-odrzana-promocija-zbornika-komunisticki-zlocini-ii","status":"publish","type":"post","link":"https:\/\/historiografija.hr\/?p=45602","title":{"rendered":"U Matici hrvatskoj odr\u017eana promocija zbornika Komunisti\u010dki zlo\u010dini II"},"content":{"rendered":"\n<p>U organizaciji Fakulteta hrvatskih studija, u prostorijama&nbsp;Matice hrvatske, odr\u017eana je promocija zbornika <em>Komunisti\u010dki zlo\u010dini II<\/em>. Zbornik donosi najnovija istra\u017eivanja o ubojstvima, represiji, progonima i kr\u0161enju ljudskih prava tijekom&nbsp;razdoblja&nbsp;komunisti\u010dke vladavine, ne samo nakon, ve\u0107 i tijekom Drugoga svjetskoga rata. Na promociji su govorili obna\u0161atelj du\u017enosti&nbsp;prodekana za karijerni razvoj i cjelo\u017eivotnu naobrazbu, doc. dr. sc. Danijel Jurkovi\u0107, pro\u010delnik Odsjeka za povijest,&nbsp;doc. dr. sc. Vladimir \u0160umanovi\u0107 i predstojnica Znanstvenog zavoda,&nbsp;izv. prof. dr. sc. Vlatka Vukeli\u0107.<\/p>\n\n\n\n<p>Prvi se nazo\u010dnima obratio doc. dr. sc. Danijel Jurkovi\u0107 koji je istaknuo va\u017enost ovog zbornika i podr\u0161ku koju je dobio od Ministarstva znanosti, obrazovanja i mladih.<\/p>\n\n\n\n<p>\u201eZbornik je dobio financijsku potporu za tisak, grafi\u010dko oblikovanje, lekturu, korekturu teksta te&nbsp;sve ostale popratne radnje od Ministarstva znanosti, obrazovanja i mladih.&nbsp;Vrlo je va\u017eno naglasiti da se radi o zborniku A1 kategorije, a \u0161to upu\u0107uje da su svi radovi, kao i sam zbornik, iznimno va\u017eni, ne samo s&nbsp;historiografskog nego&nbsp;i s dru\u0161tvenog aspekta. Zbornik pru\u017ea&nbsp;autenti\u010dan uvid u ratne i poratne okolnosti te dokumentira&nbsp;doga\u0111aje&nbsp;vezane za komunisti\u010dke&nbsp;zlo\u010dine\u201c, kazao je&nbsp;doc. dr. sc. Jurkovi\u0107.<\/p>\n\n\n\n<p>Potom je rije\u010d preuzela urednica zbornika izv. prof. dr. sc. Vlatka Vukeli\u0107, koja je istaknula da su istra\u017eivanja objavljena u zborniku dokaz da komunisti\u010dki zlo\u010dini nisu bili samo \u010din osvete nakon rata, ve\u0107 su se doga\u0111ali i tijekom samog Drugog svjetskog rata, uz puno znanje i odobrenje politi\u010dkih i vojnih struktura&nbsp;Komunisti\u010dke partije Jugoslavije.&nbsp;Dodala je i va\u017enu informaciju o me\u0111unarodnoj dimenziji ovoga istra\u017eivanja.<\/p>\n\n\n\n<p>\u201eMoram naglasiti kako smo u studenome 2024. godine pozvani u Europski parlament da odr\u017eimo predavanje o tome \u0161to&nbsp; konkretno radimo na ovome podru\u010dju.&nbsp;To&nbsp;nam je otvorilo vrata&nbsp;novim suradnjama za koje se nadam da \u0107emo ih realizirati idu\u0107e godine. Uspjeli smo dovesti Bleiburg u samo srce Europe, \u0161to je danas, mogu slobodno re\u0107i, element civilizacijskoga standarda\u201c, zaklju\u010dila je izv. prof. dr. sc.&nbsp;Vukeli\u0107.<\/p>\n\n\n\n<p>Posljednji je govorio drugi urednik zbornika, doc. dr. sc. Vladimir \u0160umanovi\u0107, koji je istaknuo kako su se temom komunisti\u010dkih zlo\u010dina dosad&nbsp;uglavnom bavili biv\u0161i politi\u010dari, islu\u017eeni obavje\u0161tajci i poduzetnici s podru\u010dja zapadnog Balkana, dok su povjesni\u010dari uglavnom izbjegavali ovu problematiku.&nbsp;<\/p>\n\n\n\n<p>\u201eKlju\u010dna&nbsp;odgovornost je na hrvatskoj&nbsp;historiografiji, a ne na politici, \u0161to komunisti\u010dki zlo\u010dini ostaju i dalje tabu tema. Cilj pre\u0161u\u0107ivanja istine omogu\u0107uje pojedincima iz raznih&nbsp;sumnjivih krugova&nbsp;hrvatske tranzicije da se predstave kao nacionalni autoriteti, navodni borci za Hrvatsku i objektivni povjesni\u010dari. Ovom temom do sada uglavnom su se bavili&nbsp;biv\u0161i politi\u010dari i ljudi s upitnim biografijama, kojima nije cilj&nbsp;objektivno sagledati&nbsp;pro\u0161lost&nbsp;nego ostvariti politi\u010dki poene. No sada postoji i druga skupina istra\u017eiva\u010da kojima je cilj&nbsp;bez ikakve politizacije donijeti istinu dru\u0161tvu\u201c, dodao je doc. dr. sc. Vladimir \u0160umanovi\u0107.<\/p>\n\n\n\n<p>Zbornik radova Komunisti\u010dki zlo\u010dini II ne samo da nadogra\u0111uje prija\u0161nja istra\u017eivanja, ve\u0107 dodatno rasvjetljava mehanizme, odgovorne osobe i kontekst u kojem su ti zlo\u010dini po\u010dinjeni. Nastavlja sustavno istra\u017eivanje i produbljuje razumijevanje komunisti\u010dkih zlo\u010dina na podru\u010dju biv\u0161e Jugoslavije, s posebnim naglaskom na Hrvatsku.<\/p>\n\n\n\n<hr class=\"wp-block-separator has-alpha-channel-opacity\"\/>\n\n\n\n<p>Izvor i dodatne obavijesti:<\/p>\n\n\n\n<p><a href=\"https:\/\/www.fhs.unizg.hr\/obavijesti?@=21suc#news_125014\">https:\/\/www.fhs.unizg.hr\/obavijesti?@=21suc#news_125014<\/a><\/p>\n\n\n\n<hr class=\"wp-block-separator has-alpha-channel-opacity\"\/>\n","protected":false},"excerpt":{"rendered":"","protected":false},"author":2,"featured_media":45603,"comment_status":"open","ping_status":"open","sticky":false,"template":"","format":"standard","meta":{"_acf_changed":false,"jetpack_post_was_ever_published":false,"_jetpack_newsletter_access":"","_jetpack_dont_email_post_to_subs":false,"_jetpack_newsletter_tier_id":0,"_jetpack_memberships_contains_paywalled_content":false,"_jetpack_memberships_contains_paid_content":false,"footnotes":"","jetpack_publicize_message":"","jetpack_publicize_feature_enabled":true,"jetpack_social_post_already_shared":true,"jetpack_social_options":{"image_generator_settings":{"template":"highway","default_image_id":0,"font":"","enabled":false},"version":2}},"categories":[3],"tags":[],"class_list":["post-45602","post","type-post","status-publish","format-standard","has-post-thumbnail","hentry","category-novosti"],"acf":{"facebook_opis":""},"jetpack_publicize_connections":[],"jetpack_featured_media_url":"https:\/\/i0.wp.com\/historiografija.hr\/wp-content\/uploads\/2025\/04\/MH_promocija.jpg?fit=658%2C516&ssl=1","jetpack_sharing_enabled":true,"jetpack-related-posts":[],"_links":{"self":[{"href":"https:\/\/historiografija.hr\/index.php?rest_route=\/wp\/v2\/posts\/45602","targetHints":{"allow":["GET"]}}],"collection":[{"href":"https:\/\/historiografija.hr\/index.php?rest_route=\/wp\/v2\/posts"}],"about":[{"href":"https:\/\/historiografija.hr\/index.php?rest_route=\/wp\/v2\/types\/post"}],"author":[{"embeddable":true,"href":"https:\/\/historiografija.hr\/index.php?rest_route=\/wp\/v2\/users\/2"}],"replies":[{"embeddable":true,"href":"https:\/\/historiografija.hr\/index.php?rest_route=%2Fwp%2Fv2%2Fcomments&post=45602"}],"version-history":[{"count":1,"href":"https:\/\/historiografija.hr\/index.php?rest_route=\/wp\/v2\/posts\/45602\/revisions"}],"predecessor-version":[{"id":45604,"href":"https:\/\/historiografija.hr\/index.php?rest_route=\/wp\/v2\/posts\/45602\/revisions\/45604"}],"wp:featuredmedia":[{"embeddable":true,"href":"https:\/\/historiografija.hr\/index.php?rest_route=\/wp\/v2\/media\/45603"}],"wp:attachment":[{"href":"https:\/\/historiografija.hr\/index.php?rest_route=%2Fwp%2Fv2%2Fmedia&parent=45602"}],"wp:term":[{"taxonomy":"category","embeddable":true,"href":"https:\/\/historiografija.hr\/index.php?rest_route=%2Fwp%2Fv2%2Fcategories&post=45602"},{"taxonomy":"post_tag","embeddable":true,"href":"https:\/\/historiografija.hr\/index.php?rest_route=%2Fwp%2Fv2%2Ftags&post=45602"}],"curies":[{"name":"wp","href":"https:\/\/api.w.org\/{rel}","templated":true}]}}