{"id":45598,"date":"2025-04-02T20:55:24","date_gmt":"2025-04-02T20:55:24","guid":{"rendered":"https:\/\/historiografija.hr\/?p=45598"},"modified":"2025-04-02T20:55:55","modified_gmt":"2025-04-02T20:55:55","slug":"stoljece-hrvatskog-stripa-mironovic-maks-i-maksic-produkcija-1925","status":"publish","type":"post","link":"https:\/\/historiografija.hr\/?p=45598","title":{"rendered":"Stolje\u0107e hrvatskog stripa: Mironovi\u0107, Maks i Maksi\u0107\u2026 produkcija 1925."},"content":{"rendered":"\n<p>Pu\u010dko otvoreno u\u010dili\u0161te Sveti Ivan Zelina s ponosom predstavlja izlo\u017ebu &#8220;Stoti ro\u0111endan prvog doma\u0107eg stripa \u2013 Maks i Maksi\u0107&#8221;. Otvorenje izlo\u017ebe odr\u017eat \u0107e se u subotu, 5. travnja 2025. u 19:00.<\/p>\n\n\n\n<p>Ova izlo\u017eba obilje\u017eava stotinu godina od prvog pojavljivanja stripa &#8220;Maks i Maksi\u0107&#8221; Sergeja Mironovi\u0107a, pionira hrvatskog stripa. Strip je prvi put objavljen 4. travnja 1925. u humoristi\u010dkom tjedniku &#8220;Koprive&#8221;, postav\u0161i nezaobilazan dio kulturne ba\u0161tine. Tijekom devet godina izla\u017eenja objavljeno je 456 epizoda, a &#8220;Maks i Maksi\u0107&#8221; su postali simbol vremena i prete\u010da modernog stripa u Hrvatskoj. Sergej Mironovi\u0107, talentirani karikaturist i ilustrator, ostavio je dubok trag u povijesti doma\u0107e devete umjetnosti.<\/p>\n\n\n\n<p>Izlo\u017eba pru\u017ea uvid u povijest stripa, prikazuju\u0107i izvorne table, ilustracije i kontekst u kojem su nastajale. Posjetitelji \u0107e mo\u0107i istra\u017eiti razvoj stripa kroz Mironovi\u0107eve radove i utjecaj koji je imao na generacije kasnijih autora. Postav izlo\u017ebe osmislio je Zlatko Grgi\u0107, dok je kustos Veljko Krul\u010di\u0107, stru\u010dnjak za povijest hrvatskog stripa. Galerija Kralu\u0161 postaje mjesto susreta ljubitelja stripa i kulturne ba\u0161tine, nude\u0107i jedinstvenu priliku za upoznavanje s korijenima hrvatske ilustrirane pri\u010de.<\/p>\n\n\n\n<p>Program je sufinanciran sredstvima Ministarstva kulture i medija Republike Hrvatske. Izlo\u017eba je namijenjena \u0161iroj publici \u2013 ljubiteljima stripa, povjesni\u010darima umjetnosti, ali i svima zainteresiranima za bogatu kulturnu pro\u0161lost. Ovo je prilika za bolje razumijevanje doma\u0107e stripovske tradicije i njenog mjesta u europskom kontekstu. Pozivamo sve zainteresirane da posjete izlo\u017ebu i upoznaju se s naslije\u0111em &#8220;Maksa i Maksi\u0107a&#8221;.<\/p>\n\n\n\n<p>Osim otvorenja izlo\u017ebe bit \u0107e predstavljena i prigodna knjiga.<\/p>\n\n\n\n<hr class=\"wp-block-separator has-alpha-channel-opacity\"\/>\n\n\n\n<p>Deplijan izlo\u017ebe:<\/p>\n\n\n\n<p><a href=\"https:\/\/www.pou-zelina.hr\/kultura\/galerija-kralus\/441-stoljece-hrvatskog-stripa-mironovic-maks-i-maksic-produkcija-1925\">https:\/\/www.pou-zelina.hr\/kultura\/galerija-kralus\/441-stoljece-hrvatskog-stripa-mironovic-maks-i-maksic-produkcija-1925<\/a><\/p>\n\n\n\n<hr class=\"wp-block-separator has-alpha-channel-opacity\"\/>\n","protected":false},"excerpt":{"rendered":"","protected":false},"author":2,"featured_media":45601,"comment_status":"open","ping_status":"open","sticky":false,"template":"","format":"standard","meta":{"_acf_changed":false,"jetpack_post_was_ever_published":false,"_jetpack_newsletter_access":"","_jetpack_dont_email_post_to_subs":false,"_jetpack_newsletter_tier_id":0,"_jetpack_memberships_contains_paywalled_content":false,"_jetpack_memberships_contains_paid_content":false,"footnotes":"","jetpack_publicize_message":"","jetpack_publicize_feature_enabled":true,"jetpack_social_post_already_shared":true,"jetpack_social_options":{"image_generator_settings":{"template":"highway","default_image_id":0,"font":"","enabled":false},"version":2}},"categories":[10,3],"tags":[],"class_list":["post-45598","post","type-post","status-publish","format-standard","has-post-thumbnail","hentry","category-izlozbe","category-novosti"],"acf":{"facebook_opis":""},"jetpack_publicize_connections":[],"jetpack_featured_media_url":"https:\/\/i0.wp.com\/historiografija.hr\/wp-content\/uploads\/2025\/04\/Stoljece_hrvatskog_stripa.jpeg?fit=1300%2C731&ssl=1","jetpack_sharing_enabled":true,"jetpack-related-posts":[],"_links":{"self":[{"href":"https:\/\/historiografija.hr\/index.php?rest_route=\/wp\/v2\/posts\/45598","targetHints":{"allow":["GET"]}}],"collection":[{"href":"https:\/\/historiografija.hr\/index.php?rest_route=\/wp\/v2\/posts"}],"about":[{"href":"https:\/\/historiografija.hr\/index.php?rest_route=\/wp\/v2\/types\/post"}],"author":[{"embeddable":true,"href":"https:\/\/historiografija.hr\/index.php?rest_route=\/wp\/v2\/users\/2"}],"replies":[{"embeddable":true,"href":"https:\/\/historiografija.hr\/index.php?rest_route=%2Fwp%2Fv2%2Fcomments&post=45598"}],"version-history":[{"count":1,"href":"https:\/\/historiografija.hr\/index.php?rest_route=\/wp\/v2\/posts\/45598\/revisions"}],"predecessor-version":[{"id":45600,"href":"https:\/\/historiografija.hr\/index.php?rest_route=\/wp\/v2\/posts\/45598\/revisions\/45600"}],"wp:featuredmedia":[{"embeddable":true,"href":"https:\/\/historiografija.hr\/index.php?rest_route=\/wp\/v2\/media\/45601"}],"wp:attachment":[{"href":"https:\/\/historiografija.hr\/index.php?rest_route=%2Fwp%2Fv2%2Fmedia&parent=45598"}],"wp:term":[{"taxonomy":"category","embeddable":true,"href":"https:\/\/historiografija.hr\/index.php?rest_route=%2Fwp%2Fv2%2Fcategories&post=45598"},{"taxonomy":"post_tag","embeddable":true,"href":"https:\/\/historiografija.hr\/index.php?rest_route=%2Fwp%2Fv2%2Ftags&post=45598"}],"curies":[{"name":"wp","href":"https:\/\/api.w.org\/{rel}","templated":true}]}}