{"id":45586,"date":"2025-04-01T22:14:34","date_gmt":"2025-04-01T22:14:34","guid":{"rendered":"https:\/\/historiografija.hr\/?p=45586"},"modified":"2025-04-01T22:14:34","modified_gmt":"2025-04-01T22:14:34","slug":"program-festivala-protiv-zaborava","status":"publish","type":"post","link":"https:\/\/historiografija.hr\/?p=45586","title":{"rendered":"Program Festivala &#8221;Protiv zaborava&#8221;"},"content":{"rendered":"\n<p>Program Festivala &#8221;Protiv zaborava&#8221; u ponedjeljak, 7. travnja 2025. u Zagrebu sadr\u017ei, izme\u0111u ostalog, panel \u201eKad se presude ne pamte: institucionalne politike naspram sudskih \u010dinjenica\u201c, prikaz dokumentarnog filma \u201eOjkanje na trome\u0111i\u201c, spomen-\u0161etnju Zagrebom te prikaz filma \u201eLora \u2013 Svjedo\u010danstva\u201c i raspravu.<\/p>\n\n\n\n<hr class=\"wp-block-separator has-alpha-channel-opacity\"\/>\n\n\n\n<p>Izvor i program:<\/p>\n\n\n\n<figure class=\"wp-block-embed is-type-wp-embed is-provider-documenta wp-block-embed-documenta\"><div class=\"wp-block-embed__wrapper\">\n<blockquote class=\"wp-embedded-content\" data-secret=\"72L84bZZhj\"><a href=\"https:\/\/documenta.hr\/novosti\/najava-koncerta-merima-kljuco-i-jelena-milusic-u-zagrebu\/\">Najava koncerta: Merima Klju\u010do i Jelena Milu\u0161i\u0107 u Zagrebu<\/a><\/blockquote><iframe loading=\"lazy\" class=\"wp-embedded-content\" sandbox=\"allow-scripts\" security=\"restricted\" style=\"position: absolute; visibility: hidden;\" title=\"&#8220;Najava koncerta: Merima Klju\u010do i Jelena Milu\u0161i\u0107 u Zagrebu&#8221; &#8212; Documenta\" src=\"https:\/\/documenta.hr\/novosti\/najava-koncerta-merima-kljuco-i-jelena-milusic-u-zagrebu\/embed\/#?secret=72L84bZZhj\" data-secret=\"72L84bZZhj\" width=\"600\" height=\"338\" frameborder=\"0\" marginwidth=\"0\" marginheight=\"0\" scrolling=\"no\"><\/iframe>\n<\/div><\/figure>\n\n\n\n<figure class=\"wp-block-embed is-type-rich is-provider-upravlja-ki-sklop-ugradbenog-koda wp-block-embed-upravlja-ki-sklop-ugradbenog-koda\"><div class=\"wp-block-embed__wrapper\">\n<p><a href=\"https:\/\/documenta.hr\/wp-content\/uploads\/2025\/03\/Festival-Protiv-zaborava-program.pdf\" target=\"_blank\" rel=\"noopener noreferrer nofollow\">Click to access Festival-Protiv-zaborava-program.pdf<\/a><\/p>\n<\/div><\/figure>\n\n\n\n<hr class=\"wp-block-separator has-alpha-channel-opacity\"\/>\n","protected":false},"excerpt":{"rendered":"","protected":false},"author":2,"featured_media":45587,"comment_status":"open","ping_status":"open","sticky":false,"template":"","format":"standard","meta":{"_acf_changed":false,"jetpack_post_was_ever_published":false,"_jetpack_newsletter_access":"","_jetpack_dont_email_post_to_subs":false,"_jetpack_newsletter_tier_id":0,"_jetpack_memberships_contains_paywalled_content":false,"_jetpack_memberships_contains_paid_content":false,"footnotes":"","jetpack_publicize_message":"","jetpack_publicize_feature_enabled":true,"jetpack_social_post_already_shared":true,"jetpack_social_options":{"image_generator_settings":{"template":"highway","default_image_id":0,"font":"","enabled":false},"version":2}},"categories":[13,3],"tags":[],"class_list":["post-45586","post","type-post","status-publish","format-standard","has-post-thumbnail","hentry","category-filmovi-i-serije","category-novosti"],"acf":{"facebook_opis":""},"jetpack_publicize_connections":[],"jetpack_featured_media_url":"https:\/\/i0.wp.com\/historiografija.hr\/wp-content\/uploads\/2025\/04\/Protiv-zaborava.png?fit=2048%2C440&ssl=1","jetpack_sharing_enabled":true,"jetpack-related-posts":[],"_links":{"self":[{"href":"https:\/\/historiografija.hr\/index.php?rest_route=\/wp\/v2\/posts\/45586","targetHints":{"allow":["GET"]}}],"collection":[{"href":"https:\/\/historiografija.hr\/index.php?rest_route=\/wp\/v2\/posts"}],"about":[{"href":"https:\/\/historiografija.hr\/index.php?rest_route=\/wp\/v2\/types\/post"}],"author":[{"embeddable":true,"href":"https:\/\/historiografija.hr\/index.php?rest_route=\/wp\/v2\/users\/2"}],"replies":[{"embeddable":true,"href":"https:\/\/historiografija.hr\/index.php?rest_route=%2Fwp%2Fv2%2Fcomments&post=45586"}],"version-history":[{"count":1,"href":"https:\/\/historiografija.hr\/index.php?rest_route=\/wp\/v2\/posts\/45586\/revisions"}],"predecessor-version":[{"id":45588,"href":"https:\/\/historiografija.hr\/index.php?rest_route=\/wp\/v2\/posts\/45586\/revisions\/45588"}],"wp:featuredmedia":[{"embeddable":true,"href":"https:\/\/historiografija.hr\/index.php?rest_route=\/wp\/v2\/media\/45587"}],"wp:attachment":[{"href":"https:\/\/historiografija.hr\/index.php?rest_route=%2Fwp%2Fv2%2Fmedia&parent=45586"}],"wp:term":[{"taxonomy":"category","embeddable":true,"href":"https:\/\/historiografija.hr\/index.php?rest_route=%2Fwp%2Fv2%2Fcategories&post=45586"},{"taxonomy":"post_tag","embeddable":true,"href":"https:\/\/historiografija.hr\/index.php?rest_route=%2Fwp%2Fv2%2Ftags&post=45586"}],"curies":[{"name":"wp","href":"https:\/\/api.w.org\/{rel}","templated":true}]}}