{"id":45583,"date":"2025-04-01T21:55:46","date_gmt":"2025-04-01T21:55:46","guid":{"rendered":"https:\/\/historiografija.hr\/?p=45583"},"modified":"2025-04-10T17:45:01","modified_gmt":"2025-04-10T17:45:01","slug":"p-fakti-je-li-hrvatsku-himnu-uglazbio-josip-ili-josif-runjanin","status":"publish","type":"post","link":"https:\/\/historiografija.hr\/?p=45583","title":{"rendered":"P-fakti: Je li hrvatsku himnu uglazbio Josip ili Josif Runjanin?"},"content":{"rendered":"\n<p>Na portalu P-fakti objavljen je 31. o\u017eujka 2025. prilog Leona \u0106evani\u0107a \u201eJe li hrvatsku himnu uglazbio Josip ili Josif Runjanin?\u201c<\/p>\n\n\n\n<p>Prilog je dostupan na sljede\u0107oj poveznici:<\/p>\n\n\n\n<figure class=\"wp-block-embed is-type-wp-embed is-provider-p-portal wp-block-embed-p-portal\"><div class=\"wp-block-embed__wrapper\">\n<blockquote class=\"wp-embedded-content\" data-secret=\"KP8vbsMObX\"><a href=\"https:\/\/p-portal.net\/je-li-hrvatsku-himnu-uglazbio-josip-ili-josif-runjanin-2\">Je li hrvatsku himnu uglazbio Josip ili Josif Runjanin?<\/a><\/blockquote><iframe loading=\"lazy\" class=\"wp-embedded-content\" sandbox=\"allow-scripts\" security=\"restricted\" style=\"position: absolute; visibility: hidden;\" title=\"&#8220;Je li hrvatsku himnu uglazbio Josip ili Josif Runjanin?&#8221; &#8212; P-portal\" src=\"https:\/\/p-portal.net\/je-li-hrvatsku-himnu-uglazbio-josip-ili-josif-runjanin-2\/embed#?secret=YDLlQn59mR#?secret=KP8vbsMObX\" data-secret=\"KP8vbsMObX\" width=\"600\" height=\"338\" frameborder=\"0\" marginwidth=\"0\" marginheight=\"0\" scrolling=\"no\"><\/iframe>\n<\/div><\/figure>\n\n\n\n<hr class=\"wp-block-separator has-alpha-channel-opacity\"\/>\n\n\n\n<p>Prethodni prilozi dostupni su na sljede\u0107oj poveznici:<\/p>\n\n\n\n<p><a href=\"https:\/\/p-portal.net\/category\/p-fakti\/fact-check\">https:\/\/p-portal.net\/category\/p-fakti\/fact-check<\/a><\/p>\n\n\n\n<hr class=\"wp-block-separator has-alpha-channel-opacity\"\/>\n\n\n\n<p>Op\u0161irnije o portalu:<\/p>\n\n\n\n<figure class=\"wp-block-embed is-type-wp-embed is-provider-p-portal wp-block-embed-p-portal\"><div class=\"wp-block-embed__wrapper\">\n<blockquote class=\"wp-embedded-content\" data-secret=\"hc9FRwD5V6\"><a href=\"https:\/\/p-portal.net\/fakti\/o-nama-p-fakti\">O nama (P-fakti)<\/a><\/blockquote><iframe loading=\"lazy\" class=\"wp-embedded-content\" sandbox=\"allow-scripts\" security=\"restricted\" style=\"position: absolute; visibility: hidden;\" title=\"&#8220;O nama (P-fakti)&#8221; &#8212; P-portal\" src=\"https:\/\/p-portal.net\/fakti\/o-nama-p-fakti\/embed#?secret=71H9MD7yp0#?secret=hc9FRwD5V6\" data-secret=\"hc9FRwD5V6\" width=\"600\" height=\"338\" frameborder=\"0\" marginwidth=\"0\" marginheight=\"0\" scrolling=\"no\"><\/iframe>\n<\/div><\/figure>\n\n\n\n<hr class=\"wp-block-separator has-alpha-channel-opacity\"\/>\n\n\n\n<p>Polemi\u010dke reakcije:<\/p>\n\n\n\n<figure class=\"wp-block-embed is-type-wp-embed is-provider-misao-hr wp-block-embed-misao-hr\"><div class=\"wp-block-embed__wrapper\">\n<blockquote class=\"wp-embedded-content\" data-secret=\"VuENTlXR06\"><a href=\"https:\/\/misao.hr\/2025\/04\/09\/kad-fact-checkeri-ispravljaju-povijesne-cinjenice-o-hrvatskom-jeziku-bascanskoj-ploci-i-josipu-runjaninu\/\">Kad fact checkeri ispravljaju \u010dinjenice o  Ba\u0161\u0107anskoj plo\u010di; \u0161to ka\u017ee prof. T. Galovi\u0107?<\/a><\/blockquote><iframe loading=\"lazy\" class=\"wp-embedded-content\" sandbox=\"allow-scripts\" security=\"restricted\" style=\"position: absolute; visibility: hidden;\" title=\"&#8220;Kad fact checkeri ispravljaju \u010dinjenice o  Ba\u0161\u0107anskoj plo\u010di; \u0161to ka\u017ee prof. T. Galovi\u0107?&#8221; &#8212; Misao.hr\" src=\"https:\/\/misao.hr\/2025\/04\/09\/kad-fact-checkeri-ispravljaju-povijesne-cinjenice-o-hrvatskom-jeziku-bascanskoj-ploci-i-josipu-runjaninu\/embed\/#?secret=XF3vOju4hR#?secret=VuENTlXR06\" data-secret=\"VuENTlXR06\" width=\"600\" height=\"338\" frameborder=\"0\" marginwidth=\"0\" marginheight=\"0\" scrolling=\"no\"><\/iframe>\n<\/div><\/figure>\n\n\n\n<hr class=\"wp-block-separator has-alpha-channel-opacity\"\/>\n","protected":false},"excerpt":{"rendered":"","protected":false},"author":2,"featured_media":45584,"comment_status":"open","ping_status":"open","sticky":false,"template":"","format":"standard","meta":{"_acf_changed":false,"jetpack_post_was_ever_published":false,"_jetpack_newsletter_access":"","_jetpack_dont_email_post_to_subs":false,"_jetpack_newsletter_tier_id":0,"_jetpack_memberships_contains_paywalled_content":false,"_jetpack_memberships_contains_paid_content":false,"footnotes":"","jetpack_publicize_message":"","jetpack_publicize_feature_enabled":true,"jetpack_social_post_already_shared":true,"jetpack_social_options":{"image_generator_settings":{"template":"highway","default_image_id":0,"font":"","enabled":false},"version":2}},"categories":[3],"tags":[],"class_list":["post-45583","post","type-post","status-publish","format-standard","has-post-thumbnail","hentry","category-novosti"],"acf":{"facebook_opis":""},"jetpack_publicize_connections":[],"jetpack_featured_media_url":"https:\/\/i0.wp.com\/historiografija.hr\/wp-content\/uploads\/2025\/04\/logo-fakti.png?fit=800%2C389&ssl=1","jetpack_sharing_enabled":true,"jetpack-related-posts":[],"_links":{"self":[{"href":"https:\/\/historiografija.hr\/index.php?rest_route=\/wp\/v2\/posts\/45583","targetHints":{"allow":["GET"]}}],"collection":[{"href":"https:\/\/historiografija.hr\/index.php?rest_route=\/wp\/v2\/posts"}],"about":[{"href":"https:\/\/historiografija.hr\/index.php?rest_route=\/wp\/v2\/types\/post"}],"author":[{"embeddable":true,"href":"https:\/\/historiografija.hr\/index.php?rest_route=\/wp\/v2\/users\/2"}],"replies":[{"embeddable":true,"href":"https:\/\/historiografija.hr\/index.php?rest_route=%2Fwp%2Fv2%2Fcomments&post=45583"}],"version-history":[{"count":2,"href":"https:\/\/historiografija.hr\/index.php?rest_route=\/wp\/v2\/posts\/45583\/revisions"}],"predecessor-version":[{"id":45803,"href":"https:\/\/historiografija.hr\/index.php?rest_route=\/wp\/v2\/posts\/45583\/revisions\/45803"}],"wp:featuredmedia":[{"embeddable":true,"href":"https:\/\/historiografija.hr\/index.php?rest_route=\/wp\/v2\/media\/45584"}],"wp:attachment":[{"href":"https:\/\/historiografija.hr\/index.php?rest_route=%2Fwp%2Fv2%2Fmedia&parent=45583"}],"wp:term":[{"taxonomy":"category","embeddable":true,"href":"https:\/\/historiografija.hr\/index.php?rest_route=%2Fwp%2Fv2%2Fcategories&post=45583"},{"taxonomy":"post_tag","embeddable":true,"href":"https:\/\/historiografija.hr\/index.php?rest_route=%2Fwp%2Fv2%2Ftags&post=45583"}],"curies":[{"name":"wp","href":"https:\/\/api.w.org\/{rel}","templated":true}]}}