{"id":45580,"date":"2025-04-01T21:44:02","date_gmt":"2025-04-01T21:44:02","guid":{"rendered":"https:\/\/historiografija.hr\/?p=45580"},"modified":"2025-04-01T21:44:02","modified_gmt":"2025-04-01T21:44:02","slug":"izlozba-glas-jovanke-broz-u-zagrebackom-skc-u","status":"publish","type":"post","link":"https:\/\/historiografija.hr\/?p=45580","title":{"rendered":"Izlo\u017eba \u2018Glas Jovanke Broz\u2019 u zagreba\u010dkom SKC-u"},"content":{"rendered":"\n<p>Srpsko narodno vije\u0107e i Fondacija Jovanka Broz iz Beograda najavljuju otvaranje izlo\u017ebe \u2018Glas Jovanke Broz\u2019, u Srpskom kulturnom centru u Preradovi\u0107evoj 21 u Zagrebu. Izlo\u017eba \u0107e biti otvorena u utorak, 8. travnja 2025. u 18 sati i trajat \u0107e do srijede, 30. travnja 2025.<\/p>\n\n\n\n<p>Jovanka Broz (1924 \u2014 2013) bila je partizanka, prva dama Jugoslavije, a nakon sredine sedamdesetih godina 20. stolje\u0107a \u017eivjela je u nekoj vrsti izolacije. Premda je poznat njen lik i javna uloga, vrlo su rijetki glasovni zapisi u kojima se \u010duje njen glas. Ova izlo\u017eba vra\u0107a glas, ali i \u2018pravo glasa\u2019 Jovanki Broz. Uz izlo\u017ebu, Vida TV \u0107e 9. travnja objaviti dosad nevi\u0111en intervju s Jovankom Broz kojeg je izme\u0111u 2010. i 2012. u video-obliku snimio ugledni novinar i diplomat Dragan Biseni\u0107. Bit \u0107e objavljen izvadak od oko 100 minuta iz vi\u0161e razgovora koje je g. Biseni\u0107 vodio s Jovankom Broz.<\/p>\n\n\n\n<p>Ovom izlo\u017ebom, SNV i njegovi partneri obilje\u017eavaju \u017eivot jedne va\u017ene Srpkinje iz Hrvatske, a u povodu 80-godi\u0161njice zavr\u0161etka Drugog svjetskog rata, te nedugo nakon 100-godi\u0161njice ro\u0111enja Jovanke Broz. Eksponati koji \u0107e biti izlo\u017eeni uklju\u010duju njene osobne stvari (haljine, torbe, \u0161injel), osobne dokumente, fotografije, kao i brojne artefakte iz bogatog arhivskog gradiva koji se nalazi u posjedu Fondacije Jovanka Broz, Arhiva Jugoslavije, Muzeja Jugoslavije i u novinskim i televizijskim arhivama kao \u0161to su Filmske novosti, Radio-televizija Srbije i GFC Produkcija. Izlo\u017eba je stoga jedinstvena prilika da se i u Zagrebu predstavi ne samo \u017eivot ove poznate antifa\u0161istkinje, partizanke i globalno poznate ikone iz doba Hladnog rata, nego i da se organiziraju tribine, razgovori i diskusije o pojedinim temama koje su povezane s njenim \u017eivotom i djelom. Izlo\u017eba je sastavni dio programskih aktivnosti Arhiva Srba u Hrvatskoj.<br>Izlo\u017eba je organizirana uz podr\u0161ku Ureda za ljudska prava i prava nacionalnih manjina Vlade Republike Hrvatske.<\/p>\n\n\n\n<p>Kustosica izlo\u017ebe je povjesni\u010darka umjetnosti Davorka Peri\u0107, a stru\u010dni konzultant profesor politi\u010dkih znanosti Dejan Jovi\u0107. Dizajn potpisuje Parabureau.<\/p>\n\n\n\n<hr class=\"wp-block-separator has-alpha-channel-opacity\"\/>\n\n\n\n<p>Izvor:<\/p>\n\n\n\n<figure class=\"wp-block-embed is-type-wp-embed is-provider-srpsko-narodno-vije-e-snv wp-block-embed-srpsko-narodno-vije-e-snv\"><div class=\"wp-block-embed__wrapper\">\n<blockquote class=\"wp-embedded-content\" data-secret=\"tKnVwjrz8l\"><a href=\"https:\/\/snv.hr\/izlozba-glas-jovanke-broz-u-zagrebackom-skc-u\/\">Izlo\u017eba &#8216;Glas Jovanke Broz&#8217; u zagreba\u010dkom SKC-u<\/a><\/blockquote><iframe loading=\"lazy\" class=\"wp-embedded-content\" sandbox=\"allow-scripts\" security=\"restricted\" style=\"position: absolute; visibility: hidden;\" title=\"&#8220;Izlo\u017eba &#8216;Glas Jovanke Broz&#8217; u zagreba\u010dkom SKC-u&#8221; &#8212; Srpsko Narodno Vije\u0107e - SNV\" src=\"https:\/\/snv.hr\/izlozba-glas-jovanke-broz-u-zagrebackom-skc-u\/embed\/#?secret=WmesPeQFba#?secret=tKnVwjrz8l\" data-secret=\"tKnVwjrz8l\" width=\"600\" height=\"338\" frameborder=\"0\" marginwidth=\"0\" marginheight=\"0\" scrolling=\"no\"><\/iframe>\n<\/div><\/figure>\n\n\n\n<hr class=\"wp-block-separator has-alpha-channel-opacity\"\/>\n","protected":false},"excerpt":{"rendered":"","protected":false},"author":2,"featured_media":45581,"comment_status":"open","ping_status":"open","sticky":false,"template":"","format":"standard","meta":{"_acf_changed":false,"jetpack_post_was_ever_published":false,"_jetpack_newsletter_access":"","_jetpack_dont_email_post_to_subs":false,"_jetpack_newsletter_tier_id":0,"_jetpack_memberships_contains_paywalled_content":false,"_jetpack_memberships_contains_paid_content":false,"footnotes":"","jetpack_publicize_message":"","jetpack_publicize_feature_enabled":true,"jetpack_social_post_already_shared":true,"jetpack_social_options":{"image_generator_settings":{"template":"highway","default_image_id":0,"font":"","enabled":false},"version":2}},"categories":[10,3],"tags":[],"class_list":["post-45580","post","type-post","status-publish","format-standard","has-post-thumbnail","hentry","category-izlozbe","category-novosti"],"acf":{"facebook_opis":""},"jetpack_publicize_connections":[],"jetpack_featured_media_url":"https:\/\/i0.wp.com\/historiografija.hr\/wp-content\/uploads\/2025\/04\/Glas_Jovanke_Broz.jpg?fit=1024%2C640&ssl=1","jetpack_sharing_enabled":true,"jetpack-related-posts":[],"_links":{"self":[{"href":"https:\/\/historiografija.hr\/index.php?rest_route=\/wp\/v2\/posts\/45580","targetHints":{"allow":["GET"]}}],"collection":[{"href":"https:\/\/historiografija.hr\/index.php?rest_route=\/wp\/v2\/posts"}],"about":[{"href":"https:\/\/historiografija.hr\/index.php?rest_route=\/wp\/v2\/types\/post"}],"author":[{"embeddable":true,"href":"https:\/\/historiografija.hr\/index.php?rest_route=\/wp\/v2\/users\/2"}],"replies":[{"embeddable":true,"href":"https:\/\/historiografija.hr\/index.php?rest_route=%2Fwp%2Fv2%2Fcomments&post=45580"}],"version-history":[{"count":1,"href":"https:\/\/historiografija.hr\/index.php?rest_route=\/wp\/v2\/posts\/45580\/revisions"}],"predecessor-version":[{"id":45582,"href":"https:\/\/historiografija.hr\/index.php?rest_route=\/wp\/v2\/posts\/45580\/revisions\/45582"}],"wp:featuredmedia":[{"embeddable":true,"href":"https:\/\/historiografija.hr\/index.php?rest_route=\/wp\/v2\/media\/45581"}],"wp:attachment":[{"href":"https:\/\/historiografija.hr\/index.php?rest_route=%2Fwp%2Fv2%2Fmedia&parent=45580"}],"wp:term":[{"taxonomy":"category","embeddable":true,"href":"https:\/\/historiografija.hr\/index.php?rest_route=%2Fwp%2Fv2%2Fcategories&post=45580"},{"taxonomy":"post_tag","embeddable":true,"href":"https:\/\/historiografija.hr\/index.php?rest_route=%2Fwp%2Fv2%2Ftags&post=45580"}],"curies":[{"name":"wp","href":"https:\/\/api.w.org\/{rel}","templated":true}]}}