{"id":45577,"date":"2025-04-01T21:32:37","date_gmt":"2025-04-01T21:32:37","guid":{"rendered":"https:\/\/historiografija.hr\/?p=45577"},"modified":"2025-04-01T21:32:37","modified_gmt":"2025-04-01T21:32:37","slug":"predstavljanje-knjige-erica-usica-zidovi-pamte-vizualna-etnografija-politickih-grafita-iz-drugog-svjetskog-rata-i-poraca-u-istri-u-pazinu","status":"publish","type":"post","link":"https:\/\/historiografija.hr\/?p=45577","title":{"rendered":"Predstavljanje knjige Erica U\u0161i\u0107a \u201eZidovi pamte: vizualna etnografija politi\u010dkih grafita iz Drugog svjetskog rata i pora\u0107a u Istri\u201c u Pazinu"},"content":{"rendered":"\n<p>Etnografski muzej Istre i Muzej grada Pazina najavljuju novi proljetni ciklus programa \u010cetvrtkom u muzeju koji \u0107e se odr\u017eavati od 27. o\u017eujka do 05. lipnja 2025.<\/p>\n\n\n\n<p>U sklopu \u010cetvrtka u muzeju dana 3. travnja 2025, s po\u010detkom u 18 sati, u Muzeju grada Pazina odr\u017eat \u0107e se predstavljanje knjige Erica U\u0161i\u0107a &#8220;Zidovi pamte: vizualna etnografija politi\u010dkih grafita iz Drugog svjetskog rata i pora\u0107a u Istri&#8221;.<\/p>\n\n\n\n<p>Knjigu \u0107e predstaviti autor Eric U\u0161i\u0107 i Damir Agi\u010di\u0107, u ime nakladnika.<\/p>\n\n\n\n<hr class=\"wp-block-separator has-alpha-channel-opacity\"\/>\n","protected":false},"excerpt":{"rendered":"","protected":false},"author":2,"featured_media":45578,"comment_status":"open","ping_status":"open","sticky":false,"template":"","format":"standard","meta":{"_acf_changed":false,"jetpack_post_was_ever_published":false,"_jetpack_newsletter_access":"","_jetpack_dont_email_post_to_subs":false,"_jetpack_newsletter_tier_id":0,"_jetpack_memberships_contains_paywalled_content":false,"_jetpack_memberships_contains_paid_content":false,"footnotes":"","jetpack_publicize_message":"","jetpack_publicize_feature_enabled":true,"jetpack_social_post_already_shared":true,"jetpack_social_options":{"image_generator_settings":{"template":"highway","default_image_id":0,"font":"","enabled":false},"version":2}},"categories":[3],"tags":[],"class_list":["post-45577","post","type-post","status-publish","format-standard","has-post-thumbnail","hentry","category-novosti"],"acf":{"facebook_opis":""},"jetpack_publicize_connections":[],"jetpack_featured_media_url":"https:\/\/i0.wp.com\/historiografija.hr\/wp-content\/uploads\/2025\/04\/Predstavljanje_knjige_Erica_Usica_Zidovi_pamte.jpg?fit=800%2C615&ssl=1","jetpack_sharing_enabled":true,"jetpack-related-posts":[],"_links":{"self":[{"href":"https:\/\/historiografija.hr\/index.php?rest_route=\/wp\/v2\/posts\/45577","targetHints":{"allow":["GET"]}}],"collection":[{"href":"https:\/\/historiografija.hr\/index.php?rest_route=\/wp\/v2\/posts"}],"about":[{"href":"https:\/\/historiografija.hr\/index.php?rest_route=\/wp\/v2\/types\/post"}],"author":[{"embeddable":true,"href":"https:\/\/historiografija.hr\/index.php?rest_route=\/wp\/v2\/users\/2"}],"replies":[{"embeddable":true,"href":"https:\/\/historiografija.hr\/index.php?rest_route=%2Fwp%2Fv2%2Fcomments&post=45577"}],"version-history":[{"count":1,"href":"https:\/\/historiografija.hr\/index.php?rest_route=\/wp\/v2\/posts\/45577\/revisions"}],"predecessor-version":[{"id":45579,"href":"https:\/\/historiografija.hr\/index.php?rest_route=\/wp\/v2\/posts\/45577\/revisions\/45579"}],"wp:featuredmedia":[{"embeddable":true,"href":"https:\/\/historiografija.hr\/index.php?rest_route=\/wp\/v2\/media\/45578"}],"wp:attachment":[{"href":"https:\/\/historiografija.hr\/index.php?rest_route=%2Fwp%2Fv2%2Fmedia&parent=45577"}],"wp:term":[{"taxonomy":"category","embeddable":true,"href":"https:\/\/historiografija.hr\/index.php?rest_route=%2Fwp%2Fv2%2Fcategories&post=45577"},{"taxonomy":"post_tag","embeddable":true,"href":"https:\/\/historiografija.hr\/index.php?rest_route=%2Fwp%2Fv2%2Ftags&post=45577"}],"curies":[{"name":"wp","href":"https:\/\/api.w.org\/{rel}","templated":true}]}}