{"id":45574,"date":"2025-03-31T22:34:15","date_gmt":"2025-03-31T22:34:15","guid":{"rendered":"https:\/\/historiografija.hr\/?p=45574"},"modified":"2025-03-31T22:34:15","modified_gmt":"2025-03-31T22:34:15","slug":"milan-igrutinovic-jugoslovensko-americki-ekonomski-odnosi-1945-1971","status":"publish","type":"post","link":"https:\/\/historiografija.hr\/?p=45574","title":{"rendered":"Milan Igrutinovi\u0107, \u201eJugoslovensko-ameri\u010dki ekonomski odnosi 1945-1971.\u201c"},"content":{"rendered":"\n<p>Istoriografska studija o ekonomskim odnosima Jugoslavije i Sjedinjenih Ameri\u010dkih Dr\u017eava izme\u0111u 1945. i 1971. godine.<\/p>\n\n\n\n<p>Polaze\u0107i od istorijskog i politi\u010dkog konteksta ovih odnosa, obele\u017eenih situacijom posle Drugog svetskog rata, blokovskom podelom sveta, Hladnim ratom, sukobom Jugoslavije i SSSR, studija se usredsre\u0111uje na programe ekonomske pomo\u0107i koje je Jugoslavija primala od po\u010detka pedesetih godina.<\/p>\n\n\n\n<p>Igrutinovi\u0107 pokazuje kako na ekonomske odnose zemalja presudno uti\u010du politi\u010dke okolnosti.<\/p>\n\n\n\n<p>Otuda je ova knjiga va\u017eno svedo\u010danstvo o spoju ekonomije i politike, kao i o njihovim uzajamnim i povratnim vezama u dinami\u010dnom okru\u017eenju Hladnog rata.<\/p>\n\n\n\n<hr class=\"wp-block-separator has-alpha-channel-opacity\"\/>\n\n\n\n<p><strong>Milan Igrutinovi\u0107<\/strong> (\u0160abac, 1981), doktor istorijskih nauka (Univerziteta u Beogradu), nau\u010dni saradnik Instituta za evropske studije u Beogradu.<br>Njegova istra\u017eivanja su vezana za teme politika spoljnih poslova, bezbednosti i odbrane Evropske unije i Srbije, te istorije Jugoslavije. Njegove nedavne publikacije pokrivaju teme teorije strate\u0161ke kulture s posebnim osvrtom na savremenu Srbiju, i razvoja spoljne politike i odbrane Evropske unije, kako u institucionalnom tako i prakti\u010dnom smislu. Istoriografske teme koje obra\u0111uje vezane su za spoljne odnose socijalisti\u010dke Jugoslavije sa SAD i Evropskom ekonomskom zajednicom. Njegov teku\u0107i istra\u017eiva\u010dki fokus je na ulozi strate\u0161kih narativa u vo\u0111enju spoljne politike i na integraciji Zapadnog Balkana u Evropsku uniju.<br>Glavni je urednik <em>Srpske revije za evropske studije<\/em> (od 2022) i \u010dlan uredni\u0161tva \u010dasopisa <em>Me\u0111unarodni problemi<\/em> (od 2019).<br>Objavio je knjigu <em>Izbegli\u0161tvo u u\u010dionici: srpski studenti i \u0111aci u Velikoj Britaniji za vreme Prvog svetskog rata<\/em> (koautor s Dejanom Zecom, Filipom Baljkasom i Milo\u0161em Paunovi\u0107em, 2016).<br>Uredio je zbornike: <em>\u041ariza Evropske unije: okviri, dometi, trendovi<\/em> (sa Aleksandrom Gaji\u0107em, 2013), <em>Zajedni\u010dka spoljna i bezbednosna politika Evropske unije: aktuelni izazovi<\/em> (s Mi\u0161om \u0110urkovi\u0107em, 2016), <em>Tri scenarija odnosa Srbije i \u041aosova i bezbednost Jugoisto\u010dne Evrope<\/em> (s Jasnom Filipovi\u0107, 2019), <em>Jugoslavija i Evropska zajednica 1957-1992: zbornik dokumenata<\/em> (2020).<br>Objavio je ve\u0107i broj radovi u doma\u0107im i me\u0111unarodnim \u010dasopisima i zbornicima. U\u010destvovao je na vi\u0161e nau\u010dnih konferencija u zemlji i inostranstvu.<br>\u017divi u Beogradu.<\/p>\n\n\n\n<hr class=\"wp-block-separator has-alpha-channel-opacity\"\/>\n\n\n\n<p>Izvor:<\/p>\n\n\n\n<figure class=\"wp-block-embed is-type-wp-embed is-provider-arhipelag wp-block-embed-arhipelag\"><div class=\"wp-block-embed__wrapper\">\n<blockquote class=\"wp-embedded-content\" data-secret=\"epbnHHy9RG\"><a href=\"https:\/\/www.arhipelag.rs\/knjige\/jugoslovensko-americki-ekonomski-odnosi-1945-1971\/\">Jugoslovensko-ameri\u010dki ekonomski odnosi 1945-1971.<\/a><\/blockquote><iframe loading=\"lazy\" class=\"wp-embedded-content\" sandbox=\"allow-scripts\" security=\"restricted\" style=\"position: absolute; visibility: hidden;\" title=\"&#8220;Jugoslovensko-ameri\u010dki ekonomski odnosi 1945-1971.&#8221; &#8212; Arhipelag\" src=\"https:\/\/www.arhipelag.rs\/knjige\/jugoslovensko-americki-ekonomski-odnosi-1945-1971\/embed\/#?secret=LnWP8Hdwto#?secret=epbnHHy9RG\" data-secret=\"epbnHHy9RG\" width=\"600\" height=\"338\" frameborder=\"0\" marginwidth=\"0\" marginheight=\"0\" scrolling=\"no\"><\/iframe>\n<\/div><\/figure>\n\n\n\n<hr class=\"wp-block-separator has-alpha-channel-opacity\"\/>\n","protected":false},"excerpt":{"rendered":"","protected":false},"author":2,"featured_media":45575,"comment_status":"open","ping_status":"open","sticky":false,"template":"","format":"standard","meta":{"_acf_changed":false,"jetpack_post_was_ever_published":false,"_jetpack_newsletter_access":"","_jetpack_dont_email_post_to_subs":false,"_jetpack_newsletter_tier_id":0,"_jetpack_memberships_contains_paywalled_content":false,"_jetpack_memberships_contains_paid_content":false,"footnotes":"","jetpack_publicize_message":"","jetpack_publicize_feature_enabled":true,"jetpack_social_post_already_shared":true,"jetpack_social_options":{"image_generator_settings":{"template":"highway","default_image_id":0,"font":"","enabled":false},"version":2}},"categories":[8,3],"tags":[],"class_list":["post-45574","post","type-post","status-publish","format-standard","has-post-thumbnail","hentry","category-knjige","category-novosti"],"acf":{"facebook_opis":""},"jetpack_publicize_connections":[],"jetpack_featured_media_url":"https:\/\/i0.wp.com\/historiografija.hr\/wp-content\/uploads\/2025\/03\/Igrutinovic.jpg?fit=403%2C600&ssl=1","jetpack_sharing_enabled":true,"jetpack-related-posts":[],"_links":{"self":[{"href":"https:\/\/historiografija.hr\/index.php?rest_route=\/wp\/v2\/posts\/45574","targetHints":{"allow":["GET"]}}],"collection":[{"href":"https:\/\/historiografija.hr\/index.php?rest_route=\/wp\/v2\/posts"}],"about":[{"href":"https:\/\/historiografija.hr\/index.php?rest_route=\/wp\/v2\/types\/post"}],"author":[{"embeddable":true,"href":"https:\/\/historiografija.hr\/index.php?rest_route=\/wp\/v2\/users\/2"}],"replies":[{"embeddable":true,"href":"https:\/\/historiografija.hr\/index.php?rest_route=%2Fwp%2Fv2%2Fcomments&post=45574"}],"version-history":[{"count":1,"href":"https:\/\/historiografija.hr\/index.php?rest_route=\/wp\/v2\/posts\/45574\/revisions"}],"predecessor-version":[{"id":45576,"href":"https:\/\/historiografija.hr\/index.php?rest_route=\/wp\/v2\/posts\/45574\/revisions\/45576"}],"wp:featuredmedia":[{"embeddable":true,"href":"https:\/\/historiografija.hr\/index.php?rest_route=\/wp\/v2\/media\/45575"}],"wp:attachment":[{"href":"https:\/\/historiografija.hr\/index.php?rest_route=%2Fwp%2Fv2%2Fmedia&parent=45574"}],"wp:term":[{"taxonomy":"category","embeddable":true,"href":"https:\/\/historiografija.hr\/index.php?rest_route=%2Fwp%2Fv2%2Fcategories&post=45574"},{"taxonomy":"post_tag","embeddable":true,"href":"https:\/\/historiografija.hr\/index.php?rest_route=%2Fwp%2Fv2%2Ftags&post=45574"}],"curies":[{"name":"wp","href":"https:\/\/api.w.org\/{rel}","templated":true}]}}